{"id":10367,"date":"2020-07-22T17:26:29","date_gmt":"2020-07-22T15:26:29","guid":{"rendered":"http:\/\/www.brige.ch\/?p=10367"},"modified":"2024-10-26T09:45:43","modified_gmt":"2024-10-26T07:45:43","slug":"salzalpensteig-tag-15-von-gosau-nach-bad-goisern","status":"publish","type":"post","link":"https:\/\/www.brige.ch\/?p=10367","title":{"rendered":"Salzalpensteig Tag 15: von Gosau nach Bad Goisern"},"content":{"rendered":"\n<p>Als wir gestern Abend im Hotelzimmer \u00abZeit im Bild\u00bb schauten, fing es an heftig zu gewittern, und kurze Zeit sp\u00e4ter verabschiedete sich der Fernsehempfang komplett. So etwas habe ich auch ewig nicht erlebt!<\/p>\n\n\n\n<p>Als wir heute Morgen um sieben Uhr aufstehen, regnet es in Str\u00f6men, aber als wir um halb neun Uhr losmarschieren, ist es trocken. Auf dem Niederschlagsradar sieht man jedoch, dass noch weitere kleine Regenpakete im Anmarsch sind, deshalb ziehe ich gleich die Regenhose an.<\/p>\n\n\n\n<p>Heute steht unser letzter Aufstieg bevor. Unser Weg f\u00fchrt \u00fcber den knapp 1&#8217;600 Meter hohen Pass zwischen dem Sonnenwendkogel und dem Hoch-Kalmberg vom Gosautal ins Tal des Hallst\u00e4tter Sees. Dort oben steht die <a rel=\"noreferrer noopener\" href=\"https:\/\/www.goisererhuette.at\/\" target=\"_blank\">Goiserer H\u00fctte<\/a> an pr\u00e4chtigster Lage, aber so weit sind wir noch nicht.<\/p>\n\n\n\n<p>Gerade als wir anfangen, die 800 H\u00f6henmeter richtig aufzusteigen, beginnt es zu regnen, und zwar so richtig satt f\u00fcr eine gute halbe Stunde. Das Wasser l\u00e4uft in B\u00e4chen den Waldweg hinab.<\/p>\n\n\n\n<figure class=\"wp-block-image size-large\"><img loading=\"lazy\" decoding=\"async\" width=\"580\" height=\"870\" src=\"http:\/\/www.brige.ch\/images_19\/SAS_15_Iglmoosalm.jpg\" alt=\"\" class=\"wp-image-10370\"\/><figcaption>Auf dem Weg zur Iglmoosalm<\/figcaption><\/figure>\n\n\n\n<p>In der N\u00e4he der sehr h\u00fcbschen Iglmoosalm kommen uns einige Wanderer entgegen. Wir sind also nicht die einzigen Spinner, die bei diesem Wetter unterwegs sind. Die kommen von der Goiserer H\u00fctte, wo man \u00fcbernachten kann.<\/p>\n\n\n\n<p>Der Regen h\u00f6rt aber wieder auf, und der Himmel reisst tats\u00e4chlich auf, als wir die Goiserer H\u00fctte erreichen. Wir sind so gl\u00fccklich dar\u00fcber, dass wir glatt vergessen, Fotos zu schiessen. Wir trinken Schorle und Kaffee, essen Kuchen, geniessen den Blick in die beiden T\u00e4ler und in die Berge, streicheln den H\u00fcttenhund und plaudern mit dem H\u00fcttenwart. Ausser uns sitzt nur noch ein einzelner Gast auf der Terrasse; es ist einfach pr\u00e4chtig.<\/p>\n\n\n\n<figure class=\"wp-block-image size-large\"><img loading=\"lazy\" decoding=\"async\" width=\"580\" height=\"870\" src=\"http:\/\/www.brige.ch\/images_19\/huettenhund.jpg\" alt=\"\" class=\"wp-image-10379\"\/><figcaption>Der H\u00fcttenhund<\/figcaption><\/figure>\n\n\n\n<p>Als der Nebel von der Bad Goiserer Seite wieder aufsteigt, machen wir uns an den steilen Abstieg im Bergkessel. Der Weg ist zum Gl\u00fcck recht gut und das Kalkgestein nicht rutschig. Wir erreichen die \u00abDichterinquelle\u00bb, sind aber nicht durstig. Beim Aufstieg in der gl\u00fchenden Sonne trinkt man hier bestimmt gern etwas.<\/p>\n\n\n\n<figure class=\"wp-block-image size-large\"><img loading=\"lazy\" decoding=\"async\" width=\"580\" height=\"534\" src=\"http:\/\/www.brige.ch\/images_19\/SAS_15_Dichterinquelle.jpg\" alt=\"\" class=\"wp-image-10374\"\/><figcaption>Dichterinquelle<\/figcaption><\/figure>\n\n\n\n<p>Wir steigen weiter ab, werden bei der Trockentannalm von extrem aggressiven Bremsen attackiert, die wohl die Rindviecher vermissen, es sind jedenfalls keine in Sicht. Etwas sp\u00e4ter machen wir Essenspause und bewundern zwei grosse Bachbetten mit k\u00fcnstlichen Verbauungen, in denen erstaunlicherweise kein Wasser fliesst. Die Sonne scheint nun wieder, und es wird sofort heiss und schw\u00fcl.<\/p>\n\n\n\n<p>Bis nach Bad Goisern ist es nur noch ein Katzensprung. Wir sind mitten im Ort untergebracht, was wir als willkommene Abwechslung empfinden. Nach einer Dusche setzen wir uns an der Hauptkreuzung in ein italienisches Eiscaf\u00e9 und schauen dem Treiben der Leute zu.<\/p>\n","protected":false},"excerpt":{"rendered":"<p>Als wir gestern Abend im Hotelzimmer \u00abZeit im Bild\u00bb schauten, fing es an heftig zu gewittern, und kurze Zeit sp\u00e4ter verabschiedete sich der Fernsehempfang komplett. So etwas habe ich auch ewig nicht erlebt! Als wir heute Morgen um sieben Uhr aufstehen, regnet es in Str\u00f6men, aber als wir um halb neun Uhr losmarschieren, ist es [&hellip;]<\/p>\n","protected":false},"author":3,"featured_media":0,"comment_status":"open","ping_status":"open","sticky":false,"template":"","format":"standard","meta":{"footnotes":""},"categories":[18],"tags":[57],"class_list":{"0":"post-10367","1":"post","2":"type-post","3":"status-publish","4":"format-standard","6":"category-wanderlust","7":"tag-salzalpensteig"},"_links":{"self":[{"href":"https:\/\/www.brige.ch\/index.php?rest_route=\/wp\/v2\/posts\/10367","targetHints":{"allow":["GET"]}}],"collection":[{"href":"https:\/\/www.brige.ch\/index.php?rest_route=\/wp\/v2\/posts"}],"about":[{"href":"https:\/\/www.brige.ch\/index.php?rest_route=\/wp\/v2\/types\/post"}],"author":[{"embeddable":true,"href":"https:\/\/www.brige.ch\/index.php?rest_route=\/wp\/v2\/users\/3"}],"replies":[{"embeddable":true,"href":"https:\/\/www.brige.ch\/index.php?rest_route=%2Fwp%2Fv2%2Fcomments&post=10367"}],"version-history":[{"count":11,"href":"https:\/\/www.brige.ch\/index.php?rest_route=\/wp\/v2\/posts\/10367\/revisions"}],"predecessor-version":[{"id":10415,"href":"https:\/\/www.brige.ch\/index.php?rest_route=\/wp\/v2\/posts\/10367\/revisions\/10415"}],"wp:attachment":[{"href":"https:\/\/www.brige.ch\/index.php?rest_route=%2Fwp%2Fv2%2Fmedia&parent=10367"}],"wp:term":[{"taxonomy":"category","embeddable":true,"href":"https:\/\/www.brige.ch\/index.php?rest_route=%2Fwp%2Fv2%2Fcategories&post=10367"},{"taxonomy":"post_tag","embeddable":true,"href":"https:\/\/www.brige.ch\/index.php?rest_route=%2Fwp%2Fv2%2Ftags&post=10367"}],"curies":[{"name":"wp","href":"https:\/\/api.w.org\/{rel}","templated":true}]}}