{"id":10381,"date":"2020-07-23T21:23:48","date_gmt":"2020-07-23T19:23:48","guid":{"rendered":"http:\/\/www.brige.ch\/?p=10381"},"modified":"2024-10-26T09:45:43","modified_gmt":"2024-10-26T07:45:43","slug":"salzalpensteig-tag-16-von-bad-goisern-nach-hallstatt","status":"publish","type":"post","link":"https:\/\/www.brige.ch\/?p=10381","title":{"rendered":"Salzalpensteig Tag 16: von Bad Goisern nach Hallstatt"},"content":{"rendered":"\n<p>Die letzte Etappe verl\u00e4uft anders als vorgesehen. Weil die Originalstrecke auf der Westseite des Hallst\u00e4ttersees massiv steinschlaggef\u00e4hrdet ist und die Gegend von vom Eschensterben betroffen ist, wurde die komplette letzte Etappe gesperrt und f\u00fchrt neu topfeben entlang der Ostseite des Sees. Schade, denn die uspr\u00fcngliche Strecke f\u00fchrt entlang der \u00e4ltesten Soleleitung \u00fcberhaupt und man w\u00fcrde Hallstatt \u00fcber einen spektakul\u00e4ren Abstieg erreichen. Zur Sicherheit haben wir uns gestern im Tourismusb\u00fcro in Bad Goisern eine vern\u00fcnftige Karte geben lassen.<\/p>\n\n\n\n<p>Das Wetter bleibt unbest\u00e4ndig. Als wir wach werden, regnet es wieder stark. Vom Fr\u00fchst\u00fccksbuffet aus sehen wir draussen Leute mit Schirmen, was unsere Stimmung nicht gerade hebt. Zum Gl\u00fcck tr\u00f6pfelt es nur noch, als wir die letzte Teilstrecke in Angriff nehmen. <\/p>\n\n\n\n<figure class=\"wp-block-image size-large\"><img loading=\"lazy\" decoding=\"async\" width=\"580\" height=\"703\" src=\"http:\/\/www.brige.ch\/images_19\/01-sprengmittel.jpg\" alt=\"Fachgesch\u00e4ft in Bad Goisern.\" class=\"wp-image-10384\"\/><figcaption>Fachgesch\u00e4ft in Bad Goisern.<\/figcaption><\/figure>\n\n\n\n<figure class=\"wp-block-image size-large\"><img loading=\"lazy\" decoding=\"async\" width=\"580\" height=\"510\" src=\"http:\/\/www.brige.ch\/images_19\/02-der-goiserer.jpg\" alt=\"Der Original Goiserer-Schuh.\" class=\"wp-image-10385\"\/><figcaption>Der Original Goiserer-Schuh.<\/figcaption><\/figure>\n\n\n\n<p>Wir verlassen Bad Goisern und folgen dem Fluss Traun Richtung See. Topfeben ist aber relativ, denn kurz vor dem See erhebt sich der Arikogl, eine kleine l\u00e4ngliche Anh\u00f6he, etwa 60 Meter hoch und einen Kilometer lang. Selbstverst\u00e4ndlich f\u00fchrt der Weg genau \u00fcber die Anh\u00f6he und selbstverst\u00e4ndlich ist der Anstieg unfassbar steil. Oben ereilt uns ein letzter Regenschauer, und einmal mehr sind wir von innen und von aussen nass. Der Abstig Richtung See ist etwas sanfter und wir erreichen die Ostseite des Hallst\u00e4tter Sees. <\/p>\n\n\n\n<figure class=\"wp-block-image size-large\"><img loading=\"lazy\" decoding=\"async\" width=\"580\" height=\"684\" src=\"http:\/\/www.brige.ch\/images_19\/03-arikogel.jpg\" alt=\"Blick zur\u00fcck auf den z\u00e4hen Anstieg.\" class=\"wp-image-10386\"\/><figcaption>Blick zur\u00fcck auf den z\u00e4hen Anstieg.<\/figcaption><\/figure>\n\n\n\n<figure class=\"wp-block-image size-large\"><img loading=\"lazy\" decoding=\"async\" width=\"580\" height=\"963\" src=\"http:\/\/www.brige.ch\/images_19\/04-altes-schild.jpg\" alt=\"Sehr altes Verkehrszeichen.\" class=\"wp-image-10387\"\/><figcaption>Sehr altes Verkehrszeichen.<\/figcaption><\/figure>\n\n\n\n<p>Nun f\u00fchrt der Weg \u00fcber sechs Kilometer an das See-Ende bei Obertraun. Unterwegs passieren wir den Bahnhof Hallstatt, Hallstatt selber liegt auf der Westseite, der Bahnhof wird mit dem Schiff erreicht. <\/p>\n\n\n\n<figure class=\"wp-block-image size-large\"><img loading=\"lazy\" decoding=\"async\" width=\"580\" height=\"566\" src=\"http:\/\/www.brige.ch\/images_19\/05-hallstatt.jpg\" alt=\"Hallstatt am gegen\u00fcberliegenden Ufer.\" class=\"wp-image-10388\"\/><figcaption>Hallstatt am gegen\u00fcberliegenden Ufer.<\/figcaption><\/figure>\n\n\n\n<p>In Obertraun sind wir am Ziel des Salzalpensteigs angelangt.<\/p>\n\n\n\n<figure class=\"wp-block-image size-large\"><img loading=\"lazy\" decoding=\"async\" width=\"580\" height=\"635\" src=\"http:\/\/www.brige.ch\/images_19\/06-ziel.jpg\" alt=\"Wirklich am Ziel.\" class=\"wp-image-10389\"\/><figcaption>Wirklich am Ziel.<\/figcaption><\/figure>\n\n\n\n<figure class=\"wp-block-image size-large\"><img loading=\"lazy\" decoding=\"async\" width=\"580\" height=\"663\" src=\"http:\/\/www.brige.ch\/images_19\/07-ziel.jpg\" alt=\"Am Ziel.\" class=\"wp-image-10390\"\/><figcaption>Am Ziel.<\/figcaption><\/figure>\n\n\n\n<p>Wir beschliessen, das Kursschiff von Obertraun nach Hallstatt zu nehmen. Beim Steg ist eine stattliche Anzahl Passagiere versammelt, als das Schiff anlegt. Der Steg darf \u00fcbrigens erst dann betreten werden, wenn \u00abdas Schiff angeheftet ist\u00bb. <\/p>\n\n\n\n<figure class=\"wp-block-image size-large\"><img loading=\"lazy\" decoding=\"async\" width=\"580\" height=\"435\" src=\"http:\/\/www.brige.ch\/images_19\/08-schiff.jpg\" alt=\"Die &quot;Hallstatt&quot; wird gest\u00fcrmt.\" class=\"wp-image-10391\"\/><figcaption>Die &#8222;Hallstatt&#8220; wird gest\u00fcrmt.<\/figcaption><\/figure>\n\n\n\n<p>Das Ticket l\u00f6st man im Schiff, und jetzt wird es interessant. Das Schiff sollte um 13.30 Uhr ablegen, weil der Billetverk\u00e4ufer aber die Tickets direkt beim Betreten des Schiffs verkauft, dauert das ewig. Wir legen erst um 13:45 Uhr ab. In einem eleganten Bogen geht es \u00fcber den See und ab Band erf\u00e4hrt man allerlei Interessantes \u00fcber Land und Leute. Nach gut 20 Minuten erreichen wir die Hallst\u00e4tter Seite und jetzt wendet sich der Kapit\u00e4n direkt an die Passagiere. Man h\u00e4tte wegen des \u00fcberraschend grossen Personenaufkommens eine Viertelstunde Versp\u00e4tung, weshalb ausnahmsweise die beiden Haltestellen auf der Hallst\u00e4tter Seite in umgekehrter Reihenfolge angelaufen werden. Das passt den Passagieren, die auf die F\u00e4hre zum Bahnhof wollen, gar nicht, und nach einigen Diskussionen meldet sich der Kapit\u00e4n nochmals, die Haltestellen w\u00fcrden nun doch in der vorgesehenen Reihenfolge angelaufen.<\/p>\n\n\n\n<p>Wir steigen also bei \u00abHallstatt-Markt\u00bb aus und begeben uns zum G\u00e4stehaus Simony, wo man uns herzlich begr\u00fcsst, aber noch nichts von unserem Gep\u00e4ck weiss. Wir deponieren unsere Rucks\u00e4cke im Zimmer, erfreuen uns am altehrw\u00fcrdigen und verwinkeltem Haus direkt am Marktplatz und auch am Blick vom Zimmerbalkon aus \u00fcber den See. <\/p>\n\n\n\n<figure class=\"wp-block-image size-large\"><img loading=\"lazy\" decoding=\"async\" width=\"580\" height=\"411\" src=\"http:\/\/www.brige.ch\/images_19\/12-simony.jpg\" alt=\"Im Gasthaus Simony.\" class=\"wp-image-10395\"\/><figcaption>Im Gasthaus Simony.<\/figcaption><\/figure>\n\n\n\n<figure class=\"wp-block-image size-large\"><img loading=\"lazy\" decoding=\"async\" width=\"580\" height=\"451\" src=\"http:\/\/www.brige.ch\/images_19\/09-balkonblick.jpg\" alt=\"Blick vom Balkon aus.\" class=\"wp-image-10392\"\/><figcaption>Blick vom Balkon aus.<\/figcaption><\/figure>\n\n\n\n<p>Anschliessend erkunden wir verschwitzt das St\u00e4dtchen Hallstatt. Hier herrscht auch ohne die fehlenden asiatischen Touristen reger Betrieb. Uns gef\u00e4llt es gut im pittoresken Ort, der in einen Steilhang gebaut ist. Schmalste G\u00e4sschen und steile Treppen erschliessen die h\u00f6her gelegenen H\u00e4user. <\/p>\n\n\n\n<figure class=\"wp-block-image size-large\"><img loading=\"lazy\" decoding=\"async\" width=\"580\" height=\"387\" src=\"http:\/\/www.brige.ch\/images_19\/10-hallstatt.jpg\" alt=\"Blick zur M\u00fchle Hallstatt.\" class=\"wp-image-10393\"\/><figcaption>Blick zur M\u00fchle Hallstatt.<\/figcaption><\/figure>\n\n\n\n<figure class=\"wp-block-image size-large\"><img loading=\"lazy\" decoding=\"async\" width=\"580\" height=\"460\" src=\"http:\/\/www.brige.ch\/images_19\/11-beinhaus.jpg\" alt=\"Weg zum Beinhaus.\" class=\"wp-image-10394\"\/><figcaption>Weg zum Beinhaus.<\/figcaption><\/figure>\n\n\n\n<p>Wir statten dem Beinhaus neben der katholischen Kirche einen Besuch ab und sind beeindruckt von den kunstvoll bemalten Sch\u00e4deln und den Gebeinen der Toten, deren Gr\u00e4ber aus Platzmangel aufgehoben worden sind und die nun hier ihre letzte Ruhest\u00e4tte gefunden haben.<\/p>\n\n\n\n<p>Auch der Blick von Kirche \u00fcber die D\u00e4cher ist sch\u00f6n, unten im gelben Haus, dem Restaurant Gr\u00fcner Baum, essen wir endlich das erste Wiener Schnitzel, so richtig mit Vogerl-Salat und Preiselbeersauce, und zum Dessert leisten wir uns ein St\u00fcck Japonais-Eistorte; Kalorien haben wir ja in den letzten Tagen genug verbrannt!<\/p>\n","protected":false},"excerpt":{"rendered":"<p>Die letzte Etappe verl\u00e4uft anders als vorgesehen. Weil die Originalstrecke auf der Westseite des Hallst\u00e4ttersees massiv steinschlaggef\u00e4hrdet ist und die Gegend von vom Eschensterben betroffen ist, wurde die komplette letzte Etappe gesperrt und f\u00fchrt neu topfeben entlang der Ostseite des Sees. Schade, denn die uspr\u00fcngliche Strecke f\u00fchrt entlang der \u00e4ltesten Soleleitung \u00fcberhaupt und man w\u00fcrde [&hellip;]<\/p>\n","protected":false},"author":4,"featured_media":0,"comment_status":"open","ping_status":"open","sticky":false,"template":"","format":"standard","meta":{"footnotes":""},"categories":[18],"tags":[57],"class_list":{"0":"post-10381","1":"post","2":"type-post","3":"status-publish","4":"format-standard","6":"category-wanderlust","7":"tag-salzalpensteig"},"_links":{"self":[{"href":"https:\/\/www.brige.ch\/index.php?rest_route=\/wp\/v2\/posts\/10381","targetHints":{"allow":["GET"]}}],"collection":[{"href":"https:\/\/www.brige.ch\/index.php?rest_route=\/wp\/v2\/posts"}],"about":[{"href":"https:\/\/www.brige.ch\/index.php?rest_route=\/wp\/v2\/types\/post"}],"author":[{"embeddable":true,"href":"https:\/\/www.brige.ch\/index.php?rest_route=\/wp\/v2\/users\/4"}],"replies":[{"embeddable":true,"href":"https:\/\/www.brige.ch\/index.php?rest_route=%2Fwp%2Fv2%2Fcomments&post=10381"}],"version-history":[{"count":5,"href":"https:\/\/www.brige.ch\/index.php?rest_route=\/wp\/v2\/posts\/10381\/revisions"}],"predecessor-version":[{"id":10414,"href":"https:\/\/www.brige.ch\/index.php?rest_route=\/wp\/v2\/posts\/10381\/revisions\/10414"}],"wp:attachment":[{"href":"https:\/\/www.brige.ch\/index.php?rest_route=%2Fwp%2Fv2%2Fmedia&parent=10381"}],"wp:term":[{"taxonomy":"category","embeddable":true,"href":"https:\/\/www.brige.ch\/index.php?rest_route=%2Fwp%2Fv2%2Fcategories&post=10381"},{"taxonomy":"post_tag","embeddable":true,"href":"https:\/\/www.brige.ch\/index.php?rest_route=%2Fwp%2Fv2%2Ftags&post=10381"}],"curies":[{"name":"wp","href":"https:\/\/api.w.org\/{rel}","templated":true}]}}