{"id":10634,"date":"2022-07-08T20:29:33","date_gmt":"2022-07-08T18:29:33","guid":{"rendered":"https:\/\/www.brige.ch\/?p=10634"},"modified":"2024-10-26T09:45:43","modified_gmt":"2024-10-26T07:45:43","slug":"von-schliersee-nach-bayernzell","status":"publish","type":"post","link":"https:\/\/www.brige.ch\/?p=10634","title":{"rendered":"Von Schliersee nach Bayernzell"},"content":{"rendered":"\n<p>Nach dem Aufwachen liegen mir die zwei H\u00f6llenkn\u00f6del, die es gestern zum Schweinebraten gab, noch immer auf. F\u00fcr die heutige Wanderung sollte ich also gen\u00fcgend Kalorien intus haben. Das ist auch gut so, denn der Wendelstein wartet auf uns, der h\u00f6chste Gipfel der ersten Wanderwoche.<\/p>\n\n\n\n<p>In der Nacht hat es gesch\u00fcttet, jetzt am Morgen regnet es nur noch und der Himmel ist wolkenverhangen. Beim Fr\u00fchst\u00fccksbuffet sehe ich matschige Wege und glitschige Wurzeln vor meinem geistigen Auge.<\/p>\n\n\n\n<figure class=\"wp-block-image size-large\"><img loading=\"lazy\" decoding=\"async\" width=\"1024\" height=\"768\" src=\"https:\/\/www.brige.ch\/images_22\/2022-07-08_01-siebzehnruebl-1024x768.jpg\" alt=\"\" class=\"wp-image-10640\" srcset=\"https:\/\/www.brige.ch\/wp-content\/uploads\/2022-07-08_01-siebzehnruebl-1024x768.jpg 1024w, https:\/\/www.brige.ch\/wp-content\/uploads\/2022-07-08_01-siebzehnruebl-768x576.jpg 768w, https:\/\/www.brige.ch\/wp-content\/uploads\/2022-07-08_01-siebzehnruebl.jpg 1200w\" sizes=\"auto, (max-width: 1024px) 100vw, 1024px\" \/><figcaption>Auf dem Weg zur Bushaltestation. Ein bayerischer Nachname.<\/figcaption><\/figure>\n\n\n\n<p>Die erste Etappe legen wir mit dem Bus zur\u00fcck. Die Strecke f\u00fchrt entlang dem Schliersee \u00fcber Fischhausen an Markus Wasmeiers (ja, der <a href=\"https:\/\/www.augsburger-allgemeine.de\/sport\/olympische-winterspiele-olympia-legende-markus-wasmeier-blickt-auf-seinen-groessten-erfolg-zurueck-id61544531.html\" target=\"_blank\" rel=\"noreferrer noopener\">Wasi<\/a>!) Freilichtmuseum vorbei, bei dem es sich um die bayerische Ausgabe unseres Ballenberg-Museums handelt, bis zur Haltestelle Aurach bei Fischbachau. Der Regen hat zum Gl\u00fcck aufgeh\u00f6rt, wir marschieren im gewohnten Wanderten\u00fc los. <\/p>\n\n\n\n<figure class=\"wp-block-image size-large\"><img loading=\"lazy\" decoding=\"async\" width=\"1024\" height=\"768\" src=\"https:\/\/www.brige.ch\/images_22\/2022-07-08_02-pfuetzen-1024x768.jpg\" alt=\"\" class=\"wp-image-10642\" srcset=\"https:\/\/www.brige.ch\/wp-content\/uploads\/2022-07-08_02-pfuetzen-1024x768.jpg 1024w, https:\/\/www.brige.ch\/wp-content\/uploads\/2022-07-08_02-pfuetzen-768x576.jpg 768w, https:\/\/www.brige.ch\/wp-content\/uploads\/2022-07-08_02-pfuetzen.jpg 1200w\" sizes=\"auto, (max-width: 1024px) 100vw, 1024px\" \/><figcaption>Wo bitte soll hier genau der Wanderweg verlaufen?<\/figcaption><\/figure>\n\n\n\n<p>Zuerst f\u00fchrt die Route der Strasse entlang. Schon bald verpassen wir (also: ich) einen Abzweiger, und statt zum Wolfsee zu gelangen, erklimmen wir einen Weg, der auf die Abbruchkante des lokalen Steinbruchs f\u00fchrt. Der Ausblick oben ist spektakul\u00e4r, vor unseren F\u00fcssen f\u00e4llt es senkrecht ab. Aber es hilft nichts, wir sind hier v\u00f6llig falsch. Also alles wieder zur\u00fcck.<\/p>\n\n\n\n<figure class=\"wp-block-image size-large\"><img loading=\"lazy\" decoding=\"async\" width=\"1024\" height=\"768\" src=\"https:\/\/www.brige.ch\/images_22\/2022-07-08_03-steinbruch-1024x768.jpg\" alt=\"\" class=\"wp-image-10641\" srcset=\"https:\/\/www.brige.ch\/wp-content\/uploads\/2022-07-08_03-steinbruch-1024x768.jpg 1024w, https:\/\/www.brige.ch\/wp-content\/uploads\/2022-07-08_03-steinbruch-768x576.jpg 768w, https:\/\/www.brige.ch\/wp-content\/uploads\/2022-07-08_03-steinbruch.jpg 1200w\" sizes=\"auto, (max-width: 1024px) 100vw, 1024px\" \/><figcaption>\u00dcber dem Steinbruch. Wir sind hier v\u00f6llig falsch.<\/figcaption><\/figure>\n\n\n\n<p>Im zweiten Anlauf klappt es, der Wolfsee kommt ins Bild und wir folgen jetzt brav der Route 594, die uns entlang dem &#8222;Kothgraben&#8220; nach Birkenstein f\u00fchrt. Hier beginnt der richtige Anstieg. Auf einem tadellosen Waldweg gewinnen wir schnell H\u00f6he; wir passsieren die Riederalm, wir lassen die Spitzingalm rechts liegen und blicken schon bald ins Tal unter uns.<\/p>\n\n\n\n<figure class=\"wp-block-image size-large\"><img loading=\"lazy\" decoding=\"async\" width=\"1024\" height=\"768\" src=\"https:\/\/www.brige.ch\/images_22\/2022-07-08_04-almnebel-1024x768.jpg\" alt=\"\" class=\"wp-image-10643\" srcset=\"https:\/\/www.brige.ch\/wp-content\/uploads\/2022-07-08_04-almnebel-1024x768.jpg 1024w, https:\/\/www.brige.ch\/wp-content\/uploads\/2022-07-08_04-almnebel-768x576.jpg 768w, https:\/\/www.brige.ch\/wp-content\/uploads\/2022-07-08_04-almnebel.jpg 1200w\" sizes=\"auto, (max-width: 1024px) 100vw, 1024px\" \/><figcaption>\u00dcber der Spitzingalm.<\/figcaption><\/figure>\n\n\n\n<figure class=\"wp-block-image size-large\"><img loading=\"lazy\" decoding=\"async\" width=\"1024\" height=\"717\" src=\"https:\/\/www.brige.ch\/images_22\/2022-07-08_05-gemse-1024x717.jpg\" alt=\"\" class=\"wp-image-10644\" srcset=\"https:\/\/www.brige.ch\/wp-content\/uploads\/2022-07-08_05-gemse-1024x717.jpg 1024w, https:\/\/www.brige.ch\/wp-content\/uploads\/2022-07-08_05-gemse-768x538.jpg 768w, https:\/\/www.brige.ch\/wp-content\/uploads\/2022-07-08_05-gemse-1536x1076.jpg 1536w, https:\/\/www.brige.ch\/wp-content\/uploads\/2022-07-08_05-gemse-2048x1435.jpg 2048w\" sizes=\"auto, (max-width: 1024px) 100vw, 1024px\" \/><figcaption>V\u00f6llig allein? Nicht ganz; wir werden genaustens beobachtet.<\/figcaption><\/figure>\n\n\n\n<p>Wir sind v\u00f6llig alleine unterwegs und geniessen die Wanderung durch die magere Almwiese. Hier bl\u00fcht es einfach wunderbar. Mittlerweile wandern wir mitten in den Wolken &#8211; die Sichtweite betr\u00e4gt nur wenige Meter und es bl\u00e4st ein k\u00fchler Wind. Der Weg bringt uns direkt unter den Wendelstein. Die letzten 200 H\u00f6henmeter geht es mehr oder minder senkrecht hoch. Bald kommen die Bergstation der Luftseilbahn und das Wendelsteinhaus in Sicht. Endlich oben.<\/p>\n\n\n\n<p>Wobei &#8222;oben&#8220; nicht ganz stimmt. Denn zum Gipfel des Wendelsteins sind es nochmals 130 Meter. Der Weg dorthin ist gut ausgebaut und gesichert; er schraubt sich in engen Windungen hoch bis zur Aussichtsplattform. <\/p>\n\n\n\n<figure class=\"wp-block-image size-large\"><img loading=\"lazy\" decoding=\"async\" width=\"768\" height=\"1024\" src=\"https:\/\/www.brige.ch\/images_22\/2022-07-08_06-oben-768x1024.jpg\" alt=\"\" class=\"wp-image-10645\" srcset=\"https:\/\/www.brige.ch\/wp-content\/uploads\/2022-07-08_06-oben-768x1024.jpg 768w, https:\/\/www.brige.ch\/wp-content\/uploads\/2022-07-08_06-oben.jpg 900w\" sizes=\"auto, (max-width: 768px) 100vw, 768px\" \/><figcaption>So, jetzt aber ganz oben! Hinten das Observatorium.<\/figcaption><\/figure>\n\n\n\n<p>Hier auf 1838 Metern \u00fcber Meer weht eine steife Brise; meine kurzen Hosen geben nicht wirklich warm. Und sehen tut man auch nichts, nur ab und an reisst es auf und der Blick ins Tal wird frei. Der Gipfel ist f\u00fcr zwei Dinge ber\u00fchmt: die phantastische Rundumsicht &#8211; die wir nur auf der Panoramaerkl\u00e4rtafel erahnen k\u00f6nnen &#8211; und den dunkelsten Nachthimmel Deutschlands, deshalb steht auch das Observatorium hier oben. Brige \u00fcberlegt sich, wie sich sich Zutritt zum <a rel=\"noreferrer noopener\" href=\"https:\/\/www.wendelstein-observatorium.de\/\" target=\"_blank\">Observatorium<\/a> verschaffen k\u00f6nnte, um ihre Neugier zu befriedigen. Klingeln? Den Geisssfuss an der T\u00fcre ansetzen? Wir ziehen unverrichteter Dinge wieder ab.<\/p>\n\n\n\n<figure class=\"wp-block-image size-large\"><img loading=\"lazy\" decoding=\"async\" width=\"904\" height=\"1024\" src=\"https:\/\/www.brige.ch\/images_22\/2022-07-08_07-gipfelweg-904x1024.jpg\" alt=\"\" class=\"wp-image-10646\" srcset=\"https:\/\/www.brige.ch\/wp-content\/uploads\/2022-07-08_07-gipfelweg-904x1024.jpg 904w, https:\/\/www.brige.ch\/wp-content\/uploads\/2022-07-08_07-gipfelweg-768x870.jpg 768w, https:\/\/www.brige.ch\/wp-content\/uploads\/2022-07-08_07-gipfelweg.jpg 1200w\" sizes=\"auto, (max-width: 904px) 100vw, 904px\" \/><figcaption>Auf dem R\u00fcckweg vom Gipfel. Der Schraubenweg.<\/figcaption><\/figure>\n\n\n\n<figure class=\"wp-block-image size-large\"><img loading=\"lazy\" decoding=\"async\" width=\"783\" height=\"1024\" src=\"https:\/\/www.brige.ch\/images_22\/2022-07-08_08-oberservatorium-leitungen-783x1024.jpg\" alt=\"\" class=\"wp-image-10647\" srcset=\"https:\/\/www.brige.ch\/wp-content\/uploads\/2022-07-08_08-oberservatorium-leitungen-783x1024.jpg 783w, https:\/\/www.brige.ch\/wp-content\/uploads\/2022-07-08_08-oberservatorium-leitungen-768x1004.jpg 768w, https:\/\/www.brige.ch\/wp-content\/uploads\/2022-07-08_08-oberservatorium-leitungen.jpg 918w\" sizes=\"auto, (max-width: 783px) 100vw, 783px\" \/><figcaption>Der Leitungskanal, der vom Observatorium in die Tiefe f\u00fchrt.<\/figcaption><\/figure>\n\n\n\n<p>Das Restaurant unter dem Gipfel ist \u00fcberraschend gut besucht. Im vorderen Teil feiert eine geschlossene Gesellschaft eine Hochzeit und auch hinten im Selbstbedienungsbereich sind fast alle Tische besetzt. Der <a href=\"https:\/\/www.wendelsteinbahn.de\/wetter\" target=\"_blank\" rel=\"noreferrer noopener\">Wendelstein<\/a>, muss man wissen, ist mit einer Luftseilbahn und einer Zahnradbahn erschlossen.<\/p>\n\n\n\n<figure class=\"wp-block-image size-large\"><img loading=\"lazy\" decoding=\"async\" width=\"1024\" height=\"994\" src=\"https:\/\/www.brige.ch\/images_22\/2022-07-08_09-blick-ins-tal-1024x994.jpg\" alt=\"\" class=\"wp-image-10648\" srcset=\"https:\/\/www.brige.ch\/wp-content\/uploads\/2022-07-08_09-blick-ins-tal-1024x994.jpg 1024w, https:\/\/www.brige.ch\/wp-content\/uploads\/2022-07-08_09-blick-ins-tal-768x746.jpg 768w, https:\/\/www.brige.ch\/wp-content\/uploads\/2022-07-08_09-blick-ins-tal.jpg 1200w\" sizes=\"auto, (max-width: 1024px) 100vw, 1024px\" \/><figcaption>Blick von der Restaurant-Terrasse ins Tal.<\/figcaption><\/figure>\n\n\n\n<p>Nach einem w\u00e4rmenden Kaffee und einem St\u00fcck Apfelkuchen gleiten wir mit der Gondel talw\u00e4rts. Mit uns in der Kabine, der bayerische Zivilstandsbeamte, der oben das Brautpaar verm\u00e4hlt hat, standesgem\u00e4ss in Lederhosen und kariertem Hemd und einige wenige Wanderer. <\/p>\n\n\n\n<p>Unten ist es von der Talstation nur noch einen Steinwurf bis ins Hotel. Wir stossen auf diesem letzten Wanderkilometer aber noch auf zahlreiche Fotosujets (Brige: &#8222;Bitte fotografieren!&#8220;), etwa die Installation \u00fcber dem Bahngeleise, die den Zug vor einem Seilriss der Wendelsteinbahn sch\u00fctzen soll oder das gr\u00f6sste Wildbienenhotel im Landeskreis Miesbach.<\/p>\n\n\n\n<figure class=\"wp-block-image size-large\"><img loading=\"lazy\" decoding=\"async\" width=\"1024\" height=\"776\" src=\"https:\/\/www.brige.ch\/images_22\/2022-07-08_10-installation-1024x776.jpg\" alt=\"\" class=\"wp-image-10649\" srcset=\"https:\/\/www.brige.ch\/wp-content\/uploads\/2022-07-08_10-installation-1024x776.jpg 1024w, https:\/\/www.brige.ch\/wp-content\/uploads\/2022-07-08_10-installation-768x582.jpg 768w, https:\/\/www.brige.ch\/wp-content\/uploads\/2022-07-08_10-installation.jpg 1200w\" sizes=\"auto, (max-width: 1024px) 100vw, 1024px\" \/><figcaption>Das erw\u00e4hnte Schutz-Gestell. Vermutlich heisst das Ding in der Eisenbahnverordnung &#8222;Schienengleisk\u00f6rperschutzinstallation&#8220; &#8230;<\/figcaption><\/figure>\n\n\n\n<figure class=\"wp-block-image size-large\"><img loading=\"lazy\" decoding=\"async\" width=\"911\" height=\"1024\" src=\"https:\/\/www.brige.ch\/images_22\/2022-07-08_11-bienenhotel-911x1024.jpg\" alt=\"\" class=\"wp-image-10650\" srcset=\"https:\/\/www.brige.ch\/wp-content\/uploads\/2022-07-08_11-bienenhotel-911x1024.jpg 911w, https:\/\/www.brige.ch\/wp-content\/uploads\/2022-07-08_11-bienenhotel-768x863.jpg 768w, https:\/\/www.brige.ch\/wp-content\/uploads\/2022-07-08_11-bienenhotel.jpg 1200w\" sizes=\"auto, (max-width: 911px) 100vw, 911px\" \/><figcaption>Das erw\u00e4hnte Bienenhotel<\/figcaption><\/figure>\n\n\n\n<figure class=\"wp-block-image size-large\"><img loading=\"lazy\" decoding=\"async\" width=\"1024\" height=\"758\" src=\"https:\/\/www.brige.ch\/images_22\/2022-07-08_12-kneipp-1024x758.jpg\" alt=\"\" class=\"wp-image-10651\" srcset=\"https:\/\/www.brige.ch\/wp-content\/uploads\/2022-07-08_12-kneipp-1024x758.jpg 1024w, https:\/\/www.brige.ch\/wp-content\/uploads\/2022-07-08_12-kneipp-768x568.jpg 768w, https:\/\/www.brige.ch\/wp-content\/uploads\/2022-07-08_12-kneipp.jpg 1200w\" sizes=\"auto, (max-width: 1024px) 100vw, 1024px\" \/><figcaption>In Bayrischzell. Keine bayerische Gemeinde ohne Kneipp-Anlage.<\/figcaption><\/figure>\n","protected":false},"excerpt":{"rendered":"<p>Nach dem Aufwachen liegen mir die zwei H\u00f6llenkn\u00f6del, die es gestern zum Schweinebraten gab, noch immer auf. F\u00fcr die heutige Wanderung sollte ich also gen\u00fcgend Kalorien intus haben. Das ist auch gut so, denn der Wendelstein wartet auf uns, der h\u00f6chste Gipfel der ersten Wanderwoche. In der Nacht hat es gesch\u00fcttet, jetzt am Morgen regnet [&hellip;]<\/p>\n","protected":false},"author":4,"featured_media":0,"comment_status":"open","ping_status":"open","sticky":false,"template":"","format":"standard","meta":{"footnotes":""},"categories":[18],"tags":[61],"class_list":{"0":"post-10634","1":"post","2":"type-post","3":"status-publish","4":"format-standard","6":"category-wanderlust","7":"tag-alpenwanderung"},"_links":{"self":[{"href":"https:\/\/www.brige.ch\/index.php?rest_route=\/wp\/v2\/posts\/10634","targetHints":{"allow":["GET"]}}],"collection":[{"href":"https:\/\/www.brige.ch\/index.php?rest_route=\/wp\/v2\/posts"}],"about":[{"href":"https:\/\/www.brige.ch\/index.php?rest_route=\/wp\/v2\/types\/post"}],"author":[{"embeddable":true,"href":"https:\/\/www.brige.ch\/index.php?rest_route=\/wp\/v2\/users\/4"}],"replies":[{"embeddable":true,"href":"https:\/\/www.brige.ch\/index.php?rest_route=%2Fwp%2Fv2%2Fcomments&post=10634"}],"version-history":[{"count":8,"href":"https:\/\/www.brige.ch\/index.php?rest_route=\/wp\/v2\/posts\/10634\/revisions"}],"predecessor-version":[{"id":10654,"href":"https:\/\/www.brige.ch\/index.php?rest_route=\/wp\/v2\/posts\/10634\/revisions\/10654"}],"wp:attachment":[{"href":"https:\/\/www.brige.ch\/index.php?rest_route=%2Fwp%2Fv2%2Fmedia&parent=10634"}],"wp:term":[{"taxonomy":"category","embeddable":true,"href":"https:\/\/www.brige.ch\/index.php?rest_route=%2Fwp%2Fv2%2Fcategories&post=10634"},{"taxonomy":"post_tag","embeddable":true,"href":"https:\/\/www.brige.ch\/index.php?rest_route=%2Fwp%2Fv2%2Ftags&post=10634"}],"curies":[{"name":"wp","href":"https:\/\/api.w.org\/{rel}","templated":true}]}}