{"id":10656,"date":"2022-07-09T17:35:09","date_gmt":"2022-07-09T15:35:09","guid":{"rendered":"https:\/\/www.brige.ch\/?p=10656"},"modified":"2024-10-26T09:45:43","modified_gmt":"2024-10-26T07:45:43","slug":"von-bayrischzell-nach-hinterthiersee","status":"publish","type":"post","link":"https:\/\/www.brige.ch\/?p=10656","title":{"rendered":"Von Bayrischzell nach Hinterthiersee"},"content":{"rendered":"\n<p>Als wir zum Fr\u00fchst\u00fcck schreiten, sind wir noch gut gen\u00e4hrt vom Vierg\u00e4nger gestern Abend, aber wir haben heute eine strenge Etappe vor uns, und so greifen wir trotzdem zu. Ich nehme mir aber vor auf den Kuchen zum Nachmittagskaffee zu verzichten.<\/p>\n\n\n\n<figure class=\"wp-block-image size-full\"><img loading=\"lazy\" decoding=\"async\" width=\"800\" height=\"646\" src=\"https:\/\/www.brige.ch\/images_22\/skabiose.jpg\" alt=\"\" class=\"wp-image-10664\" srcset=\"https:\/\/www.brige.ch\/wp-content\/uploads\/skabiose.jpg 800w, https:\/\/www.brige.ch\/wp-content\/uploads\/skabiose-768x620.jpg 768w\" sizes=\"auto, (max-width: 800px) 100vw, 800px\" \/><figcaption>Skabiose<\/figcaption><\/figure>\n\n\n\n<p>Per Taxi, das auch gleich unsere Koffer ins n\u00e4chste Hotel bringt, werden wir zum Startpunkt unserer Wanderung gefahren, der sich im Nesseltal und damit schon fast in \u00d6sterreich befindet. Es ist noch etwas k\u00fchl und leicht bew\u00f6lkt \u2013 perfektes Wanderwetter. Es geht auch gleich bergauf, so dass uns schnell warm wird. Durch lichten Wald mit wunderbaren Bergblumen, aber auch Erdbeeren, Heidelbeeren, Wachholder und ein paar Pilzen, steigen wir auf den rund 1&#8217;360 Meter hohen Nesselberg. Wieder sind wir ganz alleine unterwegs und geniessen die wundervolle Natur und die pr\u00e4chtige Aussicht.<\/p>\n\n\n\n<figure class=\"wp-block-image size-full\"><img loading=\"lazy\" decoding=\"async\" width=\"800\" height=\"472\" src=\"https:\/\/www.brige.ch\/images_22\/nesselberg.jpg\" alt=\"\" class=\"wp-image-10663\" srcset=\"https:\/\/www.brige.ch\/wp-content\/uploads\/nesselberg.jpg 800w, https:\/\/www.brige.ch\/wp-content\/uploads\/nesselberg-768x453.jpg 768w\" sizes=\"auto, (max-width: 800px) 100vw, 800px\" \/><figcaption>Blick vom Nesselberg<\/figcaption><\/figure>\n\n\n\n<p>Ein Grenzstein erinnert uns daran, dass wir von Bayern nach Kufstein \u00fcbertreten, bevor wir zur Mariandlalm hinabsteigen. Und hier in \u00d6sterreich sehen wir einige Wandersleute, die auch in der sch\u00f6nen Gegend unterwegs sind. Von der Mariandlalm, wo nat\u00fcrlich ein Restaurant steht, geht es nochmals talaufw\u00e4rts und \u00fcber einen kleinen Pass, den h\u00f6chsten Punkt unserer heutigen Etappe. Auch dieser Weg l\u00e4sst keine W\u00fcnsche offen, egal ob man in die Ferne schaut (Berge) oder in die N\u00e4he (Blumen).<\/p>\n\n\n\n<figure class=\"wp-block-image size-full\"><img loading=\"lazy\" decoding=\"async\" width=\"800\" height=\"699\" src=\"https:\/\/www.brige.ch\/images_22\/distel.jpg\" alt=\"\" class=\"wp-image-10665\" srcset=\"https:\/\/www.brige.ch\/wp-content\/uploads\/distel.jpg 800w, https:\/\/www.brige.ch\/wp-content\/uploads\/distel-768x671.jpg 768w\" sizes=\"auto, (max-width: 800px) 100vw, 800px\" \/><figcaption>Distel<\/figcaption><\/figure>\n\n\n\n<p>Nun geht es weit hinab: von 1&#8217;500 auf 600 Meter. Zuerst machen wir aber eine kurze Pause bei einer kleinen Kapelle auf den Trainsalmen. Hier gibt es sehr viele K\u00fche, und wir sehen, wie der Lastwagen von Tirol-Milch eintrifft, um die Milch einzusammeln. Wir begegnen ihm nochmals, als wir die Waldstrasse ins Schmiedtal hinunterlaufen. Er f\u00e4hrt ziemlich schnell, und ich bin froh, dass er auf der Kiesstrasse die Kurve erwischt und ich nicht auf ins Tobel hinabhechten muss.<\/p>\n\n\n\n<figure class=\"wp-block-image size-full\"><img loading=\"lazy\" decoding=\"async\" width=\"800\" height=\"890\" src=\"https:\/\/www.brige.ch\/images_22\/glockenblume.jpg\" alt=\"\" class=\"wp-image-10668\" srcset=\"https:\/\/www.brige.ch\/wp-content\/uploads\/glockenblume.jpg 800w, https:\/\/www.brige.ch\/wp-content\/uploads\/glockenblume-768x854.jpg 768w\" sizes=\"auto, (max-width: 800px) 100vw, 800px\" \/><figcaption>Glockenblume<\/figcaption><\/figure>\n\n\n\n<p>Unten im Schmiedtal ist es etwas trostlos, aber wir steigen am Gegenhang gleich wieder hinauf Richtung Hinterthiersee. Es ist angenehm schattig und k\u00fchl, aber die Bremsen plagen uns etwas. Der Weg f\u00fchrt \u00fcber einen Hof, der mehr als zwielichtig wirkt mit seiner Unordnung und den M\u00e4nnern, welche hinter dem Haus an irgendwelchen Fahrzeugen herumschrauben. Wir werden auch gleich vom Hofhund bel\u00e4stigt, der seiner Besitzerin \u00fcberhaupt nicht gehorcht. <a href=\"https:\/\/de.wikipedia.org\/wiki\/Tann%C3%B6d\" target=\"_blank\" rel=\"noreferrer noopener\">Tann\u00f6d<\/a>, denke ich sofort.<\/p>\n\n\n\n<figure class=\"wp-block-image size-full\"><img loading=\"lazy\" decoding=\"async\" width=\"800\" height=\"787\" src=\"https:\/\/www.brige.ch\/images_22\/knabenkraut-1.jpg\" alt=\"\" class=\"wp-image-10671\" srcset=\"https:\/\/www.brige.ch\/wp-content\/uploads\/knabenkraut-1.jpg 800w, https:\/\/www.brige.ch\/wp-content\/uploads\/knabenkraut-1-768x756.jpg 768w\" sizes=\"auto, (max-width: 800px) 100vw, 800px\" \/><figcaption>Knabenkraut<\/figcaption><\/figure>\n\n\n\n<p>Noch ein kurzer Aufstieg, und dann haben wir es geschafft und erreichen Hinterthiersee, ein schmuckes Dorf, das touristisch gepr\u00e4gt ist. Neber der Pfarrkirche setzen wir uns auf eine Bank und verdr\u00fccken den Rest unseres Lunchpaketes. Dann begeben wir uns ins feine Viersternhotel \u00abThierseer Hof\u00bb, wo wir als erstes zu Kaffee und Kuchen eingeladen werden.<\/p>\n","protected":false},"excerpt":{"rendered":"<p>Als wir zum Fr\u00fchst\u00fcck schreiten, sind wir noch gut gen\u00e4hrt vom Vierg\u00e4nger gestern Abend, aber wir haben heute eine strenge Etappe vor uns, und so greifen wir trotzdem zu. Ich nehme mir aber vor auf den Kuchen zum Nachmittagskaffee zu verzichten. Per Taxi, das auch gleich unsere Koffer ins n\u00e4chste Hotel bringt, werden wir zum [&hellip;]<\/p>\n","protected":false},"author":3,"featured_media":0,"comment_status":"open","ping_status":"open","sticky":false,"template":"","format":"standard","meta":{"footnotes":""},"categories":[18],"tags":[61],"class_list":{"0":"post-10656","1":"post","2":"type-post","3":"status-publish","4":"format-standard","6":"category-wanderlust","7":"tag-alpenwanderung"},"_links":{"self":[{"href":"https:\/\/www.brige.ch\/index.php?rest_route=\/wp\/v2\/posts\/10656","targetHints":{"allow":["GET"]}}],"collection":[{"href":"https:\/\/www.brige.ch\/index.php?rest_route=\/wp\/v2\/posts"}],"about":[{"href":"https:\/\/www.brige.ch\/index.php?rest_route=\/wp\/v2\/types\/post"}],"author":[{"embeddable":true,"href":"https:\/\/www.brige.ch\/index.php?rest_route=\/wp\/v2\/users\/3"}],"replies":[{"embeddable":true,"href":"https:\/\/www.brige.ch\/index.php?rest_route=%2Fwp%2Fv2%2Fcomments&post=10656"}],"version-history":[{"count":12,"href":"https:\/\/www.brige.ch\/index.php?rest_route=\/wp\/v2\/posts\/10656\/revisions"}],"predecessor-version":[{"id":10674,"href":"https:\/\/www.brige.ch\/index.php?rest_route=\/wp\/v2\/posts\/10656\/revisions\/10674"}],"wp:attachment":[{"href":"https:\/\/www.brige.ch\/index.php?rest_route=%2Fwp%2Fv2%2Fmedia&parent=10656"}],"wp:term":[{"taxonomy":"category","embeddable":true,"href":"https:\/\/www.brige.ch\/index.php?rest_route=%2Fwp%2Fv2%2Fcategories&post=10656"},{"taxonomy":"post_tag","embeddable":true,"href":"https:\/\/www.brige.ch\/index.php?rest_route=%2Fwp%2Fv2%2Ftags&post=10656"}],"curies":[{"name":"wp","href":"https:\/\/api.w.org\/{rel}","templated":true}]}}