{"id":10675,"date":"2022-07-10T20:30:16","date_gmt":"2022-07-10T18:30:16","guid":{"rendered":"https:\/\/www.brige.ch\/?p=10675"},"modified":"2024-10-26T09:45:43","modified_gmt":"2024-10-26T07:45:43","slug":"von-vorderthiersee-nach-kufstein","status":"publish","type":"post","link":"https:\/\/www.brige.ch\/?p=10675","title":{"rendered":"Von Vorderthiersee nach Kufstein"},"content":{"rendered":"\n<p>Wolkenverhangen mit Ans\u00e4tzen zu blau \u2013 so pr\u00e4sentiert sich der Himmel heute Morgen. Also legen wir das Regenzeug bereit, bevor wir uns am Fr\u00fchst\u00fccksbuffet st\u00e4rken. <\/p>\n\n\n\n<figure class=\"wp-block-image size-large\"><img loading=\"lazy\" decoding=\"async\" width=\"1024\" height=\"594\" src=\"https:\/\/www.brige.ch\/images_22\/20220710-01-wolken-1024x594.jpg\" alt=\"\" class=\"wp-image-10682\" srcset=\"https:\/\/www.brige.ch\/wp-content\/uploads\/20220710-01-wolken-1024x594.jpg 1024w, https:\/\/www.brige.ch\/wp-content\/uploads\/20220710-01-wolken-768x445.jpg 768w, https:\/\/www.brige.ch\/wp-content\/uploads\/20220710-01-wolken.jpg 1200w\" sizes=\"auto, (max-width: 1024px) 100vw, 1024px\" \/><figcaption>Blick aus dem Hotelzimmer in Hinterthiersee. Wolkig? Blauer Himmel!<\/figcaption><\/figure>\n\n\n\n<p>Wir erhalten das Lunchpaket und eine Tafel Schokolade zum Abschied, dann holt uns das Taxi ab und bringt uns zum nahegelegenen Vorderthiersee; wir sparen uns damit 10 Kilometer Wandern auf Asphalt.<\/p>\n\n\n\n<figure class=\"wp-block-image size-large\"><img loading=\"lazy\" decoding=\"async\" width=\"1024\" height=\"773\" src=\"https:\/\/www.brige.ch\/images_22\/20220710-02-passionsspielhaus-1024x773.jpg\" alt=\"\" class=\"wp-image-10684\" srcset=\"https:\/\/www.brige.ch\/wp-content\/uploads\/20220710-02-passionsspielhaus-1024x773.jpg 1024w, https:\/\/www.brige.ch\/wp-content\/uploads\/20220710-02-passionsspielhaus-768x580.jpg 768w, https:\/\/www.brige.ch\/wp-content\/uploads\/20220710-02-passionsspielhaus.jpg 1200w\" sizes=\"auto, (max-width: 1024px) 100vw, 1024px\" \/><figcaption>Oberammergau? Nein; das Passionsspielhaus in Vorderthiersee.<\/figcaption><\/figure>\n\n\n\n<figure class=\"wp-block-image size-large\"><img loading=\"lazy\" decoding=\"async\" width=\"1024\" height=\"768\" src=\"https:\/\/www.brige.ch\/images_22\/20220710-03-thiersee-1024x768.jpg\" alt=\"\" class=\"wp-image-10685\" srcset=\"https:\/\/www.brige.ch\/wp-content\/uploads\/20220710-03-thiersee-1024x768.jpg 1024w, https:\/\/www.brige.ch\/wp-content\/uploads\/20220710-03-thiersee-768x576.jpg 768w, https:\/\/www.brige.ch\/wp-content\/uploads\/20220710-03-thiersee.jpg 1200w\" sizes=\"auto, (max-width: 1024px) 100vw, 1024px\" \/><figcaption>Der Thiersee.<\/figcaption><\/figure>\n\n\n\n<p>Am Thiersee h\u00f6ren wir die Musi spielen, sonst sehen wir kaum einen Menschen; Sonntagmorgen in Tirol halt. Wir umrunden den See, passieren die &#8222;Wald-Wild-Bienen-Erlebniswelt&#8220; ohne Erlebnis und gelangen auf die Marblinger H\u00f6he. <\/p>\n\n\n\n<figure class=\"wp-block-image size-large\"><img loading=\"lazy\" decoding=\"async\" width=\"723\" height=\"1024\" src=\"https:\/\/www.brige.ch\/images_22\/20220710-04-marblinger-hoehe-723x1024.jpg\" alt=\"\" class=\"wp-image-10686\" srcset=\"https:\/\/www.brige.ch\/wp-content\/uploads\/20220710-04-marblinger-hoehe-723x1024.jpg 723w, https:\/\/www.brige.ch\/wp-content\/uploads\/20220710-04-marblinger-hoehe-768x1087.jpg 768w, https:\/\/www.brige.ch\/wp-content\/uploads\/20220710-04-marblinger-hoehe-1085x1536.jpg 1085w, https:\/\/www.brige.ch\/wp-content\/uploads\/20220710-04-marblinger-hoehe.jpg 1200w\" sizes=\"auto, (max-width: 723px) 100vw, 723px\" \/><figcaption>Wohlbeh\u00fctet mit dem Heiligen der Reisenden auf der Marblinger H\u00f6he.<\/figcaption><\/figure>\n\n\n\n<p>Hier folgt die Wanderroute etwa einen Kilometer lang der Strasse, bevor wir Richtung L\u00e4ngsee und Hechtsee abzweigen. <\/p>\n\n\n\n<figure class=\"wp-block-image size-large\"><img loading=\"lazy\" decoding=\"async\" width=\"954\" height=\"1024\" src=\"https:\/\/www.brige.ch\/images_22\/20220710-05-strasse-954x1024.jpg\" alt=\"\" class=\"wp-image-10688\" srcset=\"https:\/\/www.brige.ch\/wp-content\/uploads\/20220710-05-strasse-954x1024.jpg 954w, https:\/\/www.brige.ch\/wp-content\/uploads\/20220710-05-strasse-768x824.jpg 768w, https:\/\/www.brige.ch\/wp-content\/uploads\/20220710-05-strasse.jpg 1200w\" sizes=\"auto, (max-width: 954px) 100vw, 954px\" \/><figcaption>Auch ein Wanderweg &#8230;<\/figcaption><\/figure>\n\n\n\n<p>Letzter ist touristisch gut ausgebaut, ein topfeben gekiester Rundweg, die <a rel=\"noreferrer noopener\" href=\"https:\/\/hechtsee.tirol\/\" target=\"_blank\">Seearena Hechtsee<\/a>, mit allem was halt so dazugeh\u00f6rt. Auf der Gegenseite geht es wieder hoch zur Ruine und Kapelle <a rel=\"noreferrer noopener\" href=\"https:\/\/www.tirol-infos.at\/kufstein\/thierberg-kapelle.html\" target=\"_blank\">Thierberg<\/a>, einem sch\u00f6nen Felssporn, von dem aus wir auf das Tagesziel Kufstein und den Inn blicken k\u00f6nnen. Die Kapelle wird von einem Einsiedler bewohnt, dessen beide Vorg\u00e4nger beide w\u00e4hrend rund 40 Jahren hier lebten. <\/p>\n\n\n\n<figure class=\"wp-block-image size-large\"><img loading=\"lazy\" decoding=\"async\" width=\"999\" height=\"1024\" src=\"https:\/\/www.brige.ch\/images_22\/20220710-06-einsiedler-999x1024.jpg\" alt=\"\" class=\"wp-image-10689\" srcset=\"https:\/\/www.brige.ch\/wp-content\/uploads\/20220710-06-einsiedler-999x1024.jpg 999w, https:\/\/www.brige.ch\/wp-content\/uploads\/20220710-06-einsiedler-768x787.jpg 768w, https:\/\/www.brige.ch\/wp-content\/uploads\/20220710-06-einsiedler.jpg 1200w\" sizes=\"auto, (max-width: 999px) 100vw, 999px\" \/><figcaption>Einsiedler der Kapelle Thierberg.<\/figcaption><\/figure>\n\n\n\n<figure class=\"wp-block-image size-large\"><img loading=\"lazy\" decoding=\"async\" width=\"1024\" height=\"745\" src=\"https:\/\/www.brige.ch\/images_22\/20220710-07-thierberg-1024x745.jpg\" alt=\"\" class=\"wp-image-10690\" srcset=\"https:\/\/www.brige.ch\/wp-content\/uploads\/20220710-07-thierberg-1024x745.jpg 1024w, https:\/\/www.brige.ch\/wp-content\/uploads\/20220710-07-thierberg-768x559.jpg 768w, https:\/\/www.brige.ch\/wp-content\/uploads\/20220710-07-thierberg.jpg 1200w\" sizes=\"auto, (max-width: 1024px) 100vw, 1024px\" \/><figcaption>Blick von der Ruine Thierberg auf Kufstein und den Inn.<\/figcaption><\/figure>\n\n\n\n<p>Wir rasten hier, trocknen Rucksackschutzh\u00fclle und Wanderschirm und verzehren das Lunchpaket, das unter anderem zwei steinharte Pfirsiche und Trauben enth\u00e4lt.<\/p>\n\n\n\n<p>Der Abstieg f\u00fchrt direkt nach unten, wir unterqueren die Autobahn, auf der sich der Ferienverkehr staut, wir unterqueren die Bahngleise und gelangen zum Inn, der hier beinahe so breit ist wie <a rel=\"noreferrer noopener\" href=\"https:\/\/www.brige.ch\/?p=9985\" target=\"_blank\">in Passau<\/a>. Wir folgen dem Fluss aufw\u00e4rts Richtung Altstadt von Kufstein, vor uns immer in Sicht die wuchtige Festung Kufstein.<\/p>\n\n\n\n<figure class=\"wp-block-image size-large\"><img loading=\"lazy\" decoding=\"async\" width=\"1024\" height=\"655\" src=\"https:\/\/www.brige.ch\/images_22\/20220710-08-inn-1024x655.jpg\" alt=\"\" class=\"wp-image-10692\" srcset=\"https:\/\/www.brige.ch\/wp-content\/uploads\/20220710-08-inn-1024x655.jpg 1024w, https:\/\/www.brige.ch\/wp-content\/uploads\/20220710-08-inn-768x492.jpg 768w, https:\/\/www.brige.ch\/wp-content\/uploads\/20220710-08-inn.jpg 1200w\" sizes=\"auto, (max-width: 1024px) 100vw, 1024px\" \/><figcaption>Der Inn bei Kufstein. Hinten die Festung.<\/figcaption><\/figure>\n\n\n\n<figure class=\"wp-block-image size-large\"><img loading=\"lazy\" decoding=\"async\" width=\"1024\" height=\"795\" src=\"https:\/\/www.brige.ch\/images_22\/20220710-09-inn-hochwasser-1024x795.jpg\" alt=\"\" class=\"wp-image-10698\" srcset=\"https:\/\/www.brige.ch\/wp-content\/uploads\/20220710-09-inn-hochwasser-1024x795.jpg 1024w, https:\/\/www.brige.ch\/wp-content\/uploads\/20220710-09-inn-hochwasser-768x596.jpg 768w, https:\/\/www.brige.ch\/wp-content\/uploads\/20220710-09-inn-hochwasser.jpg 1200w\" sizes=\"auto, (max-width: 1024px) 100vw, 1024px\" \/><figcaption>Hochwasserschutz an der Uferpromenade. Heute betrug der Pegelstand 221 cm; der Gefahrenbereich beginnt erst bei 600 cm.<\/figcaption><\/figure>\n\n\n\n<p>Abgestiegen wird im Goldenen L\u00f6wen, wir beziehen unser Zimmer im dritten Stock, duschen und gehen gleich wieder hinaus, um die Altstadt zu erkunden. Selbstverst\u00e4ndlich will ich auch die Festung sehen, mit der G\u00e4stecard des Hotels ist die Schr\u00e4gliftfahrt, die offiziell &#8222;Panoramabahn Kaiser Maximilian&#8220; heisst, f\u00fcr uns gratis, wir werden an der Schranke unten durchgewinkt, w\u00e4hrend andere noch \u20ac 12 aus ihren B\u00f6rsen klauben. <\/p>\n\n\n\n<figure class=\"wp-block-image size-large\"><img loading=\"lazy\" decoding=\"async\" width=\"576\" height=\"1024\" src=\"https:\/\/www.brige.ch\/images_22\/20220710-10-panoramabahn-576x1024.jpg\" alt=\"\" class=\"wp-image-10693\" srcset=\"https:\/\/www.brige.ch\/wp-content\/uploads\/20220710-10-panoramabahn-576x1024.jpg 576w, https:\/\/www.brige.ch\/wp-content\/uploads\/20220710-10-panoramabahn-768x1365.jpg 768w, https:\/\/www.brige.ch\/wp-content\/uploads\/20220710-10-panoramabahn-864x1536.jpg 864w, https:\/\/www.brige.ch\/wp-content\/uploads\/20220710-10-panoramabahn-1152x2048.jpg 1152w, https:\/\/www.brige.ch\/wp-content\/uploads\/20220710-10-panoramabahn.jpg 1200w\" sizes=\"auto, (max-width: 576px) 100vw, 576px\" \/><figcaption>Blick auf die Panoramabahn Kaiser Maximilian.<\/figcaption><\/figure>\n\n\n\n<figure class=\"wp-block-image size-large\"><img loading=\"lazy\" decoding=\"async\" width=\"1024\" height=\"703\" src=\"https:\/\/www.brige.ch\/images_22\/20220710-11-panoramabahn-kufstein-1024x703.jpg\" alt=\"\" class=\"wp-image-10694\" srcset=\"https:\/\/www.brige.ch\/wp-content\/uploads\/20220710-11-panoramabahn-kufstein-1024x703.jpg 1024w, https:\/\/www.brige.ch\/wp-content\/uploads\/20220710-11-panoramabahn-kufstein-768x527.jpg 768w, https:\/\/www.brige.ch\/wp-content\/uploads\/20220710-11-panoramabahn-kufstein.jpg 1200w\" sizes=\"auto, (max-width: 1024px) 100vw, 1024px\" \/><figcaption>Blick aus der Panoramabahn auf die Kufsteiner Altstadt.<\/figcaption><\/figure>\n\n\n\n<p>Die <a rel=\"noreferrer noopener\" href=\"http:\/\/www.burgen-austria.com\/archive.php?id=336\" target=\"_blank\">Anlage<\/a> ist atemberaubend, sie steht auf einem 90 Meter hohen senkrecht abfallenden Felsen, praktisch uneinnehmbar. Im obersten Stockwerk des Kaiserturms befinden sich 13 Zellen, wo w\u00e4hrend verschiedenen revolution\u00e4ren Bewegungen politische H\u00e4ftlinge langj\u00e4hrige Haftstrafen, teilweise &#8222;in Eisen&#8220;, absitzen mussten. Die <a rel=\"noreferrer noopener\" href=\"https:\/\/www.festung.kufstein.at\/de\/museum-im-staatsgefaengnis.html\" target=\"_blank\">Ausstellung<\/a> ist \u00e4usserst bedr\u00fcckend, der unmenschliche Umgang mit den Insassen schockierend. Nachdenklich verlassen wir den Turm. <\/p>\n\n\n\n<p>Auf der Suche nach den Kasematten verirren wir uns auf die Caroli-Bastion, wo man ebenfalls einen tollen Blick ins Land hat.<\/p>\n\n\n\n<figure class=\"wp-block-image size-large\"><img loading=\"lazy\" decoding=\"async\" width=\"1024\" height=\"576\" src=\"https:\/\/www.brige.ch\/images_22\/CameraZOOM-20220710145426836-1024x576.jpg\" alt=\"\" class=\"wp-image-10695\" srcset=\"https:\/\/www.brige.ch\/wp-content\/uploads\/CameraZOOM-20220710145426836-1024x576.jpg 1024w, https:\/\/www.brige.ch\/wp-content\/uploads\/CameraZOOM-20220710145426836-768x432.jpg 768w, https:\/\/www.brige.ch\/wp-content\/uploads\/CameraZOOM-20220710145426836-1536x864.jpg 1536w, https:\/\/www.brige.ch\/wp-content\/uploads\/CameraZOOM-20220710145426836-2048x1152.jpg 2048w\" sizes=\"auto, (max-width: 1024px) 100vw, 1024px\" \/><figcaption>Auf der Caroli-Bastion. Was machen eigentlich die Leute da im Hintergrund?<\/figcaption><\/figure>\n\n\n\n<p>Unten kommen wir am B\u00fcrgerturm vorbei, der die Heldenorgel birgt, die gr\u00f6sste Freiluftorgel der Welt, auf der der Amtsorganist seit 2009 t\u00e4glich um 12 Uhr ein kurzes Konzert spielt, das angeblich <a rel=\"noreferrer noopener\" href=\"https:\/\/www.festung.kufstein.at\/de\/buergerturm-mit-heldenorgel.html\" target=\"_blank\">bis zu 10 Kilometer<\/a> weit zu h\u00f6ren ist. <\/p>\n\n\n\n<p>Die mehrst\u00f6ckige Orgel kann besichtigt werden; wir sind sehr beeindruckt von den knapp 5000 Pfeifen in allen Lagen und Gr\u00f6ssen. Ich verstehe von Orgeln relativ sehr wenig, die ganze <a rel=\"noreferrer noopener\" href=\"https:\/\/orgel-verzeichnis.de\/kufstein-heldenorgel\/\" target=\"_blank\">Fachterminologie<\/a> der Orgel gef\u00e4llt mir aber ausnehmend gut! Da weist der Spieltisch vier Manuale und eine Pedalerie auf und in der aktuellen Disposition finden sich unter den Registern ein Gedacktpommer, ein Sesquialter, die Terzzimbel, das Gemshorn, die Bombarde und auch der Choralbass. Die Orgel weist verschiedene Spielhilfen auf, etwa die Kombinationsz\u00fcge als Manubrien und umschaltbare Crescendowalzen. Schade, dass niemand spielt!<\/p>\n\n\n\n<p>Wir lassen die Festung hinter uns und spazieren in die Altstadt zur\u00fcck. Das Wetter wird immer besser, es ist merklich w\u00e4rmer geworden und die Sonne beginnt sich zu zeigen. Wir st\u00e4rken uns in einem Caf\u00e9 am Inn und freuen uns auf das, was noch vor uns liegt.<\/p>\n\n\n\n<p>Um 18 Uhr ist f\u00fcr uns im Goldenen L\u00f6wen ein Tisch reserviert. Und p\u00fcnktlich um 18 Uhr erschallen Orgelkl\u00e4nge! Wir gehen auf den Platz vor dem Hotel und geniessen ein zehnmin\u00fctiges Orgelkonzert in beachtlicher Lautst\u00e4rke, denn der Goldene L\u00f6we liegt direkt am Fuss der Festung \u2013 ein sch\u00f6ner Tagesausklang!<\/p>\n\n\n\n<p><\/p>\n","protected":false},"excerpt":{"rendered":"<p>Wolkenverhangen mit Ans\u00e4tzen zu blau \u2013 so pr\u00e4sentiert sich der Himmel heute Morgen. Also legen wir das Regenzeug bereit, bevor wir uns am Fr\u00fchst\u00fccksbuffet st\u00e4rken. Wir erhalten das Lunchpaket und eine Tafel Schokolade zum Abschied, dann holt uns das Taxi ab und bringt uns zum nahegelegenen Vorderthiersee; wir sparen uns damit 10 Kilometer Wandern auf [&hellip;]<\/p>\n","protected":false},"author":4,"featured_media":0,"comment_status":"open","ping_status":"open","sticky":false,"template":"","format":"standard","meta":{"footnotes":""},"categories":[18],"tags":[61],"class_list":{"0":"post-10675","1":"post","2":"type-post","3":"status-publish","4":"format-standard","6":"category-wanderlust","7":"tag-alpenwanderung"},"_links":{"self":[{"href":"https:\/\/www.brige.ch\/index.php?rest_route=\/wp\/v2\/posts\/10675","targetHints":{"allow":["GET"]}}],"collection":[{"href":"https:\/\/www.brige.ch\/index.php?rest_route=\/wp\/v2\/posts"}],"about":[{"href":"https:\/\/www.brige.ch\/index.php?rest_route=\/wp\/v2\/types\/post"}],"author":[{"embeddable":true,"href":"https:\/\/www.brige.ch\/index.php?rest_route=\/wp\/v2\/users\/4"}],"replies":[{"embeddable":true,"href":"https:\/\/www.brige.ch\/index.php?rest_route=%2Fwp%2Fv2%2Fcomments&post=10675"}],"version-history":[{"count":12,"href":"https:\/\/www.brige.ch\/index.php?rest_route=\/wp\/v2\/posts\/10675\/revisions"}],"predecessor-version":[{"id":10699,"href":"https:\/\/www.brige.ch\/index.php?rest_route=\/wp\/v2\/posts\/10675\/revisions\/10699"}],"wp:attachment":[{"href":"https:\/\/www.brige.ch\/index.php?rest_route=%2Fwp%2Fv2%2Fmedia&parent=10675"}],"wp:term":[{"taxonomy":"category","embeddable":true,"href":"https:\/\/www.brige.ch\/index.php?rest_route=%2Fwp%2Fv2%2Fcategories&post=10675"},{"taxonomy":"post_tag","embeddable":true,"href":"https:\/\/www.brige.ch\/index.php?rest_route=%2Fwp%2Fv2%2Ftags&post=10675"}],"curies":[{"name":"wp","href":"https:\/\/api.w.org\/{rel}","templated":true}]}}