{"id":10700,"date":"2022-07-11T18:20:30","date_gmt":"2022-07-11T16:20:30","guid":{"rendered":"https:\/\/www.brige.ch\/?p=10700"},"modified":"2024-10-26T09:45:43","modified_gmt":"2024-10-26T07:45:43","slug":"von-kufstein-nach-ellmau","status":"publish","type":"post","link":"https:\/\/www.brige.ch\/?p=10700","title":{"rendered":"Von Kufstein nach Ellmau"},"content":{"rendered":"\n<p>Heute ist perfektes Wanderwetter: am Morgen bew\u00f6lkt und angenehm k\u00fchl, am Nachmittag wird es immer sch\u00f6ner und w\u00e4rmer. Einzig die Fernsicht k\u00f6nnte man bem\u00e4ngeln, aber wir wollen nicht kleinlich sein.<\/p>\n\n\n\n<figure class=\"wp-block-image size-full\"><img loading=\"lazy\" decoding=\"async\" width=\"800\" height=\"575\" src=\"https:\/\/www.brige.ch\/images_22\/kaiserlift.jpg\" alt=\"\" class=\"wp-image-10708\" srcset=\"https:\/\/www.brige.ch\/wp-content\/uploads\/kaiserlift.jpg 800w, https:\/\/www.brige.ch\/wp-content\/uploads\/kaiserlift-768x552.jpg 768w\" sizes=\"auto, (max-width: 800px) 100vw, 800px\" \/><figcaption>Auf dem Kaiserlift<\/figcaption><\/figure>\n\n\n\n<p>Wir starten direkt vom Hotel aus und laufen rund zwei Kilometer durch Kufstein bis zum <a rel=\"noreferrer noopener\" href=\"https:\/\/de.wikipedia.org\/wiki\/Kaiserlift_Kufstein\" target=\"_blank\">Kaiserlift<\/a>. Diese Einersesselbahn tr\u00e4gt uns in zwei Etappen \u00e0 je 12 Minuten hoch zum Brentenjoch auf 1&#8217;256 Metern. Die Fahrt ist ruhig und entspannend und f\u00fchrt uns mitten ins wundersch\u00f6ne <a rel=\"noreferrer noopener\" href=\"https:\/\/de.wikipedia.org\/wiki\/Kaisergebirge\" target=\"_blank\">Kaisergebirge<\/a>.<\/p>\n\n\n\n<figure class=\"wp-block-image size-full\"><img loading=\"lazy\" decoding=\"async\" width=\"800\" height=\"510\" src=\"https:\/\/www.brige.ch\/images_22\/zahmerKaiser.jpg\" alt=\"\" class=\"wp-image-10713\" srcset=\"https:\/\/www.brige.ch\/wp-content\/uploads\/zahmerKaiser.jpg 800w, https:\/\/www.brige.ch\/wp-content\/uploads\/zahmerKaiser-768x490.jpg 768w\" sizes=\"auto, (max-width: 800px) 100vw, 800px\" \/><figcaption>Der zahme Kaiser<\/figcaption><\/figure>\n\n\n\n<p>Von der Fahrt ist uns ein bisschen kalt geworden, aber nach kurzer Gehzeit Richtung Steinbergalm ist uns bereits wieder warm. Wir sind praktisch alleine unterwegs. Schon beim Sessellift war nichts los, und wir wundern uns, wo all die Leute sind? Immerhin haben hier in der Region die Ferien jetzt auch angefangen, das wissen wir vom Taxifahrer.<\/p>\n\n\n\n<figure class=\"wp-block-image size-large\"><img loading=\"lazy\" decoding=\"async\" width=\"694\" height=\"1024\" src=\"https:\/\/www.brige.ch\/images_22\/steinbergalm-694x1024.jpg\" alt=\"\" class=\"wp-image-10716\" srcset=\"https:\/\/www.brige.ch\/wp-content\/uploads\/steinbergalm-694x1024.jpg 694w, https:\/\/www.brige.ch\/wp-content\/uploads\/steinbergalm-768x1134.jpg 768w, https:\/\/www.brige.ch\/wp-content\/uploads\/steinbergalm.jpg 800w\" sizes=\"auto, (max-width: 694px) 100vw, 694px\" \/><figcaption>Steinbergalm<\/figcaption><\/figure>\n\n\n\n<p>Von der Steinbergalm aus f\u00fchren tats\u00e4chlich Bergwege auf zwei der wilden Kaisergipfel. Eines der Gipfelkreuze sehen wir und wundern uns, wie man diese steilen Bergflanken hochkommt.<\/p>\n\n\n\n<figure class=\"wp-block-image size-full\"><img loading=\"lazy\" decoding=\"async\" width=\"800\" height=\"389\" src=\"https:\/\/www.brige.ch\/images_22\/wilderKaiser.jpg\" alt=\"\" class=\"wp-image-10711\" srcset=\"https:\/\/www.brige.ch\/wp-content\/uploads\/wilderKaiser.jpg 800w, https:\/\/www.brige.ch\/wp-content\/uploads\/wilderKaiser-768x373.jpg 768w\" sizes=\"auto, (max-width: 800px) 100vw, 800px\" \/><figcaption>Der wilde Kaiser<\/figcaption><\/figure>\n\n\n\n<p>Nun folgt der letzte Anstieg zur Hochegg auf 1&#8217;470 Metern. Von dort k\u00f6nnen wir in beide Richtungen des Inntals \u00e4ugen. Dann geht es nur noch bergab Richtung Hintersteiner See, der angeblich der sauberste im Tirol sein soll. Langsam kommen uns immer mehr Wanderer entgegen, und als wir die Walleralm erreichen \u2013 die gleich mit mehreren Restaurants aufwartet \u2013 ist der Bann endg\u00fcltig gebrochen. Ab jetzt herrscht auf den Wanderwegen und Feldstrassen Hochbetrieb mit Ausfl\u00fcglern auf Schusters Rappen oder E-Bike.<\/p>\n\n\n\n<figure class=\"wp-block-image size-full\"><img loading=\"lazy\" decoding=\"async\" width=\"800\" height=\"389\" src=\"https:\/\/www.brige.ch\/images_22\/inntal.jpg\" alt=\"\" class=\"wp-image-10709\" srcset=\"https:\/\/www.brige.ch\/wp-content\/uploads\/inntal.jpg 800w, https:\/\/www.brige.ch\/wp-content\/uploads\/inntal-768x373.jpg 768w\" sizes=\"auto, (max-width: 800px) 100vw, 800px\" \/><figcaption>Das Inntal Richtung Norden<\/figcaption><\/figure>\n\n\n\n<p>Unten beim See ist ein grosser Parkplatz, und ein Shuttlebus f\u00e4hrt halbst\u00fcndlich nach Scheffau, wo man in den Linienbus umsteigen kann. So w\u00e4re es vorgesehen.<\/p>\n\n\n\n<figure class=\"wp-block-image size-full\"><img loading=\"lazy\" decoding=\"async\" width=\"800\" height=\"389\" src=\"https:\/\/www.brige.ch\/images_22\/HintersteinerSee.jpg\" alt=\"\" class=\"wp-image-10717\" srcset=\"https:\/\/www.brige.ch\/wp-content\/uploads\/HintersteinerSee.jpg 800w, https:\/\/www.brige.ch\/wp-content\/uploads\/HintersteinerSee-768x373.jpg 768w\" sizes=\"auto, (max-width: 800px) 100vw, 800px\" \/><figcaption>Der Hintersteiner See<\/figcaption><\/figure>\n\n\n\n<p>Wir beschliessen aber kurzerhand, die gute Stunde nach Scheffau zu laufen, da es eine Wanderroute hat. Zuerst m\u00fcssen etwas auf der kleinen Strasse wandern, aber am Schluss f\u00fchrt der Weg durch die Rehklamm, ein Bachtobel mit etwa einem Dutzend Br\u00fccklein.<\/p>\n\n\n\n<figure class=\"wp-block-image size-large\"><img loading=\"lazy\" decoding=\"async\" width=\"757\" height=\"1024\" src=\"https:\/\/www.brige.ch\/images_22\/rehklamm-757x1024.jpg\" alt=\"\" class=\"wp-image-10715\" srcset=\"https:\/\/www.brige.ch\/wp-content\/uploads\/rehklamm-757x1024.jpg 757w, https:\/\/www.brige.ch\/wp-content\/uploads\/rehklamm-768x1039.jpg 768w, https:\/\/www.brige.ch\/wp-content\/uploads\/rehklamm.jpg 800w\" sizes=\"auto, (max-width: 757px) 100vw, 757px\" \/><figcaption>Christof in der Rehklamm<\/figcaption><\/figure>\n\n\n\n<p>In Scheffau schaffen wir es irgendwie, von keinem der beiden Busse mitgenommen zu werden, die nach Ellmau fahren, so dass wir kurzerhand ein Taxi bestellen. Wir sind das Taxifahren ja mittlerweile gewohnt.<\/p>\n\n\n\n<p><\/p>\n","protected":false},"excerpt":{"rendered":"<p>Heute ist perfektes Wanderwetter: am Morgen bew\u00f6lkt und angenehm k\u00fchl, am Nachmittag wird es immer sch\u00f6ner und w\u00e4rmer. Einzig die Fernsicht k\u00f6nnte man bem\u00e4ngeln, aber wir wollen nicht kleinlich sein. Wir starten direkt vom Hotel aus und laufen rund zwei Kilometer durch Kufstein bis zum Kaiserlift. Diese Einersesselbahn tr\u00e4gt uns in zwei Etappen \u00e0 je [&hellip;]<\/p>\n","protected":false},"author":3,"featured_media":0,"comment_status":"open","ping_status":"open","sticky":false,"template":"","format":"standard","meta":{"footnotes":""},"categories":[18],"tags":[61],"class_list":{"0":"post-10700","1":"post","2":"type-post","3":"status-publish","4":"format-standard","6":"category-wanderlust","7":"tag-alpenwanderung"},"_links":{"self":[{"href":"https:\/\/www.brige.ch\/index.php?rest_route=\/wp\/v2\/posts\/10700","targetHints":{"allow":["GET"]}}],"collection":[{"href":"https:\/\/www.brige.ch\/index.php?rest_route=\/wp\/v2\/posts"}],"about":[{"href":"https:\/\/www.brige.ch\/index.php?rest_route=\/wp\/v2\/types\/post"}],"author":[{"embeddable":true,"href":"https:\/\/www.brige.ch\/index.php?rest_route=\/wp\/v2\/users\/3"}],"replies":[{"embeddable":true,"href":"https:\/\/www.brige.ch\/index.php?rest_route=%2Fwp%2Fv2%2Fcomments&post=10700"}],"version-history":[{"count":13,"href":"https:\/\/www.brige.ch\/index.php?rest_route=\/wp\/v2\/posts\/10700\/revisions"}],"predecessor-version":[{"id":10720,"href":"https:\/\/www.brige.ch\/index.php?rest_route=\/wp\/v2\/posts\/10700\/revisions\/10720"}],"wp:attachment":[{"href":"https:\/\/www.brige.ch\/index.php?rest_route=%2Fwp%2Fv2%2Fmedia&parent=10700"}],"wp:term":[{"taxonomy":"category","embeddable":true,"href":"https:\/\/www.brige.ch\/index.php?rest_route=%2Fwp%2Fv2%2Fcategories&post=10700"},{"taxonomy":"post_tag","embeddable":true,"href":"https:\/\/www.brige.ch\/index.php?rest_route=%2Fwp%2Fv2%2Ftags&post=10700"}],"curies":[{"name":"wp","href":"https:\/\/api.w.org\/{rel}","templated":true}]}}