{"id":10721,"date":"2022-07-12T18:36:31","date_gmt":"2022-07-12T16:36:31","guid":{"rendered":"https:\/\/www.brige.ch\/?p=10721"},"modified":"2024-10-26T09:45:43","modified_gmt":"2024-10-26T07:45:43","slug":"von-ellmau-nach-kitzbuehel","status":"publish","type":"post","link":"https:\/\/www.brige.ch\/?p=10721","title":{"rendered":"Von Ellmau nach Kitzb\u00fchel"},"content":{"rendered":"\n<p>Zum ersten Mal wird es beim Fr\u00fchst\u00fccksbuffet teuer, die Wirtin im Viersternehotel kn\u00f6pft uns zweimal 4 Euro ab f\u00fcr zwei Eingeklemmte. Beim Auschecken zahle ich das mit einem 10-Euroschein, das Herausgeld wird, das ist kein Witz, aus einem Sparschwein herausgesch\u00fcttelt. Wenn die w\u00fcssten, dass Brige Fachfrau im Finanz- und Rechnungswesen mit eidgen\u00f6ssischem Fachausweis ist &#8230;<\/p>\n\n\n\n<figure class=\"wp-block-image size-large\"><img loading=\"lazy\" decoding=\"async\" width=\"1024\" height=\"840\" src=\"https:\/\/www.brige.ch\/images_22\/2022-07-12_01-start-1024x840.jpg\" alt=\"\" class=\"wp-image-10726\" srcset=\"https:\/\/www.brige.ch\/wp-content\/uploads\/2022-07-12_01-start-1024x840.jpg 1024w, https:\/\/www.brige.ch\/wp-content\/uploads\/2022-07-12_01-start-768x630.jpg 768w, https:\/\/www.brige.ch\/wp-content\/uploads\/2022-07-12_01-start.jpg 1200w\" sizes=\"auto, (max-width: 1024px) 100vw, 1024px\" \/><figcaption>Der heutige Wanderstart in Ellmau.<\/figcaption><\/figure>\n\n\n\n<p>So, jetzt aber los und gleich den Berg hoch zur Marienkapelle \u00fcber Ellmau, die einen sch\u00f6nen Blick auf den Wilden Kaiser bietet. Der tr\u00e4gt immer noch einen Hut.<\/p>\n\n\n\n<figure class=\"wp-block-image size-large\"><img loading=\"lazy\" decoding=\"async\" width=\"1024\" height=\"768\" src=\"https:\/\/www.brige.ch\/images_22\/2022-07-12_02-hut-1024x768.jpg\" alt=\"\" class=\"wp-image-10727\" srcset=\"https:\/\/www.brige.ch\/wp-content\/uploads\/2022-07-12_02-hut-1024x768.jpg 1024w, https:\/\/www.brige.ch\/wp-content\/uploads\/2022-07-12_02-hut-768x576.jpg 768w, https:\/\/www.brige.ch\/wp-content\/uploads\/2022-07-12_02-hut.jpg 1200w\" sizes=\"auto, (max-width: 1024px) 100vw, 1024px\" \/><figcaption>Blick auf Ellmau. Hinten der Wilde Kaiser.<\/figcaption><\/figure>\n\n\n\n<p>Nach der Kapelle biegt die Tagesroute in die Ellmauer Rodelstrecke ein und wir gewinnen schnell an H\u00f6he. Wir werweissen, wie viel Schnee hier wohl winters liegen mag, denn Ellmau liegt auf nur gerade 880 Metern \u00fcber Meer, was uns nicht gerade schneesicher d\u00fcnkt. <\/p>\n\n\n\n<figure class=\"wp-block-image size-large\"><img loading=\"lazy\" decoding=\"async\" width=\"1024\" height=\"987\" src=\"https:\/\/www.brige.ch\/images_22\/2022-07-12_03-rodelbahn-1024x987.jpg\" alt=\"\" class=\"wp-image-10728\" srcset=\"https:\/\/www.brige.ch\/wp-content\/uploads\/2022-07-12_03-rodelbahn-1024x987.jpg 1024w, https:\/\/www.brige.ch\/wp-content\/uploads\/2022-07-12_03-rodelbahn-768x740.jpg 768w, https:\/\/www.brige.ch\/wp-content\/uploads\/2022-07-12_03-rodelbahn.jpg 1200w\" sizes=\"auto, (max-width: 1024px) 100vw, 1024px\" \/><figcaption>Auf der Rodelstrecke am Wandern.<\/figcaption><\/figure>\n\n\n\n<figure class=\"wp-block-image size-large\"><img loading=\"lazy\" decoding=\"async\" width=\"1024\" height=\"949\" src=\"https:\/\/www.brige.ch\/images_22\/2022-07-12_04-schneekanone-1024x949.jpg\" alt=\"\" class=\"wp-image-10729\" srcset=\"https:\/\/www.brige.ch\/wp-content\/uploads\/2022-07-12_04-schneekanone-1024x949.jpg 1024w, https:\/\/www.brige.ch\/wp-content\/uploads\/2022-07-12_04-schneekanone-768x712.jpg 768w, https:\/\/www.brige.ch\/wp-content\/uploads\/2022-07-12_04-schneekanone.jpg 1200w\" sizes=\"auto, (max-width: 1024px) 100vw, 1024px\" \/><figcaption>Die Rodelstrecke ist beleuchtet (siehe rechts, links) und kunstbeschneit (siehe mitte).<\/figcaption><\/figure>\n\n\n\n<p>Oben nehmen wir den empfohlenen Abstecher zur Brenneralm, die einen tollen Weitblick bietet. <\/p>\n\n\n\n<figure class=\"wp-block-image size-large\"><img loading=\"lazy\" decoding=\"async\" width=\"1024\" height=\"658\" src=\"https:\/\/www.brige.ch\/images_22\/2022-07-12_05-brenneralm-1024x658.jpg\" alt=\"\" class=\"wp-image-10730\" srcset=\"https:\/\/www.brige.ch\/wp-content\/uploads\/2022-07-12_05-brenneralm-1024x658.jpg 1024w, https:\/\/www.brige.ch\/wp-content\/uploads\/2022-07-12_05-brenneralm-768x493.jpg 768w, https:\/\/www.brige.ch\/wp-content\/uploads\/2022-07-12_05-brenneralm.jpg 1200w\" sizes=\"auto, (max-width: 1024px) 100vw, 1024px\" \/><figcaption>Auf der Brenneralm.<\/figcaption><\/figure>\n\n\n\n<p>Es l\u00e4uft sich heute sehr gut; wir passieren Lierst\u00e4tt, Scharlwandalm und die Wirtsalm. Beim Hof auf der Wirtsalm h\u00e4ngt unter dem Giebel etwas; von weitem tippe ich auf einen Hirsch- oder Gemskopf, von Nahe ist es ein zerzaustes undefinierbares Irgendetwas mit Federn. \u00dcbel.<\/p>\n\n\n\n<p>\u00dcber die Veitkapelle erreichen wir Reith bei Kitzb\u00fchel. Der Weg f\u00fchrt schnurgerade \u00fcber einen frischgem\u00e4hten Streifen vom Waldrand zur Kapelle und dann ins Dorf hinein.<\/p>\n\n\n\n<figure class=\"wp-block-image size-large\"><img loading=\"lazy\" decoding=\"async\" width=\"768\" height=\"1024\" src=\"https:\/\/www.brige.ch\/images_22\/2022-07-12_08-grasweg-768x1024.jpg\" alt=\"\" class=\"wp-image-10731\" srcset=\"https:\/\/www.brige.ch\/wp-content\/uploads\/2022-07-12_08-grasweg-768x1024.jpg 768w, https:\/\/www.brige.ch\/wp-content\/uploads\/2022-07-12_08-grasweg-1152x1536.jpg 1152w, https:\/\/www.brige.ch\/wp-content\/uploads\/2022-07-12_08-grasweg.jpg 1200w\" sizes=\"auto, (max-width: 768px) 100vw, 768px\" \/><figcaption>Weg zur Veitkapelle. Hinten das Dorf Reith. Ganz hinten das Kitzb\u00fcheler Horn.<\/figcaption><\/figure>\n\n\n\n<p>Man merkt die N\u00e4he des Nobelortes gut, die Chalets sehen teuer aus, die Fahrzeuge  auch. Sogar die Baumh\u00fctten sehen teuer aus.<\/p>\n\n\n\n<figure class=\"wp-block-image size-large\"><img loading=\"lazy\" decoding=\"async\" width=\"1024\" height=\"836\" src=\"https:\/\/www.brige.ch\/images_22\/2022-07-12_09-baumhaus-1024x836.jpg\" alt=\"\" class=\"wp-image-10732\" srcset=\"https:\/\/www.brige.ch\/wp-content\/uploads\/2022-07-12_09-baumhaus-1024x836.jpg 1024w, https:\/\/www.brige.ch\/wp-content\/uploads\/2022-07-12_09-baumhaus-768x627.jpg 768w, https:\/\/www.brige.ch\/wp-content\/uploads\/2022-07-12_09-baumhaus.jpg 1200w\" sizes=\"auto, (max-width: 1024px) 100vw, 1024px\" \/><figcaption>Das noble Baumhaus mit noblem Treppenaufgang oberhalb Reith.<\/figcaption><\/figure>\n\n\n\n<p>Es sind jetzt auch ordentlich viele Leute unterwegs, allerdings mehr Spazierende als Wandernde. Viele kleine frisierte Hunde auch. Wir sichten die ersten Bogner-Gilets beim Giehringer Weiher. Dann f\u00fchrt uns der Weg zum Schwarzsee mit seinem Naturschutzgebiet. Der Seename sagt es, wir sind in einem beeindruckenden Moorgebiet und entsprechendem Bohlenweg.<\/p>\n\n\n\n<figure class=\"wp-block-image size-large\"><img loading=\"lazy\" decoding=\"async\" width=\"1024\" height=\"717\" src=\"https:\/\/www.brige.ch\/images_22\/2022-07-12_11-moorweg-1024x717.jpg\" alt=\"\" class=\"wp-image-10733\" srcset=\"https:\/\/www.brige.ch\/wp-content\/uploads\/2022-07-12_11-moorweg-1024x717.jpg 1024w, https:\/\/www.brige.ch\/wp-content\/uploads\/2022-07-12_11-moorweg-768x538.jpg 768w, https:\/\/www.brige.ch\/wp-content\/uploads\/2022-07-12_11-moorweg.jpg 1200w\" sizes=\"auto, (max-width: 1024px) 100vw, 1024px\" \/><figcaption>Im Moorschutzgebiet am Schwarzsee.<\/figcaption><\/figure>\n\n\n\n<p><\/p>\n\n\n\n<figure class=\"wp-block-image size-large\"><img loading=\"lazy\" decoding=\"async\" width=\"1024\" height=\"751\" src=\"https:\/\/www.brige.ch\/images_22\/2022-07-12_12-kanalservice-1024x751.jpg\" alt=\"\" class=\"wp-image-10734\" srcset=\"https:\/\/www.brige.ch\/wp-content\/uploads\/2022-07-12_12-kanalservice-1024x751.jpg 1024w, https:\/\/www.brige.ch\/wp-content\/uploads\/2022-07-12_12-kanalservice-768x563.jpg 768w, https:\/\/www.brige.ch\/wp-content\/uploads\/2022-07-12_12-kanalservice.jpg 1200w\" sizes=\"auto, (max-width: 1024px) 100vw, 1024px\" \/><figcaption>Nach soviel Natur zwischendurch wieder etwas Technik. Hier wird irgendetwas Unappetitliches aus dem Lifestyle &amp; Design Alpenhotel Kitzb\u00fchel am Schwarzsee entsorgt. Hinten wird gebaut. Hier wird eigentlich \u00fcberall gebaut.<\/figcaption><\/figure>\n\n\n\n<p>Jetzt kommt Kitzb\u00fchel immer n\u00e4her. Wir steuern direkt ins Zentrum, wo uns das Hotel Tiefenbrunner in der Altstadt zwei Tage beherbergen wird. Kitzb\u00fchel ist das Ende des ersten Teils unserer Alpenquerung, morgen werden wir einen Ruhetag geniessen &#8211; wobei, ich h\u00e4tte da schon noch Ideen f\u00fcr die eine oder andere Wanderung, es locken schliesslich die <a href=\"https:\/\/www.kitzski.at\/de\/wandern-biken\/wanderwege\/streif-wanderung.html\" target=\"_blank\" rel=\"noreferrer noopener\">Streif<\/a> und das <a rel=\"noreferrer noopener\" href=\"https:\/\/www.kitzbueheler-alpen.com\/de\/stjo\/so\/wandern\/horn-gipfel-hoehenweg.html\" target=\"_blank\">Kitzb\u00fcheler Horn<\/a>!<\/p>\n\n\n\n<p>Vorerst schlendern wir aber durch Kitzb\u00fchel. Der Schaufensterbummel macht m\u00fcde, oder war das die Wanderung? Nachdem wir kein Badekleid f\u00fcr Brige und keine <a rel=\"noreferrer noopener\" href=\"https:\/\/www.goessl.com\/maenner\/gwand\/lederhosen-und-hanfhosen.html\" target=\"_blank\">Hirschlederhose<\/a> f\u00fcr mich f\u00fcr \u20ac 1&#8217;550 gekauft haben, geniessen wir einen doppelten Espresso und ein St\u00fcck Pistazienkuchen (sehr gut!) und studieren die vor\u00fcbergehenden Passanten. Es ist aller Gattig Leute unterwegs &#8230;<\/p>\n\n\n\n<figure class=\"wp-block-image size-large\"><img loading=\"lazy\" decoding=\"async\" width=\"1024\" height=\"965\" src=\"https:\/\/www.brige.ch\/images_22\/2022-07-12_14-kitzbuehel-1024x965.jpg\" alt=\"\" class=\"wp-image-10735\" srcset=\"https:\/\/www.brige.ch\/wp-content\/uploads\/2022-07-12_14-kitzbuehel-1024x965.jpg 1024w, https:\/\/www.brige.ch\/wp-content\/uploads\/2022-07-12_14-kitzbuehel-768x724.jpg 768w, https:\/\/www.brige.ch\/wp-content\/uploads\/2022-07-12_14-kitzbuehel.jpg 1200w\" sizes=\"auto, (max-width: 1024px) 100vw, 1024px\" \/><figcaption>Die Vorstadt in Kitzb\u00fchel. Hinten das gelbe und rote Geb\u00e4ude, das ist unser Hotel.<\/figcaption><\/figure>\n\n\n\n<figure class=\"wp-block-image size-large\"><img loading=\"lazy\" decoding=\"async\" width=\"1024\" height=\"668\" src=\"https:\/\/www.brige.ch\/images_22\/2022-07-12_13-wilder-kaiser-1024x668.jpg\" alt=\"\" class=\"wp-image-10736\" srcset=\"https:\/\/www.brige.ch\/wp-content\/uploads\/2022-07-12_13-wilder-kaiser-1024x668.jpg 1024w, https:\/\/www.brige.ch\/wp-content\/uploads\/2022-07-12_13-wilder-kaiser-768x501.jpg 768w, https:\/\/www.brige.ch\/wp-content\/uploads\/2022-07-12_13-wilder-kaiser.jpg 1200w\" sizes=\"auto, (max-width: 1024px) 100vw, 1024px\" \/><figcaption>Blick aus dem Hotelzimmer auf den Wilden Kaiser. Jetzt ohne Hut.<\/figcaption><\/figure>\n","protected":false},"excerpt":{"rendered":"<p>Zum ersten Mal wird es beim Fr\u00fchst\u00fccksbuffet teuer, die Wirtin im Viersternehotel kn\u00f6pft uns zweimal 4 Euro ab f\u00fcr zwei Eingeklemmte. Beim Auschecken zahle ich das mit einem 10-Euroschein, das Herausgeld wird, das ist kein Witz, aus einem Sparschwein herausgesch\u00fcttelt. Wenn die w\u00fcssten, dass Brige Fachfrau im Finanz- und Rechnungswesen mit eidgen\u00f6ssischem Fachausweis ist &#8230; [&hellip;]<\/p>\n","protected":false},"author":4,"featured_media":0,"comment_status":"open","ping_status":"open","sticky":false,"template":"","format":"standard","meta":{"footnotes":""},"categories":[18],"tags":[61],"class_list":{"0":"post-10721","1":"post","2":"type-post","3":"status-publish","4":"format-standard","6":"category-wanderlust","7":"tag-alpenwanderung"},"_links":{"self":[{"href":"https:\/\/www.brige.ch\/index.php?rest_route=\/wp\/v2\/posts\/10721","targetHints":{"allow":["GET"]}}],"collection":[{"href":"https:\/\/www.brige.ch\/index.php?rest_route=\/wp\/v2\/posts"}],"about":[{"href":"https:\/\/www.brige.ch\/index.php?rest_route=\/wp\/v2\/types\/post"}],"author":[{"embeddable":true,"href":"https:\/\/www.brige.ch\/index.php?rest_route=\/wp\/v2\/users\/4"}],"replies":[{"embeddable":true,"href":"https:\/\/www.brige.ch\/index.php?rest_route=%2Fwp%2Fv2%2Fcomments&post=10721"}],"version-history":[{"count":11,"href":"https:\/\/www.brige.ch\/index.php?rest_route=\/wp\/v2\/posts\/10721\/revisions"}],"predecessor-version":[{"id":10744,"href":"https:\/\/www.brige.ch\/index.php?rest_route=\/wp\/v2\/posts\/10721\/revisions\/10744"}],"wp:attachment":[{"href":"https:\/\/www.brige.ch\/index.php?rest_route=%2Fwp%2Fv2%2Fmedia&parent=10721"}],"wp:term":[{"taxonomy":"category","embeddable":true,"href":"https:\/\/www.brige.ch\/index.php?rest_route=%2Fwp%2Fv2%2Fcategories&post=10721"},{"taxonomy":"post_tag","embeddable":true,"href":"https:\/\/www.brige.ch\/index.php?rest_route=%2Fwp%2Fv2%2Ftags&post=10721"}],"curies":[{"name":"wp","href":"https:\/\/api.w.org\/{rel}","templated":true}]}}