{"id":10763,"date":"2022-07-14T21:33:12","date_gmt":"2022-07-14T19:33:12","guid":{"rendered":"https:\/\/www.brige.ch\/?p=10763"},"modified":"2024-10-26T09:45:43","modified_gmt":"2024-10-26T07:45:43","slug":"von-kitzbuehel-nach-jochberg","status":"publish","type":"post","link":"https:\/\/www.brige.ch\/?p=10763","title":{"rendered":"Von Kitzb\u00fchel nach Jochberg"},"content":{"rendered":"\n<p>Die heutige Etappe f\u00fchrt uns von der &#8222;<a rel=\"noreferrer noopener\" href=\"https:\/\/www.meinbezirk.at\/tag\/gamsstadt\" target=\"_blank\">Gamsstadt<\/a>&#8220; durch das Leukental ins 13 Kilometer entfernte Jochberg. Die Strecke weist wenige H\u00f6henmeter auf und verl\u00e4uft viel auf Asphalt, oft durch Quartiere mit teuren Villen mit heruntergelassenen Rolll\u00e4den oder durch Quartiere, wo teure Villen gebaut werden, die dann auch heruntergelassene Rolll\u00e4den haben werden.<\/p>\n\n\n\n<p>Einige Eindr\u00fccke vom Tag:<\/p>\n\n\n\n<p>Die Husterei. Wir haben die beiden letzten Tage in einem wunderbaren Hotel im Kitzb\u00fchel verbracht. Das Hotel ist aktuell praktisch ausgebucht; im Speisesaal sitzen vornehmlich \u00e4ltere englische Paare. Und die meisten husten; husten richtig \u00fcbel. Ich sage nur Omikron BA.5. Wir kippen jeweils das Fenster hinter unserem Platz.<\/p>\n\n\n\n<p>Das Mittagessen heute. Wir entschliessen uns am Morgen, die Strecke nur mit Wasser und einem Apfel in Angriff zu nehmen und dann unterwegs in einem Restaurant etwas zu essen. Gelandet sind wir im <a rel=\"noreferrer noopener\" href=\"https:\/\/www.schwarzeradlerjochberg.at\/\" target=\"_blank\">Schwarzen Adler<\/a> in Jochberg, Brige hat die Sonnenschirme auf der Terrasse schon von weitem ersp\u00e4ht. Ein Gl\u00fcckstreffer! Bertl begr\u00fcsst uns per Handschlag und freut sich \u00fcber G\u00e4ste aus der Schweiz. Der Vogerlsalat und der tiefe Suppenteller mit frischen Schwammerln an einer pikanten Rahmsauce und einem ausgezeichneten Kn\u00f6del munden vorz\u00fcglich. Ahh, das Leben ist sch\u00f6n.<\/p>\n\n\n\n<p>Die Schwalben. Hier in der Gegend f\u00fchlen sich die Schwalben wohl. Wir treffen sie \u00fcberall. An einem Bauernhaus an der Strecke entdecken wir wohl zwanzig Schwalbennester, wo Hochbetrieb herrscht und der Nachwuchs schon aus der \u00d6ffnung sp\u00e4ht.<\/p>\n\n\n\n<p>Die Baut\u00e4tigkeit. Also heute ist es noch eindr\u00fccklicher als die Tage zuvor. \u00dcberall werden Villen gebaut. Teure grosse Villen hinter grossen Hecken. Alles ist video\u00fcberwacht. Wo die Villen schon fertig sind, trifft man entweder auf G\u00e4rtner und Rasenpfleger oder auf englischsprechende Hausverwalterinnen, die die Lieferung des neuen Mobiliars \u00fcberwachen. Bewohner sehen wir eigentlich nirgends. Alteingesessene ab und an schon.<\/p>\n\n\n\n<p>Die Glockenst\u00fchle. Die alten Tiroler Bauernh\u00e4user hier in der Gegend weisen traditionellerweise einen sch\u00f6n gefertigten <a rel=\"noreferrer noopener\" href=\"https:\/\/www.zimmerei-joechl.at\/tiroler-glockenstuhl.html\" target=\"_blank\">Glockenstuhl<\/a> auf. Bei den neueren Geb\u00e4uden ist der Glockenstuhl manchmal vorhanden, aber die Glocke fehlt dann in der Regel.<\/p>\n\n\n\n<p>Die Ruhe. Wir treffen unterwegs kaum auf andere Wanderer, obwohl jetzt Hochsaison ist und die Tiroler auch schon Sommerferien haben. Auch sonst ist es fast \u00fcberall sehr ruhig; eine richtige Wohltat! Allerdings liegt unser heutige Gasthof Jodlb\u00fchel direkt an der vielbefahrenen <a rel=\"noreferrer noopener\" href=\"https:\/\/de.wikipedia.org\/wiki\/Pass_Thurn_Stra%C3%9Fe\" target=\"_blank\">B161<\/a>. Hier sorgt die Dreifachveglasung f\u00fcr die Ruhe. Auch gut.<\/p>\n\n\n\n<p>Kommen wir zu den Bildern des Tages:<\/p>\n\n\n\n<figure class=\"wp-block-image size-large\"><img loading=\"lazy\" decoding=\"async\" width=\"1024\" height=\"768\" src=\"https:\/\/www.brige.ch\/images_22\/2022-07-14_01-skigebiet-1024x768.jpg\" alt=\"\" class=\"wp-image-10766\" srcset=\"https:\/\/www.brige.ch\/wp-content\/uploads\/2022-07-14_01-skigebiet-1024x768.jpg 1024w, https:\/\/www.brige.ch\/wp-content\/uploads\/2022-07-14_01-skigebiet-768x576.jpg 768w, https:\/\/www.brige.ch\/wp-content\/uploads\/2022-07-14_01-skigebiet.jpg 1200w\" sizes=\"auto, (max-width: 1024px) 100vw, 1024px\" \/><figcaption>Bei Eben. Wir wandern eindeutig in einem Skigebiet. Das Kitzb\u00fcheler Horn ist oben hinter meiner linken Schulter.<\/figcaption><\/figure>\n\n\n\n<figure class=\"wp-block-image size-large\"><img loading=\"lazy\" decoding=\"async\" width=\"1024\" height=\"774\" src=\"https:\/\/www.brige.ch\/images_22\/2022-07-14_02-tirolmilch-1024x774.jpg\" alt=\"\" class=\"wp-image-10767\" srcset=\"https:\/\/www.brige.ch\/wp-content\/uploads\/2022-07-14_02-tirolmilch-1024x774.jpg 1024w, https:\/\/www.brige.ch\/wp-content\/uploads\/2022-07-14_02-tirolmilch-768x580.jpg 768w, https:\/\/www.brige.ch\/wp-content\/uploads\/2022-07-14_02-tirolmilch.jpg 1200w\" sizes=\"auto, (max-width: 1024px) 100vw, 1024px\" \/><figcaption>Als der Werbetexter nicht mehr weiter wusste.<\/figcaption><\/figure>\n\n\n\n<figure class=\"wp-block-image size-large\"><img loading=\"lazy\" decoding=\"async\" width=\"1024\" height=\"677\" src=\"https:\/\/www.brige.ch\/images_22\/2022-07-14_03-alarm-1024x677.jpg\" alt=\"\" class=\"wp-image-10768\" srcset=\"https:\/\/www.brige.ch\/wp-content\/uploads\/2022-07-14_03-alarm-1024x677.jpg 1024w, https:\/\/www.brige.ch\/wp-content\/uploads\/2022-07-14_03-alarm-768x508.jpg 768w, https:\/\/www.brige.ch\/wp-content\/uploads\/2022-07-14_03-alarm.jpg 1200w\" sizes=\"auto, (max-width: 1024px) 100vw, 1024px\" \/><figcaption>Eines der h\u00e4ufigsten Schilder hier an den H\u00e4usern.<\/figcaption><\/figure>\n\n\n\n<figure class=\"wp-block-image size-large\"><img loading=\"lazy\" decoding=\"async\" width=\"1024\" height=\"774\" src=\"https:\/\/www.brige.ch\/images_22\/2022-07-14_04-stein-1024x774.jpg\" alt=\"\" class=\"wp-image-10769\" srcset=\"https:\/\/www.brige.ch\/wp-content\/uploads\/2022-07-14_04-stein-1024x774.jpg 1024w, https:\/\/www.brige.ch\/wp-content\/uploads\/2022-07-14_04-stein-768x581.jpg 768w, https:\/\/www.brige.ch\/wp-content\/uploads\/2022-07-14_04-stein-1536x1161.jpg 1536w, https:\/\/www.brige.ch\/wp-content\/uploads\/2022-07-14_04-stein-2048x1548.jpg 2048w\" sizes=\"auto, (max-width: 1024px) 100vw, 1024px\" \/><figcaption>Tolle Torschliessmechanik.<\/figcaption><\/figure>\n\n\n\n<figure class=\"wp-block-image size-large\"><img loading=\"lazy\" decoding=\"async\" width=\"1024\" height=\"915\" src=\"https:\/\/www.brige.ch\/images_22\/2022-07-14_05-bauen-1024x915.jpg\" alt=\"\" class=\"wp-image-10770\" srcset=\"https:\/\/www.brige.ch\/wp-content\/uploads\/2022-07-14_05-bauen-1024x915.jpg 1024w, https:\/\/www.brige.ch\/wp-content\/uploads\/2022-07-14_05-bauen-768x686.jpg 768w, https:\/\/www.brige.ch\/wp-content\/uploads\/2022-07-14_05-bauen.jpg 1200w\" sizes=\"auto, (max-width: 1024px) 100vw, 1024px\" \/><figcaption>Im Gebiet Kochau. Es wird gebaut.<\/figcaption><\/figure>\n\n\n\n<figure class=\"wp-block-image size-large\"><img loading=\"lazy\" decoding=\"async\" width=\"1024\" height=\"568\" src=\"https:\/\/www.brige.ch\/images_22\/2022-07-14_06-bauen-1024x568.jpg\" alt=\"\" class=\"wp-image-10771\" srcset=\"https:\/\/www.brige.ch\/wp-content\/uploads\/2022-07-14_06-bauen-1024x568.jpg 1024w, https:\/\/www.brige.ch\/wp-content\/uploads\/2022-07-14_06-bauen-768x426.jpg 768w, https:\/\/www.brige.ch\/wp-content\/uploads\/2022-07-14_06-bauen.jpg 1200w\" sizes=\"auto, (max-width: 1024px) 100vw, 1024px\" \/><figcaption>Im Gebiet Kochau. Es wird wirklich viel gebaut.<\/figcaption><\/figure>\n\n\n\n<figure class=\"wp-block-image size-large\"><img loading=\"lazy\" decoding=\"async\" width=\"722\" height=\"1024\" src=\"https:\/\/www.brige.ch\/images_22\/2022-07-14_07-figur-722x1024.jpg\" alt=\"\" class=\"wp-image-10772\" srcset=\"https:\/\/www.brige.ch\/wp-content\/uploads\/2022-07-14_07-figur-722x1024.jpg 722w, https:\/\/www.brige.ch\/wp-content\/uploads\/2022-07-14_07-figur-768x1089.jpg 768w, https:\/\/www.brige.ch\/wp-content\/uploads\/2022-07-14_07-figur-1084x1536.jpg 1084w, https:\/\/www.brige.ch\/wp-content\/uploads\/2022-07-14_07-figur.jpg 1200w\" sizes=\"auto, (max-width: 722px) 100vw, 722px\" \/><figcaption>In einem Villengarten. Andreas Hofer? Georg Jennerwein? Udo J\u00fcrgens? Wir wissen es nicht.<\/figcaption><\/figure>\n\n\n\n<figure class=\"wp-block-image size-large\"><img loading=\"lazy\" decoding=\"async\" width=\"1024\" height=\"1021\" src=\"https:\/\/www.brige.ch\/images_22\/2022-07-14_08-figur-1024x1021.jpg\" alt=\"\" class=\"wp-image-10773\" srcset=\"https:\/\/www.brige.ch\/wp-content\/uploads\/2022-07-14_08-figur-1024x1021.jpg 1024w, https:\/\/www.brige.ch\/wp-content\/uploads\/2022-07-14_08-figur-768x766.jpg 768w, https:\/\/www.brige.ch\/wp-content\/uploads\/2022-07-14_08-figur-1536x1532.jpg 1536w, https:\/\/www.brige.ch\/wp-content\/uploads\/2022-07-14_08-figur-2048x2042.jpg 2048w\" sizes=\"auto, (max-width: 1024px) 100vw, 1024px\" \/><figcaption>In einem anderen Villengarten. Nein, wir wissen auch da nichts.<\/figcaption><\/figure>\n\n\n\n<figure class=\"wp-block-image size-full\"><img loading=\"lazy\" decoding=\"async\" width=\"940\" height=\"673\" src=\"https:\/\/www.brige.ch\/images_22\/2022-07-14_08-schwalbe.jpg\" alt=\"\" class=\"wp-image-10774\" srcset=\"https:\/\/www.brige.ch\/wp-content\/uploads\/2022-07-14_08-schwalbe.jpg 940w, https:\/\/www.brige.ch\/wp-content\/uploads\/2022-07-14_08-schwalbe-768x550.jpg 768w\" sizes=\"auto, (max-width: 940px) 100vw, 940px\" \/><figcaption>Die Jungschwalbe streckt frech den Schnabel raus.<\/figcaption><\/figure>\n\n\n\n<figure class=\"wp-block-image size-large\"><img loading=\"lazy\" decoding=\"async\" width=\"1024\" height=\"733\" src=\"https:\/\/www.brige.ch\/images_22\/2022-07-14_10-schwarzer-adler-1024x733.jpg\" alt=\"\" class=\"wp-image-10775\" srcset=\"https:\/\/www.brige.ch\/wp-content\/uploads\/2022-07-14_10-schwarzer-adler-1024x733.jpg 1024w, https:\/\/www.brige.ch\/wp-content\/uploads\/2022-07-14_10-schwarzer-adler-768x550.jpg 768w, https:\/\/www.brige.ch\/wp-content\/uploads\/2022-07-14_10-schwarzer-adler.jpg 1200w\" sizes=\"auto, (max-width: 1024px) 100vw, 1024px\" \/><figcaption>Die Terrasse des Schwarzen Adlers. Bertl richtet den Tisch f\u00fcr die G\u00e4ste.<\/figcaption><\/figure>\n\n\n\n<figure class=\"wp-block-image size-large\"><img loading=\"lazy\" decoding=\"async\" width=\"1024\" height=\"743\" src=\"https:\/\/www.brige.ch\/images_22\/2022-07-14_11-schwarzer-adler-1024x743.jpg\" alt=\"\" class=\"wp-image-10776\" srcset=\"https:\/\/www.brige.ch\/wp-content\/uploads\/2022-07-14_11-schwarzer-adler-1024x743.jpg 1024w, https:\/\/www.brige.ch\/wp-content\/uploads\/2022-07-14_11-schwarzer-adler-768x557.jpg 768w, https:\/\/www.brige.ch\/wp-content\/uploads\/2022-07-14_11-schwarzer-adler.jpg 1200w\" sizes=\"auto, (max-width: 1024px) 100vw, 1024px\" \/><figcaption>Der Schwarze Adler. Aufnahme ohne Verkehr auf der B161 (vorne).<\/figcaption><\/figure>\n","protected":false},"excerpt":{"rendered":"<p>Die heutige Etappe f\u00fchrt uns von der &#8222;Gamsstadt&#8220; durch das Leukental ins 13 Kilometer entfernte Jochberg. Die Strecke weist wenige H\u00f6henmeter auf und verl\u00e4uft viel auf Asphalt, oft durch Quartiere mit teuren Villen mit heruntergelassenen Rolll\u00e4den oder durch Quartiere, wo teure Villen gebaut werden, die dann auch heruntergelassene Rolll\u00e4den haben werden. Einige Eindr\u00fccke vom Tag: [&hellip;]<\/p>\n","protected":false},"author":4,"featured_media":0,"comment_status":"open","ping_status":"open","sticky":false,"template":"","format":"standard","meta":{"footnotes":""},"categories":[18],"tags":[61],"class_list":{"0":"post-10763","1":"post","2":"type-post","3":"status-publish","4":"format-standard","6":"category-wanderlust","7":"tag-alpenwanderung"},"_links":{"self":[{"href":"https:\/\/www.brige.ch\/index.php?rest_route=\/wp\/v2\/posts\/10763","targetHints":{"allow":["GET"]}}],"collection":[{"href":"https:\/\/www.brige.ch\/index.php?rest_route=\/wp\/v2\/posts"}],"about":[{"href":"https:\/\/www.brige.ch\/index.php?rest_route=\/wp\/v2\/types\/post"}],"author":[{"embeddable":true,"href":"https:\/\/www.brige.ch\/index.php?rest_route=\/wp\/v2\/users\/4"}],"replies":[{"embeddable":true,"href":"https:\/\/www.brige.ch\/index.php?rest_route=%2Fwp%2Fv2%2Fcomments&post=10763"}],"version-history":[{"count":6,"href":"https:\/\/www.brige.ch\/index.php?rest_route=\/wp\/v2\/posts\/10763\/revisions"}],"predecessor-version":[{"id":10780,"href":"https:\/\/www.brige.ch\/index.php?rest_route=\/wp\/v2\/posts\/10763\/revisions\/10780"}],"wp:attachment":[{"href":"https:\/\/www.brige.ch\/index.php?rest_route=%2Fwp%2Fv2%2Fmedia&parent=10763"}],"wp:term":[{"taxonomy":"category","embeddable":true,"href":"https:\/\/www.brige.ch\/index.php?rest_route=%2Fwp%2Fv2%2Fcategories&post=10763"},{"taxonomy":"post_tag","embeddable":true,"href":"https:\/\/www.brige.ch\/index.php?rest_route=%2Fwp%2Fv2%2Ftags&post=10763"}],"curies":[{"name":"wp","href":"https:\/\/api.w.org\/{rel}","templated":true}]}}