{"id":10781,"date":"2022-07-15T17:37:32","date_gmt":"2022-07-15T15:37:32","guid":{"rendered":"https:\/\/www.brige.ch\/?p=10781"},"modified":"2024-10-26T09:45:43","modified_gmt":"2024-10-26T07:45:43","slug":"von-jochberg-nach-mittersill","status":"publish","type":"post","link":"https:\/\/www.brige.ch\/?p=10781","title":{"rendered":"Von Jochberg nach Mittersill"},"content":{"rendered":"\n<p>Seit einigen Tagen schon sieht der Freitag in der Wetterprognose nicht so gut aus, und tats\u00e4chlich f\u00e4ngt es morgens um sieben Uhr an zu regnen, und die Wolken h\u00e4ngen in den Bergen. Der Chauffeur unseres Shuttlebusses, der p\u00fcnktlich um halb neun Uhr vorf\u00e4hrt, geht davon aus, dass wir mit unseren Koffern direkt in den n\u00e4chsten Etappenort mitfahren wollen. Aber nicht mit uns \u2013 wir wandern selbstverst\u00e4ndlich auch bei Regen! Er bringt uns also halb den Berg hoch und l\u00e4sst uns unterhalb der Bruggeralm aussteigen. Ja, die heisst tats\u00e4chlich so, die k\u00f6nnen wir doch nicht auslassen?!<\/p>\n\n\n\n<figure class=\"wp-block-image size-full\"><img loading=\"lazy\" decoding=\"async\" width=\"800\" height=\"315\" src=\"https:\/\/www.brige.ch\/images_22\/bruggeralm.jpg\" alt=\"\" class=\"wp-image-10783\" srcset=\"https:\/\/www.brige.ch\/wp-content\/uploads\/bruggeralm.jpg 800w, https:\/\/www.brige.ch\/wp-content\/uploads\/bruggeralm-768x302.jpg 768w\" sizes=\"auto, (max-width: 800px) 100vw, 800px\" \/><figcaption>Die Bruggeralm im Nebel<\/figcaption><\/figure>\n\n\n\n<p>Wir wandern das ganze Tal des Aubachs hoch bis zum Gauxjoch. Zwischendurch l\u00e4sst der Regen nach, kommt wieder, aber die Regenpausen werden immer l\u00e4nger, so dass wir die Schirme nicht mehr brauchen, als wir zur Trattenbachalm hinablaufen. Aber der Nebel ist recht hartn\u00e4ckig und wabert durch die Gegend.<\/p>\n\n\n\n<figure class=\"wp-block-image size-full\"><img loading=\"lazy\" decoding=\"async\" width=\"800\" height=\"600\" src=\"https:\/\/www.brige.ch\/images_22\/Aubachtal.jpg\" alt=\"\" class=\"wp-image-10785\" srcset=\"https:\/\/www.brige.ch\/wp-content\/uploads\/Aubachtal.jpg 800w, https:\/\/www.brige.ch\/wp-content\/uploads\/Aubachtal-768x576.jpg 768w\" sizes=\"auto, (max-width: 800px) 100vw, 800px\" \/><figcaption>Das gem\u00fctliche Aubachtal<\/figcaption><\/figure>\n\n\n\n<p>Bis zur Trattenbachalm waren wir auf einer Mountainbikeroute unterwegs, das bedeutet eine tipptoppe Fahrstrasse, ideal bei Regenwetter. Der folgende Weg zur Sonnalm hoch hingegen ist ein richtiger Wiesen-Kuhpfad mit L\u00f6chern und Kuhfladen ohne Ende. Man muss h\u00f6llisch aufpassen, wo man hintritt. \u00dcberhaupt ist die Gegend sehr lieblich h\u00fcgelig, aber es gibt nur K\u00fche und Skilifte und K\u00fche und Sesselbahnen und Schneelanzen und Bergrestaurants und K\u00fche.<\/p>\n\n\n\n<figure class=\"wp-block-image size-full\"><img loading=\"lazy\" decoding=\"async\" width=\"800\" height=\"833\" src=\"https:\/\/www.brige.ch\/images_22\/Regentag.jpg\" alt=\"\" class=\"wp-image-10789\" srcset=\"https:\/\/www.brige.ch\/wp-content\/uploads\/Regentag.jpg 800w, https:\/\/www.brige.ch\/wp-content\/uploads\/Regentag-768x800.jpg 768w\" sizes=\"auto, (max-width: 800px) 100vw, 800px\" \/><figcaption>Regentag im Tirol<\/figcaption><\/figure>\n\n\n\n<p>Wir sind nun mit 1&#8217;900 Metern auf dem h\u00f6chsten Punkt unserer Etappe angekommen, auf der Hartkaserh\u00f6he, und machen eine Pause. Bisher waren wir alleine unterwegs, aber nun str\u00f6men uns st\u00e4ndig leichtbekleidete Ausfl\u00fcgler entgegen. Logisch, etwas weiter vorne ist der Resterkogel mit der Bergstation der Panoramabahn. Die Leute wandern vermutlich etwas weiter hoch zur <a href=\"https:\/\/www.panoramaalm.net\/\" target=\"_blank\" rel=\"noreferrer noopener\">Panoramaalm<\/a>, wo nat\u00fcrlich ein Restaurant steht. Oder sogar auf den Gipfel des Zweitausenders (2&#8217;004 Meter hoch)!<\/p>\n\n\n\n<p>Wir hingegen nehmen beim Speicherteich den falschen Weg Richung Pass Thurn, aber da es eine Fahrstrasse ist, bleiben wir dabei, da wir keine Lust mehr auf Kuhpfade haben. Allerdings nehmen wir dann noch eine Abk\u00fcrzung, die auf einer Kuhweide endet, die wir hinabsteigen m\u00fcssen, um wieder auf die Fahrstrasse zu kommen \u2026<\/p>\n\n\n\n<figure class=\"wp-block-image size-large\"><img loading=\"lazy\" decoding=\"async\" width=\"697\" height=\"1024\" src=\"https:\/\/www.brige.ch\/images_22\/germer-697x1024.jpg\" alt=\"\" class=\"wp-image-10794\" srcset=\"https:\/\/www.brige.ch\/wp-content\/uploads\/germer-697x1024.jpg 697w, https:\/\/www.brige.ch\/wp-content\/uploads\/germer-768x1128.jpg 768w, https:\/\/www.brige.ch\/wp-content\/uploads\/germer.jpg 800w\" sizes=\"auto, (max-width: 697px) 100vw, 697px\" \/><figcaption>Der Weisse Germer bl\u00fcht<\/figcaption><\/figure>\n\n\n\n<p>Wir erreichen wohlbehalten die Mittelstation der Panoramabahn unterhalb des Passes Thurn (ein 1&#8217;274 Meter hoch gelegener Pass, der den Pinzgau mit dem Tirol verbindet). Die Strasse ist sehr gut ausgebaut, und der Verkehr darauf ist irrsinnig. Wir nehmen den Bus, der uns ins Salzachtal hinunter nach Mittersill f\u00e4hrt. Das St\u00e4dtchen liegt genau an der Kreuzung zweier Hauptverkehrsachsen, der Verkehr Richtung Felberntauerntunnel f\u00fchrt mitten hindurch, es ist h\u00f6llisch.<\/p>\n\n\n\n<p>Aber es hat viele Touristen, da der Nationalpark Hohe Tauern und die Kitzb\u00fcheler Alpen nebenan locken. Christof fallen gleich die ungew\u00f6hnlich vielen Menschen in Schalke-04-Fussball-Leibchen auf. Ein eine kurze Internet-Recherche verr\u00e4t: Die Mannschaft ist tats\u00e4chlich in Mittersill im Trainingslager!<\/p>\n","protected":false},"excerpt":{"rendered":"<p>Seit einigen Tagen schon sieht der Freitag in der Wetterprognose nicht so gut aus, und tats\u00e4chlich f\u00e4ngt es morgens um sieben Uhr an zu regnen, und die Wolken h\u00e4ngen in den Bergen. Der Chauffeur unseres Shuttlebusses, der p\u00fcnktlich um halb neun Uhr vorf\u00e4hrt, geht davon aus, dass wir mit unseren Koffern direkt in den n\u00e4chsten [&hellip;]<\/p>\n","protected":false},"author":3,"featured_media":0,"comment_status":"open","ping_status":"open","sticky":false,"template":"","format":"standard","meta":{"footnotes":""},"categories":[18],"tags":[61],"class_list":{"0":"post-10781","1":"post","2":"type-post","3":"status-publish","4":"format-standard","6":"category-wanderlust","7":"tag-alpenwanderung"},"_links":{"self":[{"href":"https:\/\/www.brige.ch\/index.php?rest_route=\/wp\/v2\/posts\/10781","targetHints":{"allow":["GET"]}}],"collection":[{"href":"https:\/\/www.brige.ch\/index.php?rest_route=\/wp\/v2\/posts"}],"about":[{"href":"https:\/\/www.brige.ch\/index.php?rest_route=\/wp\/v2\/types\/post"}],"author":[{"embeddable":true,"href":"https:\/\/www.brige.ch\/index.php?rest_route=\/wp\/v2\/users\/3"}],"replies":[{"embeddable":true,"href":"https:\/\/www.brige.ch\/index.php?rest_route=%2Fwp%2Fv2%2Fcomments&post=10781"}],"version-history":[{"count":11,"href":"https:\/\/www.brige.ch\/index.php?rest_route=\/wp\/v2\/posts\/10781\/revisions"}],"predecessor-version":[{"id":10796,"href":"https:\/\/www.brige.ch\/index.php?rest_route=\/wp\/v2\/posts\/10781\/revisions\/10796"}],"wp:attachment":[{"href":"https:\/\/www.brige.ch\/index.php?rest_route=%2Fwp%2Fv2%2Fmedia&parent=10781"}],"wp:term":[{"taxonomy":"category","embeddable":true,"href":"https:\/\/www.brige.ch\/index.php?rest_route=%2Fwp%2Fv2%2Fcategories&post=10781"},{"taxonomy":"post_tag","embeddable":true,"href":"https:\/\/www.brige.ch\/index.php?rest_route=%2Fwp%2Fv2%2Ftags&post=10781"}],"curies":[{"name":"wp","href":"https:\/\/api.w.org\/{rel}","templated":true}]}}