{"id":10820,"date":"2022-07-17T17:45:48","date_gmt":"2022-07-17T15:45:48","guid":{"rendered":"https:\/\/www.brige.ch\/?p=10820"},"modified":"2024-10-26T09:45:43","modified_gmt":"2024-10-26T07:45:43","slug":"von-matrei-nach-gsies","status":"publish","type":"post","link":"https:\/\/www.brige.ch\/?p=10820","title":{"rendered":"Von Matrei nach Gsies"},"content":{"rendered":"\n<p>Heute geht es gem\u00e4chlich los. Unser Bus f\u00e4hrt erst um 9.18 Uhr und bringt uns das Iseltal abw\u00e4rts nach Huben, eine Fahrt von gut zehn Minuten. Dann steigen wir um in den Bus, der das Defereggental hochf\u00e4hrt. Im ersten Bus waren wir etwa f\u00fcnf Nasen, im zweiten sind wir vielleicht zu zehnt. Die Fahrt von Huben bis \u00abSt. Jakob im Defereggental, Maria Hilf\u00bb dauert gut vierzig Minuten und verz\u00f6gert sich etwas durch eine lange Baustelle. Der Bus f\u00fcllt sich und ist etwa halbvoll, als in St. Jakob \u2013 drei Haltestellen vor unserem Ziel \u2013 ein Gruppe von etwa 30 Leuten zusteigt. Der Chauffeur ist nicht begeistert, wir sind es auch nicht \u2026<\/p>\n\n\n\n<figure class=\"wp-block-image size-large\"><img loading=\"lazy\" decoding=\"async\" width=\"1024\" height=\"498\" src=\"https:\/\/www.brige.ch\/images_22\/Defereggental-1024x498.jpg\" alt=\"\" class=\"wp-image-10829\" srcset=\"https:\/\/www.brige.ch\/wp-content\/uploads\/Defereggental-1024x498.jpg 1024w, https:\/\/www.brige.ch\/wp-content\/uploads\/Defereggental-768x373.jpg 768w, https:\/\/www.brige.ch\/wp-content\/uploads\/Defereggental-1536x747.jpg 1536w, https:\/\/www.brige.ch\/wp-content\/uploads\/Defereggental-2048x996.jpg 2048w\" sizes=\"auto, (max-width: 1024px) 100vw, 1024px\" \/><figcaption>Blick zur\u00fcck in Defereggental auf halbem Weg zum Gsieser T\u00f6rl<\/figcaption><\/figure>\n\n\n\n<p>Aber nun geht es los und gleich wieder steil bergauf Richtung \u00abGsieser T\u00f6rl\u00bb, wo die Grenze zwischen \u00d6sterreich und Italien verl\u00e4uft. Offenbar wandern wir auf einem <a rel=\"noreferrer noopener\" href=\"https:\/\/de.wikipedia.org\/wiki\/Gsieser_T%C3%B6rl\" target=\"_blank\">Schmuggler<\/a><a rel=\"noreferrer noopener\" href=\"https:\/\/de.wikipedia.org\/wiki\/Gsieser_T%C3%B6rl\" target=\"_blank\">w<\/a><a rel=\"noreferrer noopener\" href=\"https:\/\/de.wikipedia.org\/wiki\/Gsieser_T%C3%B6rl\" target=\"_blank\">e<\/a><a rel=\"noreferrer noopener\" href=\"https:\/\/de.wikipedia.org\/wiki\/Gsieser_T%C3%B6rl\" target=\"_blank\">g<\/a>. Wir starten auf 1&#8217;422 Metern und steigen zuerst in einem stotzigen Tannenwald aufw\u00e4rts, der randvoll mit reifen Heidelbeeren ist. Zwei deutsche Wanderer sind am \u00c4sen, wir \u00fcberholen sie und sehen dann keine Menschenseele mehr, bis wir nach Italien kommen. Es ist heiss, aber aus dem Lappbachtal steigt angenehm k\u00fchle Luft empor.<\/p>\n\n\n\n<figure class=\"wp-block-image size-full\"><img loading=\"lazy\" decoding=\"async\" width=\"734\" height=\"389\" src=\"https:\/\/www.brige.ch\/images_22\/Laerchenwald.jpg\" alt=\"\" class=\"wp-image-10827\"\/><figcaption>Wir wandern durch lichten L\u00e4rchenwald<\/figcaption><\/figure>\n\n\n\n<p>Ab der sehr h\u00fcbschen Lappbachalm (1&#8217;928 Meter) folgt ein malerischer L\u00e4rchenwald, bis wir die Baumgrenze hinter uns lassen. Der letzte Aufstieg geht \u00fcber Wiesen, die mit unz\u00e4hligen B\u00e4chen durchzogen sind. Auch die Kuhfladen fehlen nicht, so m\u00fcssen wir recht konzentriert gehen, auch um kein Wegzeichen zu verpassen. Dann sind wir oben und schreiten nach Italien.<\/p>\n\n\n\n<figure class=\"wp-block-image size-full\"><img loading=\"lazy\" decoding=\"async\" width=\"800\" height=\"557\" src=\"https:\/\/www.brige.ch\/images_22\/ATIT.jpg\" alt=\"\" class=\"wp-image-10831\" srcset=\"https:\/\/www.brige.ch\/wp-content\/uploads\/ATIT.jpg 800w, https:\/\/www.brige.ch\/wp-content\/uploads\/ATIT-768x535.jpg 768w\" sizes=\"auto, (max-width: 800px) 100vw, 800px\" \/><figcaption>Inspizienz des Grenzsteins auf dem Gsieser T\u00f6rl auf 2&#8217;205 Metern \u00fcber Meer<\/figcaption><\/figure>\n\n\n\n<p>Wir \u00e4ugen ins Gsiesertal und glauben, die \u00abDrei Zinnen\u00bb zu ersp\u00e4hen, wo \u00fcbermorgen unsere Wanderferien zu Ende gehen werden.<\/p>\n\n\n\n<figure class=\"wp-block-image size-full\"><img loading=\"lazy\" decoding=\"async\" width=\"800\" height=\"527\" src=\"https:\/\/www.brige.ch\/images_22\/Gsiesertal.jpg\" alt=\"\" class=\"wp-image-10833\" srcset=\"https:\/\/www.brige.ch\/wp-content\/uploads\/Gsiesertal.jpg 800w, https:\/\/www.brige.ch\/wp-content\/uploads\/Gsiesertal-768x506.jpg 768w\" sizes=\"auto, (max-width: 800px) 100vw, 800px\" \/><figcaption>Das Gsieser Tal<\/figcaption><\/figure>\n\n\n\n<p>Aber auch sonst ist die Landschaft pr\u00e4chtig, egal in welche Richtung man blickt:<\/p>\n\n\n\n<figure class=\"wp-block-image size-full\"><img loading=\"lazy\" decoding=\"async\" width=\"800\" height=\"389\" src=\"https:\/\/www.brige.ch\/images_22\/Bergwelt.jpg\" alt=\"\" class=\"wp-image-10832\" srcset=\"https:\/\/www.brige.ch\/wp-content\/uploads\/Bergwelt.jpg 800w, https:\/\/www.brige.ch\/wp-content\/uploads\/Bergwelt-768x373.jpg 768w\" sizes=\"auto, (max-width: 800px) 100vw, 800px\" \/><figcaption>Tiroler Bergwelt<\/figcaption><\/figure>\n\n\n\n<p>Ab dem Gsieser T\u00f6rl herrscht ziemlicher Betrieb auf unserem Weg das Gsieser Tal hinab, denn es ist Sonntag, und viele S\u00fcdtiroler machen einen Ausflug, verst\u00e4ndlich bei dem herrlichen Wetter. Ausserdem ist das Tal ausgesprochen h\u00fcbsch mit seinen Wiesen, W\u00e4ldern und Bergb\u00e4chen, verf\u00fcgt \u00fcber einen guten Weg sowie diverse Einkehrm\u00f6glichkeiten.<\/p>\n\n\n\n<figure class=\"wp-block-image size-full\"><img loading=\"lazy\" decoding=\"async\" width=\"800\" height=\"389\" src=\"https:\/\/www.brige.ch\/images_22\/Gsieser_Tal.jpg\" alt=\"\" class=\"wp-image-10835\" srcset=\"https:\/\/www.brige.ch\/wp-content\/uploads\/Gsieser_Tal.jpg 800w, https:\/\/www.brige.ch\/wp-content\/uploads\/Gsieser_Tal-768x373.jpg 768w\" sizes=\"auto, (max-width: 800px) 100vw, 800px\" \/><figcaption>Im Gsieser Tal<\/figcaption><\/figure>\n\n\n\n<p>Auch wir machen eine kurze Pause, verpassen aber die Messner H\u00fctte mit den ber\u00fchmten Brennesseltaschen. Erst die Wartezeit auf den Bus, der uns von \u00abTalschluss\u00bb (1&#8217;465 Meter) nach St. Martin ins Hotel bringt, verk\u00fcrzen wir mit einer Einkehr.<\/p>\n\n\n\n<figure class=\"wp-block-image size-full\"><img loading=\"lazy\" decoding=\"async\" width=\"800\" height=\"389\" src=\"https:\/\/www.brige.ch\/images_22\/kuh.jpg\" alt=\"\" class=\"wp-image-10840\" srcset=\"https:\/\/www.brige.ch\/wp-content\/uploads\/kuh.jpg 800w, https:\/\/www.brige.ch\/wp-content\/uploads\/kuh-768x373.jpg 768w\" sizes=\"auto, (max-width: 800px) 100vw, 800px\" \/><figcaption>Durstiges Wetter im S\u00fcdtirol<\/figcaption><\/figure>\n","protected":false},"excerpt":{"rendered":"<p>Heute geht es gem\u00e4chlich los. Unser Bus f\u00e4hrt erst um 9.18 Uhr und bringt uns das Iseltal abw\u00e4rts nach Huben, eine Fahrt von gut zehn Minuten. Dann steigen wir um in den Bus, der das Defereggental hochf\u00e4hrt. Im ersten Bus waren wir etwa f\u00fcnf Nasen, im zweiten sind wir vielleicht zu zehnt. Die Fahrt von [&hellip;]<\/p>\n","protected":false},"author":3,"featured_media":0,"comment_status":"open","ping_status":"open","sticky":false,"template":"","format":"standard","meta":{"footnotes":""},"categories":[18],"tags":[61],"class_list":{"0":"post-10820","1":"post","2":"type-post","3":"status-publish","4":"format-standard","6":"category-wanderlust","7":"tag-alpenwanderung"},"_links":{"self":[{"href":"https:\/\/www.brige.ch\/index.php?rest_route=\/wp\/v2\/posts\/10820","targetHints":{"allow":["GET"]}}],"collection":[{"href":"https:\/\/www.brige.ch\/index.php?rest_route=\/wp\/v2\/posts"}],"about":[{"href":"https:\/\/www.brige.ch\/index.php?rest_route=\/wp\/v2\/types\/post"}],"author":[{"embeddable":true,"href":"https:\/\/www.brige.ch\/index.php?rest_route=\/wp\/v2\/users\/3"}],"replies":[{"embeddable":true,"href":"https:\/\/www.brige.ch\/index.php?rest_route=%2Fwp%2Fv2%2Fcomments&post=10820"}],"version-history":[{"count":15,"href":"https:\/\/www.brige.ch\/index.php?rest_route=\/wp\/v2\/posts\/10820\/revisions"}],"predecessor-version":[{"id":10842,"href":"https:\/\/www.brige.ch\/index.php?rest_route=\/wp\/v2\/posts\/10820\/revisions\/10842"}],"wp:attachment":[{"href":"https:\/\/www.brige.ch\/index.php?rest_route=%2Fwp%2Fv2%2Fmedia&parent=10820"}],"wp:term":[{"taxonomy":"category","embeddable":true,"href":"https:\/\/www.brige.ch\/index.php?rest_route=%2Fwp%2Fv2%2Fcategories&post=10820"},{"taxonomy":"post_tag","embeddable":true,"href":"https:\/\/www.brige.ch\/index.php?rest_route=%2Fwp%2Fv2%2Ftags&post=10820"}],"curies":[{"name":"wp","href":"https:\/\/api.w.org\/{rel}","templated":true}]}}