{"id":10843,"date":"2022-07-18T17:10:40","date_gmt":"2022-07-18T15:10:40","guid":{"rendered":"https:\/\/www.brige.ch\/?p=10843"},"modified":"2024-10-26T09:45:43","modified_gmt":"2024-10-26T07:45:43","slug":"von-unterplanken-nach-toblach","status":"publish","type":"post","link":"https:\/\/www.brige.ch\/?p=10843","title":{"rendered":"Von Unterplanken nach Toblach"},"content":{"rendered":"\n<p>Der Kircherwirt hat uns gestern zwei Holidayp\u00e4sse in die Hand gedr\u00fcckt; Karten, mit denen man alle \u00f6ffentlichen Verkehrsmittel in S\u00fcdtirol nutzen kann. Die Karte ist ab der ersten Nutzung f\u00fcr sieben Tage g\u00fcltig. Eine tolle Sache! <\/p>\n\n\n\n<figure class=\"wp-block-image size-large\"><img loading=\"lazy\" decoding=\"async\" width=\"1024\" height=\"672\" src=\"https:\/\/www.brige.ch\/images_22\/2022-07-18_00-holiday-pass-1024x672.jpg\" alt=\"\" class=\"wp-image-10847\" srcset=\"https:\/\/www.brige.ch\/wp-content\/uploads\/2022-07-18_00-holiday-pass-1024x672.jpg 1024w, https:\/\/www.brige.ch\/wp-content\/uploads\/2022-07-18_00-holiday-pass-768x504.jpg 768w, https:\/\/www.brige.ch\/wp-content\/uploads\/2022-07-18_00-holiday-pass.jpg 1200w\" sizes=\"auto, (max-width: 1024px) 100vw, 1024px\" \/><figcaption>Der Holidaypass. Meistens g\u00fcltig.<\/figcaption><\/figure>\n\n\n\n<p>Wir stehen um 8:35 an der Haltestelle zusammen mit anderen Passagieren, alle steigen ein, halten ihre Abokarten an das Leseger\u00e4t beim Chauffeur; biip, biip, biip, t\u00f6nt es vor mir. Ich auch rein, Karte an den Leser: biip. Dann Brige. Karte an den Leser: bonk. Nochmals: bonk; es t\u00f6nt wie eine alte Windows-Fehlermeldung. Der Chauffeur: Diese Karte ist abgelaufen. Aha. Bis Unterplanken? Das macht dann \u20ac 1.50. Vermutlich hat irgendso ein Schlaubergergast vor uns die Karte schon genutzt und sie dem Kircherwirt wieder zur\u00fcckgegeben, ohne etwas zu sagen.<\/p>\n\n\n\n<figure class=\"wp-block-image size-large\"><img loading=\"lazy\" decoding=\"async\" width=\"1024\" height=\"877\" src=\"https:\/\/www.brige.ch\/images_22\/2022-07-18_01-BeatriceEgli-1024x877.jpg\" alt=\"\" class=\"wp-image-10848\" srcset=\"https:\/\/www.brige.ch\/wp-content\/uploads\/2022-07-18_01-BeatriceEgli-1024x877.jpg 1024w, https:\/\/www.brige.ch\/wp-content\/uploads\/2022-07-18_01-BeatriceEgli-768x658.jpg 768w, https:\/\/www.brige.ch\/wp-content\/uploads\/2022-07-18_01-BeatriceEgli.jpg 1200w\" sizes=\"auto, (max-width: 1024px) 100vw, 1024px\" \/><figcaption>Am Anschlag-Schopf in Unterplanken. Nein, wir sind nicht verwandt.<\/figcaption><\/figure>\n\n\n\n<figure class=\"wp-block-image size-large\"><img loading=\"lazy\" decoding=\"async\" width=\"1024\" height=\"805\" src=\"https:\/\/www.brige.ch\/images_22\/2022-07-18_02-einheizen-1024x805.jpg\" alt=\"\" class=\"wp-image-10849\" srcset=\"https:\/\/www.brige.ch\/wp-content\/uploads\/2022-07-18_02-einheizen-1024x805.jpg 1024w, https:\/\/www.brige.ch\/wp-content\/uploads\/2022-07-18_02-einheizen-768x604.jpg 768w, https:\/\/www.brige.ch\/wp-content\/uploads\/2022-07-18_02-einheizen.jpg 1200w\" sizes=\"auto, (max-width: 1024px) 100vw, 1024px\" \/><figcaption>In Unterplanken wird noch seri\u00f6s eingeheizt.<\/figcaption><\/figure>\n\n\n\n<p>Unsere Tagesetappe weist dasselbe H\u00f6henprofil wie gestern auf; schnell steil hoch und dann etwas flacher wieder herunter. Die gesamte Wegstrecke ist sehr angenehm, fast alles gute Forstwege, der Boden ist deutlich feink\u00f6rniger, fast sandig im Vergleich zu gestern. Beim Aufstieg sehen wir immer mehr von den Dolomiten. <\/p>\n\n\n\n<figure class=\"wp-block-image size-large\"><img loading=\"lazy\" decoding=\"async\" width=\"631\" height=\"1024\" src=\"https:\/\/www.brige.ch\/images_22\/2022-07-18_03-wollgras-631x1024.jpg\" alt=\"\" class=\"wp-image-10850\" srcset=\"https:\/\/www.brige.ch\/wp-content\/uploads\/2022-07-18_03-wollgras-631x1024.jpg 631w, https:\/\/www.brige.ch\/wp-content\/uploads\/2022-07-18_03-wollgras-768x1247.jpg 768w, https:\/\/www.brige.ch\/wp-content\/uploads\/2022-07-18_03-wollgras-946x1536.jpg 946w, https:\/\/www.brige.ch\/wp-content\/uploads\/2022-07-18_03-wollgras.jpg 1200w\" sizes=\"auto, (max-width: 631px) 100vw, 631px\" \/><figcaption>Wollgras vor der Schuieralm.<\/figcaption><\/figure>\n\n\n\n<figure class=\"wp-block-image size-large\"><img loading=\"lazy\" decoding=\"async\" width=\"1024\" height=\"770\" src=\"https:\/\/www.brige.ch\/images_22\/2022-07-18_07-sand-boden-1024x770.jpg\" alt=\"\" class=\"wp-image-10859\" srcset=\"https:\/\/www.brige.ch\/wp-content\/uploads\/2022-07-18_07-sand-boden-1024x770.jpg 1024w, https:\/\/www.brige.ch\/wp-content\/uploads\/2022-07-18_07-sand-boden-768x577.jpg 768w, https:\/\/www.brige.ch\/wp-content\/uploads\/2022-07-18_07-sand-boden.jpg 1200w\" sizes=\"auto, (max-width: 1024px) 100vw, 1024px\" \/><figcaption>Man w\u00e4hnt sich am Sandstrand.<\/figcaption><\/figure>\n\n\n\n<p>Wir erreichen bald die Schuieralm, den h\u00f6chsten Punkt heute. Hier treffen wir auch die erste Person an heute; eine E-Bikerin mit ihrem Hund. Die Sitzgelegenheit oben ist improvisiert, weil der Besitzer der neuen H\u00fctte gleich nebenan sein Grundst\u00fcck mit einem m\u00e4chtigen Zaun und mehreren schweren Kettenschl\u00f6ssern gesichert hat.<\/p>\n\n\n\n<figure class=\"wp-block-image size-large\"><img loading=\"lazy\" decoding=\"async\" width=\"1024\" height=\"622\" src=\"https:\/\/www.brige.ch\/images_22\/2022-07-18_04_blick-schuieralm-1024x622.jpg\" alt=\"\" class=\"wp-image-10851\" srcset=\"https:\/\/www.brige.ch\/wp-content\/uploads\/2022-07-18_04_blick-schuieralm-1024x622.jpg 1024w, https:\/\/www.brige.ch\/wp-content\/uploads\/2022-07-18_04_blick-schuieralm-768x467.jpg 768w, https:\/\/www.brige.ch\/wp-content\/uploads\/2022-07-18_04_blick-schuieralm.jpg 1200w\" sizes=\"auto, (max-width: 1024px) 100vw, 1024px\" \/><figcaption>Auf der Schuieralm. Blick ins Tal.<\/figcaption><\/figure>\n\n\n\n<figure class=\"wp-block-image size-large\"><img loading=\"lazy\" decoding=\"async\" width=\"1024\" height=\"599\" src=\"https:\/\/www.brige.ch\/images_22\/2022-07-18_05_sitz-schuieralm-1024x599.jpg\" alt=\"\" class=\"wp-image-10852\" srcset=\"https:\/\/www.brige.ch\/wp-content\/uploads\/2022-07-18_05_sitz-schuieralm-1024x599.jpg 1024w, https:\/\/www.brige.ch\/wp-content\/uploads\/2022-07-18_05_sitz-schuieralm-768x449.jpg 768w, https:\/\/www.brige.ch\/wp-content\/uploads\/2022-07-18_05_sitz-schuieralm.jpg 1200w\" sizes=\"auto, (max-width: 1024px) 100vw, 1024px\" \/><figcaption>Sitzen auf der Schuieralm.<\/figcaption><\/figure>\n\n\n\n<p>Beim Abstieg kurz nach Fondeigen kommt uns ein junges Paar entgegen. &#8222;Sprechen Sie deutsch?&#8220; Ja, tun wir. Das Paar will wissen, ob wir uns hier gut auskennen. Ja, klar. Wegen der Quelle. Dann zeigt er mir einen kleinen Faltplan mit den allerwichtigsten Wegen, aber nicht wirklich wandertauglich. Er weiss nicht, wo er sich befindet. &#8222;Wir sind etwas von der Route abgekommen, hier der blaue Punkt, das ist die Quelle&#8220;. Am blauen Punkt sind wir tats\u00e4chlich kurz vorher vorbeigekommen. Das ist aber keine Quelle, sondern ein Automat mit Bio-Produkten und Getr\u00e4nken. Wir schicken die beiden dort hoch, und hoffen das Beste f\u00fcr sie.<\/p>\n\n\n\n<figure class=\"wp-block-image size-large\"><img loading=\"lazy\" decoding=\"async\" width=\"756\" height=\"1024\" src=\"https:\/\/www.brige.ch\/images_22\/2022-07-18_08-quelle-756x1024.jpg\" alt=\"\" class=\"wp-image-10853\" srcset=\"https:\/\/www.brige.ch\/wp-content\/uploads\/2022-07-18_08-quelle-756x1024.jpg 756w, https:\/\/www.brige.ch\/wp-content\/uploads\/2022-07-18_08-quelle-768x1041.jpg 768w, https:\/\/www.brige.ch\/wp-content\/uploads\/2022-07-18_08-quelle-1134x1536.jpg 1134w, https:\/\/www.brige.ch\/wp-content\/uploads\/2022-07-18_08-quelle.jpg 1200w\" sizes=\"auto, (max-width: 756px) 100vw, 756px\" \/><figcaption>Der erw\u00e4hnte Automat bei Fondeigen.<\/figcaption><\/figure>\n\n\n\n<figure class=\"wp-block-image size-large\"><img loading=\"lazy\" decoding=\"async\" width=\"1024\" height=\"797\" src=\"https:\/\/www.brige.ch\/images_22\/2022-07-18_06-blick-dolomiten-1024x797.jpg\" alt=\"\" class=\"wp-image-10854\" srcset=\"https:\/\/www.brige.ch\/wp-content\/uploads\/2022-07-18_06-blick-dolomiten-1024x797.jpg 1024w, https:\/\/www.brige.ch\/wp-content\/uploads\/2022-07-18_06-blick-dolomiten-768x598.jpg 768w, https:\/\/www.brige.ch\/wp-content\/uploads\/2022-07-18_06-blick-dolomiten.jpg 1200w\" sizes=\"auto, (max-width: 1024px) 100vw, 1024px\" \/><figcaption>Blick in die Dolomiten.<\/figcaption><\/figure>\n\n\n\n<figure class=\"wp-block-image size-large\"><img loading=\"lazy\" decoding=\"async\" width=\"1024\" height=\"895\" src=\"https:\/\/www.brige.ch\/images_22\/2022-07-18_08-blick-toblach-1024x895.jpg\" alt=\"\" class=\"wp-image-10855\" srcset=\"https:\/\/www.brige.ch\/wp-content\/uploads\/2022-07-18_08-blick-toblach-1024x895.jpg 1024w, https:\/\/www.brige.ch\/wp-content\/uploads\/2022-07-18_08-blick-toblach-768x671.jpg 768w, https:\/\/www.brige.ch\/wp-content\/uploads\/2022-07-18_08-blick-toblach.jpg 1200w\" sizes=\"auto, (max-width: 1024px) 100vw, 1024px\" \/><figcaption>Blick ins Tal nach Toblach.<\/figcaption><\/figure>\n\n\n\n<figure class=\"wp-block-image size-large\"><img loading=\"lazy\" decoding=\"async\" width=\"933\" height=\"1024\" src=\"https:\/\/www.brige.ch\/images_22\/2022-07-18_09-strassenlampe-933x1024.jpg\" alt=\"\" class=\"wp-image-10857\" srcset=\"https:\/\/www.brige.ch\/wp-content\/uploads\/2022-07-18_09-strassenlampe-933x1024.jpg 933w, https:\/\/www.brige.ch\/wp-content\/uploads\/2022-07-18_09-strassenlampe-768x843.jpg 768w, https:\/\/www.brige.ch\/wp-content\/uploads\/2022-07-18_09-strassenlampe.jpg 1200w\" sizes=\"auto, (max-width: 933px) 100vw, 933px\" \/><figcaption>Bei Wahlen. Brige atmet auf. Endlich beleuchtete Wanderwege!<\/figcaption><\/figure>\n\n\n\n<p>Nach einer kurzen Gegensteigung erreichen wir Wahlen im Val Silvestre. Es ist schon ordentlich warm, aber uns l\u00e4uft es gut, also verzichten wir auf den Bus und wandern nach Toblach mitten ins Zentrum, wo noch der Markt im Gang ist. Wir st\u00e4rken uns im Schatten von Kastanien, freuen uns an den gut angezogenen Leuten und lassen ein wenig die Seele baumeln.<\/p>\n\n\n\n<p>Auf einem nicht vorgesehenen, aber sehr sch\u00f6nen Umweg kommen wir am Toblacher Naturbadesee vorbei, wir passieren Neu-Toblach und erreichen bald das Hotel Germania, wo schon das Gep\u00e4ck wartet und ein Umschlag unseres Tour-Operators. Dieser will wissen, ob wir morgen den Shuttle-Dienst f\u00fcr die Anfahrt zur Drei-Zinnen-Tour beanspruchen wollen. Wollen wir! Mehr dazu morgen.<\/p>\n\n\n\n<figure class=\"wp-block-image size-large\"><img loading=\"lazy\" decoding=\"async\" width=\"1024\" height=\"792\" src=\"https:\/\/www.brige.ch\/images_22\/2022-07-18_10-fluss-bagger-1024x792.jpg\" alt=\"\" class=\"wp-image-10856\" srcset=\"https:\/\/www.brige.ch\/wp-content\/uploads\/2022-07-18_10-fluss-bagger-1024x792.jpg 1024w, https:\/\/www.brige.ch\/wp-content\/uploads\/2022-07-18_10-fluss-bagger-768x594.jpg 768w, https:\/\/www.brige.ch\/wp-content\/uploads\/2022-07-18_10-fluss-bagger.jpg 1200w\" sizes=\"auto, (max-width: 1024px) 100vw, 1024px\" \/><figcaption>In der N\u00e4he des Hotels. Baggerarbeiten im Fluss Rienz.<\/figcaption><\/figure>\n\n\n\n<p><\/p>\n","protected":false},"excerpt":{"rendered":"<p>Der Kircherwirt hat uns gestern zwei Holidayp\u00e4sse in die Hand gedr\u00fcckt; Karten, mit denen man alle \u00f6ffentlichen Verkehrsmittel in S\u00fcdtirol nutzen kann. Die Karte ist ab der ersten Nutzung f\u00fcr sieben Tage g\u00fcltig. Eine tolle Sache! Wir stehen um 8:35 an der Haltestelle zusammen mit anderen Passagieren, alle steigen ein, halten ihre Abokarten an das [&hellip;]<\/p>\n","protected":false},"author":4,"featured_media":0,"comment_status":"open","ping_status":"open","sticky":false,"template":"","format":"standard","meta":{"footnotes":""},"categories":[18],"tags":[61],"class_list":{"0":"post-10843","1":"post","2":"type-post","3":"status-publish","4":"format-standard","6":"category-wanderlust","7":"tag-alpenwanderung"},"_links":{"self":[{"href":"https:\/\/www.brige.ch\/index.php?rest_route=\/wp\/v2\/posts\/10843","targetHints":{"allow":["GET"]}}],"collection":[{"href":"https:\/\/www.brige.ch\/index.php?rest_route=\/wp\/v2\/posts"}],"about":[{"href":"https:\/\/www.brige.ch\/index.php?rest_route=\/wp\/v2\/types\/post"}],"author":[{"embeddable":true,"href":"https:\/\/www.brige.ch\/index.php?rest_route=\/wp\/v2\/users\/4"}],"replies":[{"embeddable":true,"href":"https:\/\/www.brige.ch\/index.php?rest_route=%2Fwp%2Fv2%2Fcomments&post=10843"}],"version-history":[{"count":5,"href":"https:\/\/www.brige.ch\/index.php?rest_route=\/wp\/v2\/posts\/10843\/revisions"}],"predecessor-version":[{"id":10860,"href":"https:\/\/www.brige.ch\/index.php?rest_route=\/wp\/v2\/posts\/10843\/revisions\/10860"}],"wp:attachment":[{"href":"https:\/\/www.brige.ch\/index.php?rest_route=%2Fwp%2Fv2%2Fmedia&parent=10843"}],"wp:term":[{"taxonomy":"category","embeddable":true,"href":"https:\/\/www.brige.ch\/index.php?rest_route=%2Fwp%2Fv2%2Fcategories&post=10843"},{"taxonomy":"post_tag","embeddable":true,"href":"https:\/\/www.brige.ch\/index.php?rest_route=%2Fwp%2Fv2%2Ftags&post=10843"}],"curies":[{"name":"wp","href":"https:\/\/api.w.org\/{rel}","templated":true}]}}