{"id":10887,"date":"2022-07-21T11:22:55","date_gmt":"2022-07-21T09:22:55","guid":{"rendered":"https:\/\/www.brige.ch\/?p=10887"},"modified":"2024-10-26T09:45:43","modified_gmt":"2024-10-26T07:45:43","slug":"von-toblach-nach-brugg","status":"publish","type":"post","link":"https:\/\/www.brige.ch\/?p=10887","title":{"rendered":"Von Toblach nach Brugg"},"content":{"rendered":"\n<p>Am Bahnhof Toblach sehen wir, wie in der N\u00e4he ein Segelflugzeug steil in den Himmel sticht. So ein Seilwindenstart sieht einfach spektakul\u00e4r aus; auch die anderen wartenden Passagiere recken ihre H\u00e4lse. Einmal mit dem Segelflugzeug <a href=\"https:\/\/www.youtube.com\/watch?v=fjl3SAmMVC0\" target=\"_blank\" rel=\"noreferrer noopener\">um die Drei Zinnen<\/a>, das w\u00e4re was!<\/p>\n\n\n\n<p>Die erste Etappe der R\u00fcckreise f\u00fchrt durch das Pustertal bis Franzensfeste auf der S\u00fcdseite des Brenners. Die Fahrt ist wunderbar, das S\u00fcdtirol pr\u00e4sentiert sich von der besten Seite, was man von unserem Sitznachbarn im gegen\u00fcberliegenden Abteil nicht sagen kann, der \u00e4ltere Herr belegt alle vier Pl\u00e4tze und pr\u00e4sentiert seine nackten grauslichen F\u00fcssen.<\/p>\n\n\n\n<p>Der Zug f\u00e4hrt entlang der beeindruckenden Festung in den Bahnhof ein, wo wir einen unfreiwillig verl\u00e4ngerten Aufenthalt haben, der Anschlusszug aus Bologna nach Innsbruck hat eine Viertelstunde Versp\u00e4tung. Als er dann einf\u00e4hrt, fehlt einer der beiden 1. Klasswagen. Schade, dass in genau diesem unsere reservierten Sitzpl\u00e4tze sind. Aber der Zugbegleiter bewirkt wahre Wunder und kann alle G\u00e4ste platzieren, wir erhalten sogar zwei Fensterpl\u00e4tze im vorhandenen 1. Klasswagen. Wir kommen uns vor wie in \u00abHilberts Hotel\u00bb, einem h\u00fcbschen mathematischen Theorem, wie in einem voll belegten Hotel mit einer unendlichen Anzahl Zimmer immer noch ein weiterer Gast <a rel=\"noreferrer noopener\" href=\"https:\/\/de.wikipedia.org\/wiki\/Hilberts_Hotel\" target=\"_blank\">ein freies Zimmer<\/a> erh\u00e4lt.<\/p>\n\n\n\n<p>Da wir in Innsbruck planm\u00e4ssig etwa eine Stunde Aufenthalt haben, macht uns die Versp\u00e4tung keine Sorgen und wir geniessen entspannt die Fahrt \u00fcber den Brenner. In Innsbruck haben wir noch mehr Zeit als vorgesehen, der RailJet nach Z\u00fcrich weist auch eine halbe Stunde Versp\u00e4tung auf; wir k\u00f6nnen also ganz gem\u00fctlich feine Sandwiches vom Traditionsb\u00e4cker Ruetz geniessen und nachher noch zwei gl\u00fchendheisse Cappuccinos trinken, der uns den Schweiss aus den Poren treibt.<\/p>\n\n\n\n<figure class=\"wp-block-image size-full\"><img loading=\"lazy\" decoding=\"async\" width=\"677\" height=\"451\" src=\"https:\/\/www.brige.ch\/images_22\/ruetz.jpg\" alt=\"\" class=\"wp-image-10889\"\/><figcaption>Die B\u00e4ckerei Ruetz macht feine Brote.<\/figcaption><\/figure>\n\n\n\n<p>Die Versp\u00e4tung des RailJets ist weiter angewachsen und endlich geht es um 14:30 Uhr Richtung Z\u00fcrich. Der Schweizer Zugbegleiter ist ein Vollprofi, er informiert alle Passagiere dreisprachig und er hat alle Anschl\u00fcsse und Tarife im Kopf. Er macht uns auch auf die Fehler in unseren Billets aufmerksam, erl\u00e4sst uns aber den Aufpreis; daf\u00fcr fotografiert er die Billets und meint, das werde er gleich selbst regeln mit dem Personal am Bahnhof Brugg.<\/p>\n\n\n\n<p>Mittlerweilen sind schwarze Wolken aufgezogen, der Himmel pr\u00e4sentiert sich dramatisch und etwa bei St. Anton am Arlberg beginnt es zu sch\u00fctten. Dank der Versp\u00e4tung komme ich in meiner Lekt\u00fcre gut voran; um mich vor dem L\u00e4rmpegel im Wagen zu sch\u00fctzen, trage ich Kopfh\u00f6rer und lasse Regenger\u00e4usche auf meinem Smartphone laufen.<\/p>\n\n\n\n<figure class=\"wp-block-image size-large\"><img loading=\"lazy\" decoding=\"async\" width=\"631\" height=\"1024\" src=\"https:\/\/www.brige.ch\/images_22\/lesen-631x1024.jpg\" alt=\"\" class=\"wp-image-10890\" srcset=\"https:\/\/www.brige.ch\/wp-content\/uploads\/lesen-631x1024.jpg 631w, https:\/\/www.brige.ch\/wp-content\/uploads\/lesen-768x1245.jpg 768w, https:\/\/www.brige.ch\/wp-content\/uploads\/lesen-947x1536.jpg 947w, https:\/\/www.brige.ch\/wp-content\/uploads\/lesen.jpg 1200w\" sizes=\"auto, (max-width: 631px) 100vw, 631px\" \/><figcaption>Jos\u00e9 Eduardo Agualusa: <a href=\"http:\/\/www.unionsverlag.com\/info\/title.asp?title_id=7902\" target=\"_blank\" rel=\"noreferrer noopener\">Barrocco Tropical<\/a>, Unionsverlag.<\/figcaption><\/figure>\n\n\n\n<p>Bis nach Buchs haben wir nichts von der Versp\u00e4tung aufgeholt; daf\u00fcr kommt es jetzt zu einem l\u00e4ngeren Polizeieinsatz, es wird eine Person aus dem Zug abgef\u00fchrt. Die zus\u00e4tzliche Verz\u00f6gerung f\u00fchrt dazu, dass wir bis Ziegelbr\u00fccke hinter der S-Bahn herzuckeln. Die Geschwindigkeitsanzeige im Wagen zeigt immer etwa 65 km\/h an. Aber wir sind zufrieden; unser Zug f\u00e4hrt und wir haben Sitzpl\u00e4tze. Andere Reisende sind da deutlich schlechter unterwegs &#8230; (<em><a rel=\"noreferrer noopener\" href=\"https:\/\/www.watson.ch\/schweiz\/sbb\/417229633-ausfaelle-verspaetungen-im-sommer-der-flug-krise-blamiert-sich-die-bah\" target=\"_blank\">Ausf\u00e4lle, Versp\u00e4tungen und Hitze: Im Sommer der Flug-Krise blamiert sich die Bahn<\/a><\/em>)<\/p>\n\n\n\n<p>Endlich kommen wir m\u00fcde vom Nichtstun in Brugg an, den Kopf voll mit sch\u00f6nen Eindr\u00fccken und Erinnerungen an unsere Wanderung durch die Alpen.<\/p>\n","protected":false},"excerpt":{"rendered":"<p>Am Bahnhof Toblach sehen wir, wie in der N\u00e4he ein Segelflugzeug steil in den Himmel sticht. So ein Seilwindenstart sieht einfach spektakul\u00e4r aus; auch die anderen wartenden Passagiere recken ihre H\u00e4lse. Einmal mit dem Segelflugzeug um die Drei Zinnen, das w\u00e4re was! Die erste Etappe der R\u00fcckreise f\u00fchrt durch das Pustertal bis Franzensfeste auf der [&hellip;]<\/p>\n","protected":false},"author":4,"featured_media":0,"comment_status":"open","ping_status":"open","sticky":false,"template":"","format":"standard","meta":{"footnotes":""},"categories":[18],"tags":[61],"class_list":{"0":"post-10887","1":"post","2":"type-post","3":"status-publish","4":"format-standard","6":"category-wanderlust","7":"tag-alpenwanderung"},"_links":{"self":[{"href":"https:\/\/www.brige.ch\/index.php?rest_route=\/wp\/v2\/posts\/10887","targetHints":{"allow":["GET"]}}],"collection":[{"href":"https:\/\/www.brige.ch\/index.php?rest_route=\/wp\/v2\/posts"}],"about":[{"href":"https:\/\/www.brige.ch\/index.php?rest_route=\/wp\/v2\/types\/post"}],"author":[{"embeddable":true,"href":"https:\/\/www.brige.ch\/index.php?rest_route=\/wp\/v2\/users\/4"}],"replies":[{"embeddable":true,"href":"https:\/\/www.brige.ch\/index.php?rest_route=%2Fwp%2Fv2%2Fcomments&post=10887"}],"version-history":[{"count":4,"href":"https:\/\/www.brige.ch\/index.php?rest_route=\/wp\/v2\/posts\/10887\/revisions"}],"predecessor-version":[{"id":11764,"href":"https:\/\/www.brige.ch\/index.php?rest_route=\/wp\/v2\/posts\/10887\/revisions\/11764"}],"wp:attachment":[{"href":"https:\/\/www.brige.ch\/index.php?rest_route=%2Fwp%2Fv2%2Fmedia&parent=10887"}],"wp:term":[{"taxonomy":"category","embeddable":true,"href":"https:\/\/www.brige.ch\/index.php?rest_route=%2Fwp%2Fv2%2Fcategories&post=10887"},{"taxonomy":"post_tag","embeddable":true,"href":"https:\/\/www.brige.ch\/index.php?rest_route=%2Fwp%2Fv2%2Ftags&post=10887"}],"curies":[{"name":"wp","href":"https:\/\/api.w.org\/{rel}","templated":true}]}}