{"id":10905,"date":"2023-07-29T16:45:29","date_gmt":"2023-07-29T14:45:29","guid":{"rendered":"https:\/\/www.brige.ch\/?p=10905"},"modified":"2024-10-26T09:45:43","modified_gmt":"2024-10-26T07:45:43","slug":"vom-aargau-ins-allgaeu","status":"publish","type":"post","link":"https:\/\/www.brige.ch\/?p=10905","title":{"rendered":"Vom Aargau ins Allg\u00e4u"},"content":{"rendered":"\n<p>Testbeitrag f\u00fcr die kommende Wanderung. Am Dienstag reisen wir an, am Mittwoch wandern wir los und am Sonntag stehen wir; vermutlich mit vielen anderen Wanderern, auf dem <a href=\"https:\/\/www.alpsee-gruenten.de\/gruenten\" target=\"_blank\" rel=\"noreferrer noopener\">\u00abW\u00e4chter des Allg\u00e4us\u00bb<\/a>, dem Gr\u00fcnten.<\/p>\n\n\n\n<figure class=\"wp-block-image size-full\"><img loading=\"lazy\" decoding=\"async\" width=\"768\" height=\"576\" src=\"https:\/\/www.brige.ch\/wp-content\/uploads\/2023\/07\/gruenten.jpg\" alt=\"\" class=\"wp-image-10906\"\/><figcaption class=\"wp-element-caption\">Der Gr\u00fcnten mit dem \u00dcbelhorn (1738 M. \u00fc. M.); Bild: <a href=\"https:\/\/de.wikipedia.org\/wiki\/Benutzer:canismajoris\" target=\"_blank\" rel=\"noreferrer noopener\">canismajoris<\/a>; <a href=\"http:\/\/creativecommons.org\/licenses\/by-sa\/3.0\/\" target=\"_blank\" rel=\"noreferrer noopener\">CC BY-SA 3.0<\/a><\/figcaption><\/figure>\n","protected":false},"excerpt":{"rendered":"<p>Testbeitrag f\u00fcr die kommende Wanderung. Am Dienstag reisen wir an, am Mittwoch wandern wir los und am Sonntag stehen wir; vermutlich mit vielen anderen Wanderern, auf dem \u00abW\u00e4chter des Allg\u00e4us\u00bb, dem Gr\u00fcnten.<\/p>\n","protected":false},"author":4,"featured_media":0,"comment_status":"open","ping_status":"open","sticky":false,"template":"","format":"standard","meta":{"footnotes":""},"categories":[18],"tags":[62],"class_list":{"0":"post-10905","1":"post","2":"type-post","3":"status-publish","4":"format-standard","6":"category-wanderlust","7":"tag-wasserlaeufer-himmelsstuermer"},"_links":{"self":[{"href":"https:\/\/www.brige.ch\/index.php?rest_route=\/wp\/v2\/posts\/10905","targetHints":{"allow":["GET"]}}],"collection":[{"href":"https:\/\/www.brige.ch\/index.php?rest_route=\/wp\/v2\/posts"}],"about":[{"href":"https:\/\/www.brige.ch\/index.php?rest_route=\/wp\/v2\/types\/post"}],"author":[{"embeddable":true,"href":"https:\/\/www.brige.ch\/index.php?rest_route=\/wp\/v2\/users\/4"}],"replies":[{"embeddable":true,"href":"https:\/\/www.brige.ch\/index.php?rest_route=%2Fwp%2Fv2%2Fcomments&post=10905"}],"version-history":[{"count":2,"href":"https:\/\/www.brige.ch\/index.php?rest_route=\/wp\/v2\/posts\/10905\/revisions"}],"predecessor-version":[{"id":10908,"href":"https:\/\/www.brige.ch\/index.php?rest_route=\/wp\/v2\/posts\/10905\/revisions\/10908"}],"wp:attachment":[{"href":"https:\/\/www.brige.ch\/index.php?rest_route=%2Fwp%2Fv2%2Fmedia&parent=10905"}],"wp:term":[{"taxonomy":"category","embeddable":true,"href":"https:\/\/www.brige.ch\/index.php?rest_route=%2Fwp%2Fv2%2Fcategories&post=10905"},{"taxonomy":"post_tag","embeddable":true,"href":"https:\/\/www.brige.ch\/index.php?rest_route=%2Fwp%2Fv2%2Ftags&post=10905"}],"curies":[{"name":"wp","href":"https:\/\/api.w.org\/{rel}","templated":true}]}}