{"id":10914,"date":"2023-08-01T20:23:47","date_gmt":"2023-08-01T18:23:47","guid":{"rendered":"https:\/\/www.brige.ch\/?p=10914"},"modified":"2024-10-26T09:45:43","modified_gmt":"2024-10-26T07:45:43","slug":"anreise-von-brugg-nach-scheidegg","status":"publish","type":"post","link":"https:\/\/www.brige.ch\/?p=10914","title":{"rendered":"Anreise von Brugg nach Scheidegg"},"content":{"rendered":"\n<p>Die kurze Distanz zum Bahnhof bringen wir trockenen Fusses hinter uns. \u00dcberraschend, denn bis vor kurzem goss es noch wie aus K\u00fcbeln. Z\u00fcgig umsteigen in Z\u00fcrich, von Gleis 18 zum Gleis 34, 9 Minuten f\u00fcr die Maximaldistanz. Im EC99 nach M\u00fcnchen tummelt sich im hintersten Wagen ein ausgesprochen internationales Publikum; unser amerikanischer Sitznachbar f\u00fchrt erst eine telefonische Besprechung mit seinem Gesch\u00e4ftspartner und nimmt anschliessend an einer Videokonferenz teil.<\/p>\n\n\n\n<p>Kurze zweieinhalb Stunden nach der Abfahrt treffen wir in Lindau ein, wo es genau dann zu regnen beginnt, als wir die Buskante 4 suchen m\u00fcssen. Der Kleinbus f\u00fchrt uns in einer halben Stunde nach Scheidegg, wo wir mittags im Hotel Post absteigen. Es sch\u00fcttet noch immer.<\/p>\n\n\n\n<p>Sobald der Regen nachl\u00e4sst, erkunden wir den <a rel=\"noreferrer noopener\" href=\"https:\/\/www.scheidegg.de\/\" target=\"_blank\">heilklimatischen Kurort Premium Class und die Sonnenterrasse \u00fcberm Bodensee<\/a> und nehmen den kurzen H\u00f6henweg unter die F\u00fcsse, der ums Dorf f\u00fchrt. Ganz oben beim Kreuzberg bietet sich eine pr\u00e4chtige Aussicht. <\/p>\n\n\n\n<figure class=\"wp-block-image size-full\"><a href=\"https:\/\/www.brige.ch\/wp-content\/uploads\/2023\/08\/20230801-02-Scheidegg-gross-scaled.jpg\" target=\"_blank\" rel=\"noreferrer noopener\"><img loading=\"lazy\" decoding=\"async\" width=\"768\" height=\"331\" src=\"https:\/\/www.brige.ch\/wp-content\/uploads\/2023\/08\/20230801-02-Scheidegg-klein.jpg\" alt=\"\" class=\"wp-image-10916\"\/><\/a><figcaption class=\"wp-element-caption\">Blick auf Scheidegg (aufs Bild klicken zum Vergr\u00f6ssern)<\/figcaption><\/figure>\n\n\n\n<p>Allerdings beginnt es jetzt wieder zu sch\u00fctten, und zwar horizontal. Zwischendurch haben wir Angst um unsere Wanderschirme. Meine Halbschuhe und meine Jeans sind schon ziemlich nass. Diese Wanderung beginnt ja gut &#8230;<\/p>\n\n\n\n<figure class=\"wp-block-image size-full\"><img loading=\"lazy\" decoding=\"async\" width=\"768\" height=\"922\" src=\"https:\/\/www.brige.ch\/wp-content\/uploads\/2023\/08\/20230801-01-Brige-Schirm.jpg\" alt=\"\" class=\"wp-image-10918\"\/><figcaption class=\"wp-element-caption\">Der Wind bl\u00e4st ordentlich.<\/figcaption><\/figure>\n\n\n\n<p>Auf der R\u00fcckkehr ins Dorf statten wir <em>Danielas Genusswelt<\/em> einen Besuch ab und st\u00e4rken uns mit wichtigen Eiweissen und Kohlehydraten in Form von Cappuccino und Kuchen. Gegen Abend beginnt es aufzuhellen, und der Wetterbericht f\u00fcr die n\u00e4chsten zwei Tage scheint ganz passabel. Wir kehren abends beim Italiener im Gran Sasso ein, wo wir das Tagesbudget bereits zum ersten Mal \u00fcberschreiten und uns daf\u00fcr die B\u00e4uche vollschlagen f\u00fcr die erste Wanderetappe morgen. Brige kippt am Schluss sogar noch einen Limoncello.<\/p>\n","protected":false},"excerpt":{"rendered":"<p>Die kurze Distanz zum Bahnhof bringen wir trockenen Fusses hinter uns. \u00dcberraschend, denn bis vor kurzem goss es noch wie aus K\u00fcbeln. Z\u00fcgig umsteigen in Z\u00fcrich, von Gleis 18 zum Gleis 34, 9 Minuten f\u00fcr die Maximaldistanz. Im EC99 nach M\u00fcnchen tummelt sich im hintersten Wagen ein ausgesprochen internationales Publikum; unser amerikanischer Sitznachbar f\u00fchrt erst [&hellip;]<\/p>\n","protected":false},"author":4,"featured_media":0,"comment_status":"open","ping_status":"open","sticky":false,"template":"","format":"standard","meta":{"footnotes":""},"categories":[18],"tags":[62],"class_list":{"0":"post-10914","1":"post","2":"type-post","3":"status-publish","4":"format-standard","6":"category-wanderlust","7":"tag-wasserlaeufer-himmelsstuermer"},"_links":{"self":[{"href":"https:\/\/www.brige.ch\/index.php?rest_route=\/wp\/v2\/posts\/10914","targetHints":{"allow":["GET"]}}],"collection":[{"href":"https:\/\/www.brige.ch\/index.php?rest_route=\/wp\/v2\/posts"}],"about":[{"href":"https:\/\/www.brige.ch\/index.php?rest_route=\/wp\/v2\/types\/post"}],"author":[{"embeddable":true,"href":"https:\/\/www.brige.ch\/index.php?rest_route=\/wp\/v2\/users\/4"}],"replies":[{"embeddable":true,"href":"https:\/\/www.brige.ch\/index.php?rest_route=%2Fwp%2Fv2%2Fcomments&post=10914"}],"version-history":[{"count":5,"href":"https:\/\/www.brige.ch\/index.php?rest_route=\/wp\/v2\/posts\/10914\/revisions"}],"predecessor-version":[{"id":10923,"href":"https:\/\/www.brige.ch\/index.php?rest_route=\/wp\/v2\/posts\/10914\/revisions\/10923"}],"wp:attachment":[{"href":"https:\/\/www.brige.ch\/index.php?rest_route=%2Fwp%2Fv2%2Fmedia&parent=10914"}],"wp:term":[{"taxonomy":"category","embeddable":true,"href":"https:\/\/www.brige.ch\/index.php?rest_route=%2Fwp%2Fv2%2Fcategories&post=10914"},{"taxonomy":"post_tag","embeddable":true,"href":"https:\/\/www.brige.ch\/index.php?rest_route=%2Fwp%2Fv2%2Ftags&post=10914"}],"curies":[{"name":"wp","href":"https:\/\/api.w.org\/{rel}","templated":true}]}}