{"id":10932,"date":"2023-08-03T20:50:54","date_gmt":"2023-08-03T18:50:54","guid":{"rendered":"https:\/\/www.brige.ch\/?p=10932"},"modified":"2024-10-26T09:45:43","modified_gmt":"2024-10-26T07:45:43","slug":"etappe-2-von-weiler-nach-oberstaufen","status":"publish","type":"post","link":"https:\/\/www.brige.ch\/?p=10932","title":{"rendered":"Etappe 2: Von Weiler nach Oberstaufen"},"content":{"rendered":"\n<p>Unsere Beine sind m\u00fcde. Hinter uns liegt die l\u00e4ngste Etappe unserer Wanderung. Knapp 24 Kilometer waren das heute von Hotel zu Hotel. Aber sch\u00f6n war es! Und ganz regenfrei, obwohl es den ganzen Tag bedeckt war. Wir sahen am Horizont immer blauen Himmel, aber \u00fcber uns war&#8217;s verhangen und dunkel.<\/p>\n\n\n\n<p>Der Wanderweg f\u00fchrte die ersten zwei Stunden durch den Hausbachklamm hoch; wir sind dem Fl\u00fcsschen von gestern bis hoch zur Quelle gefolgt. <\/p>\n\n\n\n<figure class=\"wp-block-image size-full\"><img loading=\"lazy\" decoding=\"async\" width=\"768\" height=\"432\" src=\"https:\/\/www.brige.ch\/wp-content\/uploads\/2023\/08\/2023-08-03_Hausbachklamm.jpg\" alt=\"\" class=\"wp-image-10935\"\/><figcaption class=\"wp-element-caption\">Blick auf den oberen Hausbachklamm; flussabw\u00e4rts der untere Hausbachklamm<\/figcaption><\/figure>\n\n\n\n<p>Unterwegs stiessen wir einmal mehr auf tolle Ortsnamen; Schnellers oder Vorderschweinh\u00f6f! Und ja, es gibt auch ein Hinterschweinh\u00f6f. Auf der H\u00f6he weitete sich der Blick, wir durchquerten ein sch\u00f6nes Hochmoor, es gab immer wieder Pflanzen zu bestimmen, das Sumpf-Herzblatt (Parnassia palustris) etwa.<\/p>\n\n\n\n<figure class=\"wp-block-image size-full\"><img loading=\"lazy\" decoding=\"async\" width=\"768\" height=\"758\" src=\"https:\/\/www.brige.ch\/wp-content\/uploads\/2023\/08\/20230803_vorderschweinhoef.jpg\" alt=\"\" class=\"wp-image-10936\"\/><figcaption class=\"wp-element-caption\">Ohne Kommentar<\/figcaption><\/figure>\n\n\n\n<figure class=\"wp-block-image size-full\"><img loading=\"lazy\" decoding=\"async\" width=\"768\" height=\"432\" src=\"https:\/\/www.brige.ch\/wp-content\/uploads\/2023\/08\/2023-08-03_Moorteich.jpg\" alt=\"\" class=\"wp-image-10937\"\/><figcaption class=\"wp-element-caption\">Moorteich an der deutsch-\u00f6sterreichischen Grenze<\/figcaption><\/figure>\n\n\n\n<p>Die Route f\u00fchrte jetzt hart entlang der Grenze zwischen Bayern und Vorarlberg, die Gegend heisst dort &#8222;Auf dem Ges\u00e4\u00df&#8220;. <\/p>\n\n\n\n<figure class=\"wp-block-image size-large\"><img loading=\"lazy\" decoding=\"async\" width=\"655\" height=\"1024\" src=\"https:\/\/www.brige.ch\/wp-content\/uploads\/2023\/08\/2023-08-03_Oesterreich-655x1024.jpg\" alt=\"\" class=\"wp-image-10938\" srcset=\"https:\/\/www.brige.ch\/wp-content\/uploads\/2023\/08\/2023-08-03_Oesterreich-655x1024.jpg 655w, https:\/\/www.brige.ch\/wp-content\/uploads\/2023\/08\/2023-08-03_Oesterreich.jpg 768w\" sizes=\"auto, (max-width: 655px) 100vw, 655px\" \/><figcaption class=\"wp-element-caption\">Bayern auf der R\u00fcckseite<\/figcaption><\/figure>\n\n\n\n<figure class=\"wp-block-image size-full\"><img loading=\"lazy\" decoding=\"async\" width=\"768\" height=\"965\" src=\"https:\/\/www.brige.ch\/wp-content\/uploads\/2023\/08\/20230803_grenzstein.jpg\" alt=\"\" class=\"wp-image-10939\"\/><figcaption class=\"wp-element-caption\">Alles voller Landesgrenzsteine<\/figcaption><\/figure>\n\n\n\n<p>Eben ging es weiter nach Oberreute, am Kremlerbad vorbei in die Gemeinde Hopfen, wo wir bei den stillgelegten Skiliftanlagen so wie gestern etwas vom rechten Weg abkamen, daf\u00fcr aber mitten im Allg\u00e4uer Kr\u00e4utergarten <a rel=\"noreferrer noopener\" href=\"https:\/\/artemisia.de\/\" target=\"_blank\">Artemisia <\/a>eintrafen. Wir konnten uns allerdings weder f\u00fcr das heutige (&#8222;Singspiel&#8220;) noch f\u00fcr das morgige (&#8222;Trommeln&#8220;) Tagesprogramm erw\u00e4rmen. Also weiter, schliesslich liegen noch einige Kilometer vor uns.<\/p>\n\n\n\n<figure class=\"wp-block-image size-large\"><img loading=\"lazy\" decoding=\"async\" width=\"692\" height=\"1024\" src=\"https:\/\/www.brige.ch\/wp-content\/uploads\/2023\/08\/2023-08-03_Panoramalifte-692x1024.jpg\" alt=\"\" class=\"wp-image-10942\" srcset=\"https:\/\/www.brige.ch\/wp-content\/uploads\/2023\/08\/2023-08-03_Panoramalifte-692x1024.jpg 692w, https:\/\/www.brige.ch\/wp-content\/uploads\/2023\/08\/2023-08-03_Panoramalifte.jpg 768w\" sizes=\"auto, (max-width: 692px) 100vw, 692px\" \/><figcaption class=\"wp-element-caption\">Hier wird schon l\u00e4nger nicht mehr Ski gefahren.<\/figcaption><\/figure>\n\n\n\n<p>Ein letztes Mal geht es z\u00fcnftig hoch. \u00dcber Laufenegg und Berg erklimmen wir den Kapf, von wo aus wir den Etappenort immer noch nicht sehen. Trotzdem ist der Ausblick sch\u00f6n!<\/p>\n\n\n\n<figure class=\"wp-block-image size-full\"><img loading=\"lazy\" decoding=\"async\" width=\"768\" height=\"432\" src=\"https:\/\/www.brige.ch\/wp-content\/uploads\/2023\/08\/2023-08-03_Kapf.jpg\" alt=\"\" class=\"wp-image-10940\"\/><figcaption class=\"wp-element-caption\">Blick vom Kapf; 998 M.\u00fc.M.<\/figcaption><\/figure>\n\n\n\n<p>Dann geht es hinunter ins touristische Oberstaufen, in dem herzlich wenig Betrieb ist. Wir suchen zuerst ein Schuhgesch\u00e4ft und einen Sportartikelmarkt auf, weil Brige neue Schuhb\u00e4ndel, die hier nicht Schn\u00fcrsenkel, sondern <a href=\"https:\/\/www.barth-schuhbandl.de\/produkte.html\" target=\"_blank\" rel=\"noreferrer noopener\">Schuhbandln<\/a> heissen, ben\u00f6tigt. Denn am rechten Schuh h\u00e4ngt sprichw\u00f6rtlich alles nur noch an einem Faden.<\/p>\n\n\n\n<figure class=\"wp-block-image size-full\"><img loading=\"lazy\" decoding=\"async\" width=\"768\" height=\"450\" src=\"https:\/\/www.brige.ch\/wp-content\/uploads\/2023\/08\/2023-08-03_Dachlawinen.jpg\" alt=\"\" class=\"wp-image-10943\"\/><figcaption class=\"wp-element-caption\">Wir sind im Landeskreis der Dachlawinen. Praktisch an jedem Haus hier findet sich diese Tafel.<\/figcaption><\/figure>\n\n\n\n<p>Dann st\u00e4rken wir uns im Zentrum mit Kaffee und Kuchen, lockern die Beine und marschieren anschliessend ins Hotel, das ziemlich ausserhalb liegt. <\/p>\n\n\n\n<p>Diese Strecke legen wir am Abend nochmals hin und zur\u00fcck zur\u00fcck, weil sich in Hoteln\u00e4he kein Restaurant finden l\u00e4sst. Ich glaube, heute Nacht schlafen wir gut &#8230;<\/p>\n\n\n\n<p><\/p>\n","protected":false},"excerpt":{"rendered":"<p>Unsere Beine sind m\u00fcde. Hinter uns liegt die l\u00e4ngste Etappe unserer Wanderung. Knapp 24 Kilometer waren das heute von Hotel zu Hotel. Aber sch\u00f6n war es! Und ganz regenfrei, obwohl es den ganzen Tag bedeckt war. Wir sahen am Horizont immer blauen Himmel, aber \u00fcber uns war&#8217;s verhangen und dunkel. Der Wanderweg f\u00fchrte die ersten [&hellip;]<\/p>\n","protected":false},"author":4,"featured_media":0,"comment_status":"open","ping_status":"open","sticky":false,"template":"","format":"standard","meta":{"footnotes":""},"categories":[18],"tags":[62],"class_list":{"0":"post-10932","1":"post","2":"type-post","3":"status-publish","4":"format-standard","6":"category-wanderlust","7":"tag-wasserlaeufer-himmelsstuermer"},"_links":{"self":[{"href":"https:\/\/www.brige.ch\/index.php?rest_route=\/wp\/v2\/posts\/10932","targetHints":{"allow":["GET"]}}],"collection":[{"href":"https:\/\/www.brige.ch\/index.php?rest_route=\/wp\/v2\/posts"}],"about":[{"href":"https:\/\/www.brige.ch\/index.php?rest_route=\/wp\/v2\/types\/post"}],"author":[{"embeddable":true,"href":"https:\/\/www.brige.ch\/index.php?rest_route=\/wp\/v2\/users\/4"}],"replies":[{"embeddable":true,"href":"https:\/\/www.brige.ch\/index.php?rest_route=%2Fwp%2Fv2%2Fcomments&post=10932"}],"version-history":[{"count":7,"href":"https:\/\/www.brige.ch\/index.php?rest_route=\/wp\/v2\/posts\/10932\/revisions"}],"predecessor-version":[{"id":10948,"href":"https:\/\/www.brige.ch\/index.php?rest_route=\/wp\/v2\/posts\/10932\/revisions\/10948"}],"wp:attachment":[{"href":"https:\/\/www.brige.ch\/index.php?rest_route=%2Fwp%2Fv2%2Fmedia&parent=10932"}],"wp:term":[{"taxonomy":"category","embeddable":true,"href":"https:\/\/www.brige.ch\/index.php?rest_route=%2Fwp%2Fv2%2Fcategories&post=10932"},{"taxonomy":"post_tag","embeddable":true,"href":"https:\/\/www.brige.ch\/index.php?rest_route=%2Fwp%2Fv2%2Ftags&post=10932"}],"curies":[{"name":"wp","href":"https:\/\/api.w.org\/{rel}","templated":true}]}}