{"id":10958,"date":"2023-08-05T21:20:11","date_gmt":"2023-08-05T19:20:11","guid":{"rendered":"https:\/\/www.brige.ch\/?p=10958"},"modified":"2024-10-26T09:45:42","modified_gmt":"2024-10-26T07:45:42","slug":"etappe-4-von-immenstadt-nach-sonthofen","status":"publish","type":"post","link":"https:\/\/www.brige.ch\/?p=10958","title":{"rendered":"Etappe 4 von Immenstadt nach Sonthofen"},"content":{"rendered":"\n<p>Eben wachgeworden, schalten wir den TV ein und schauen zu, wie die Schweizer Frauen gegen die Spanierinnen an der Fussball-WM untergehen. Es regnet; das passt grad dazu. Es regnet auch, als wir loswandern. Wir tragen die Regenvollmontur, denn der Wetterbericht verheisst f\u00fcr den Vormittag nichts Gutes. <\/p>\n\n\n\n<p>Z\u00fcgig steigen wir das Steigbachtobel hoch. Das Tobel ist nach dem schweren Hochwasser von 2006 massiv verbaut, das Wasser rauscht laut und schiesst \u00fcber die betonierten Verbauungen. Von den Seiten ergiessen sich viele kleine B\u00e4che ins Tobel, es ist alles nass.<\/p>\n\n\n\n<p>Der Weg ist steil, und wir schwitzen wie die Pferde unter dem wasserdichten Regenzeugs; die langen Goretex-Hosen kleben an meinen Beinen und auch die Jacken\u00e4rmel sind schon ganz durchn\u00e4sst. An den H\u00e4ngen wabert Nebel oder sind es Wolken?<\/p>\n\n\n\n<figure class=\"wp-block-image size-full\"><img loading=\"lazy\" decoding=\"async\" width=\"768\" height=\"973\" src=\"https:\/\/www.brige.ch\/wp-content\/uploads\/2023\/08\/2023-08-05_01-weg.jpg\" alt=\"\" class=\"wp-image-10961\"\/><figcaption class=\"wp-element-caption\">Kurz vor der Alpe Gund. Das ist nicht der Bach, das ist der offizielle Wanderweg.<\/figcaption><\/figure>\n\n\n\n<p>Nach zwei Stunden erreichen wir die <a rel=\"noreferrer noopener\" href=\"https:\/\/alpe-gund-huette-immenstadt-allgaeu.de\/\" target=\"_blank\">Alpe Gund<\/a> auf 1&#8217;500 Meter; es regnet noch immer, wir kaufen zwei Haferl ganz frisch gebrauten Kaffee; denn &#8222;ihr seids die ersten heut!&#8220;. Auf der Terrasse ist es empfindlich k\u00fchl, Brige beginnt etwas zu fr\u00f6steln, dann trifft sie beinahe der Schlag, denn ein Dreik\u00e4sehoch, vermutlich der Sohn des Alpsenns, f\u00e4hrt mit seinem Vel\u00f6li an uns vorbei, das B\u00fcrschlein tr\u00e4gt nur ein T-Shirt, eher kurze Hosen und ist barfuss &#8230; Das Leben auf der Alp h\u00e4rtet ab.<\/p>\n\n\n\n<p>Ringsumher sehen wir nur Nebel, es regnet immer noch.  Unsere Tagesetappe w\u00fcrde nochmals 200 Meter h\u00f6her und dann \u00fcber einen spektakul\u00e4ren und stellenweise ausgesetzten Grat f\u00fchren, so richtig mit Drahtseilsicherungen und sch\u00f6ner Aussicht. Pffft. Nicht bei diesen Bedingungen. Wir beschliessen, auf einem anderen Route wieder nach Immenstadt abzusteigen und wandern auf einem Str\u00e4sschen talw\u00e4rts.<\/p>\n\n\n\n<p>Pl\u00f6tzlich kommen uns aus dem Nebel L\u00e4uferinnen und L\u00e4ufer mit Startnummern entgegen. Die bemitleidenswerten Sportler nehmen am <a rel=\"noreferrer noopener\" href=\"https:\/\/www.gebirgsmarathon.com\/\" target=\"_blank\">Immenst\u00e4dter Gebirgsmarathon<\/a> teil; die haben sich die \u00e4usseren Bedingungen bei der Anmeldung sicher ziemlich anders vorgestellt. Bei einer Kapelle im Steigbachtobel rasten wir und verdr\u00fccken im Anbau unsere Sandwiches. <\/p>\n\n\n\n<figure class=\"wp-block-image size-full\"><img loading=\"lazy\" decoding=\"async\" width=\"768\" height=\"519\" src=\"https:\/\/www.brige.ch\/wp-content\/uploads\/2023\/08\/2023-08-05_02-kapellenpause.jpg\" alt=\"\" class=\"wp-image-10962\"\/><figcaption class=\"wp-element-caption\">In der h\u00f6lzernen Kapelle. Die war schon im dreissigj\u00e4hrigen Krieg R\u00fcckzugsort f\u00fcr die Immenst\u00e4dter.<\/figcaption><\/figure>\n\n\n\n<figure class=\"wp-block-image size-full\"><img loading=\"lazy\" decoding=\"async\" width=\"768\" height=\"771\" src=\"https:\/\/www.brige.ch\/wp-content\/uploads\/2023\/08\/2023-08-05_03-stimmung-gut.jpg\" alt=\"\" class=\"wp-image-10963\"\/><figcaption class=\"wp-element-caption\">Stimmung gut! In der Hand: die Aprikose vom Fr\u00fchst\u00fccksbuffet.<\/figcaption><\/figure>\n\n\n\n<figure class=\"wp-block-image size-full\"><img loading=\"lazy\" decoding=\"async\" width=\"768\" height=\"614\" src=\"https:\/\/www.brige.ch\/wp-content\/uploads\/2023\/08\/2023-08-05_04-alpe-hochried.jpg\" alt=\"\" class=\"wp-image-10964\"\/><figcaption class=\"wp-element-caption\">Die Alpe Hochried; Blick zur\u00fcck ins Steigbachtobel. Hinten ist immer noch alles verh\u00e4ngt.<\/figcaption><\/figure>\n\n\n\n<p>Dann geht es weiter. Wir umgehen Immenstadt und zielen direkt auf den Etappenort Sonthofen. Unsere neue Strecke f\u00fchrt \u00fcber Neumummen, wo wir einen Blick in die Lepr\u00f6sen-Kapelle werfen, dann \u00fcber Altmummen, wo wir ewig eine \u00dcber- oder Unterf\u00fchrung der Bahnstrecke suchen. Endlich gelangen wir an den Uferweg der Iller. <\/p>\n\n\n\n<figure class=\"wp-block-image size-full\"><img loading=\"lazy\" decoding=\"async\" width=\"768\" height=\"334\" src=\"https:\/\/www.brige.ch\/wp-content\/uploads\/2023\/08\/2023-08-05_06-iller.jpg\" alt=\"\" class=\"wp-image-10965\"\/><figcaption class=\"wp-element-caption\">Die Iller bei Blaichach. (&#8222;Iller, Lech, Isar, Inn fliessen rechts zur Donau hin&#8220;; ich habe keine Ahnung, woher ich diese Eselsbr\u00fccke kenne.)<\/figcaption><\/figure>\n\n\n\n<p>Diesem folgen wir. Unterwegs stossen wir bei Blaichach auf den <a rel=\"noreferrer noopener\" href=\"https:\/\/www.inselsee-allgaeu.de\/\" target=\"_blank\">Inselsee<\/a>, wo man mit mehreren Liftanlagen Wasserski fahren kann; das sieht spektakul\u00e4r aus. Es herrscht hier trotz schlechten Wetters ordentlich Betrieb.<\/p>\n\n\n\n<figure class=\"wp-block-image size-full\"><img loading=\"lazy\" decoding=\"async\" width=\"768\" height=\"399\" src=\"https:\/\/www.brige.ch\/wp-content\/uploads\/2023\/08\/2023-08-05_05-wasserski.jpg\" alt=\"\" class=\"wp-image-10966\"\/><figcaption class=\"wp-element-caption\">Sommerskifahren.<\/figcaption><\/figure>\n\n\n\n<p>Die letzten Kilometer ziehen sich; wir folgen jetzt nicht mehr der Iller, sondern der Ostrach. Auch sie schiesst mit Get\u00f6se talw\u00e4rts; wir h\u00f6ren zwischendurch, wie die Steine im Wasser aneinander stossen. <\/p>\n\n\n\n<figure class=\"wp-block-image size-full\"><img loading=\"lazy\" decoding=\"async\" width=\"768\" height=\"561\" src=\"https:\/\/www.brige.ch\/wp-content\/uploads\/2023\/08\/2023-08-05_07-ostrach.jpg\" alt=\"\" class=\"wp-image-10967\"\/><figcaption class=\"wp-element-caption\">Auch die Ostrach f\u00fchrt viel Wasser.<\/figcaption><\/figure>\n\n\n\n<p>In Sonthofen sind wir in einem eher sch\u00e4bigen Aussenquartier untergebracht, wir werden zwei N\u00e4chte in einem Hotel Garni verbringen, das schon ziemlich in die Jahre gekommen ist. In unserem Zimmer herrscht Eiche vor.<\/p>\n\n\n\n<figure class=\"wp-block-image size-full\"><img loading=\"lazy\" decoding=\"async\" width=\"768\" height=\"524\" src=\"https:\/\/www.brige.ch\/wp-content\/uploads\/2023\/08\/2023-08-05_08-eiche-furniert.jpg\" alt=\"\" class=\"wp-image-10968\"\/><figcaption class=\"wp-element-caption\">Eiche furniert, wohin das Auge blickt.<\/figcaption><\/figure>\n\n\n\n<p>Bei der Zimmerschl\u00fcssel\u00fcbergabe werden wir informiert, dass es in Sonthofen eigentlich gar keine Konditorei mehr gebe und vern\u00fcnftig essen in der N\u00e4he sei schwierig, da komme h\u00f6chstens der Italiener in Frage. Das sind ja tolle Aussichten f\u00fcr die n\u00e4chsten zwei Tage.<\/p>\n\n\n\n<p>Da wir auch heute wieder 22 Kilometer gewandert sind, m\u00f6gen wir nicht noch einen Kilometer ins Zentrum gehen, also statten wir dem erw\u00e4hnten Italiener einen Besuch ab. Es ist sehr unterhaltsam, gemischtes Publikum, vor uns sitzt ein \u00e4lteres Paar, das sich fein herausgeputzt hat f\u00fcr das Essen, draussen br\u00fcllt ein Rotzl\u00f6ffel, dessen entnervter Vater ihm droht, er kriege gleich eine gesemmelt, wenn er nicht sofort aufh\u00f6re, und dann beginnt sich Brige vor Lachen auszusch\u00fctten, weil hinter mir einer reinkommt und seine bestellten Pizzas abholen will. Er tr\u00e4gt an den F\u00fcssen, nun, aussergew\u00f6hnliche Schuhe, eine Art Clogs mit einem langhaarigen Kuhfellbezug  (<a rel=\"noreferrer noopener\" href=\"https:\/\/www.naturfellparadies.com\/product-page\/pantoffel-kuhfell-mit-holzfu-bett-gem-farben\" data-type=\"URL\" data-id=\"https:\/\/www.naturfellparadies.com\/product-page\/pantoffel-kuhfell-mit-holzfu-bett-gem-farben\" target=\"_blank\">Foto typgleich<\/a>). Die Pizza kommt aus dem Holzofen und schmeckt ausgezeichnet.<\/p>\n\n\n\n<p>Zur\u00fcck im Hotel erreicht uns noch eine sch\u00f6ne Nachricht, Brige hat ihre Pflanzenbestimmungspr\u00fcfung (Zertifikat 200; &#8222;Bellis&#8220;) mit Auszeichnung bestanden! <\/p>\n\n\n\n<p><\/p>\n","protected":false},"excerpt":{"rendered":"<p>Eben wachgeworden, schalten wir den TV ein und schauen zu, wie die Schweizer Frauen gegen die Spanierinnen an der Fussball-WM untergehen. Es regnet; das passt grad dazu. Es regnet auch, als wir loswandern. Wir tragen die Regenvollmontur, denn der Wetterbericht verheisst f\u00fcr den Vormittag nichts Gutes. Z\u00fcgig steigen wir das Steigbachtobel hoch. Das Tobel ist [&hellip;]<\/p>\n","protected":false},"author":4,"featured_media":0,"comment_status":"open","ping_status":"open","sticky":false,"template":"","format":"standard","meta":{"footnotes":""},"categories":[18],"tags":[62],"class_list":{"0":"post-10958","1":"post","2":"type-post","3":"status-publish","4":"format-standard","6":"category-wanderlust","7":"tag-wasserlaeufer-himmelsstuermer"},"_links":{"self":[{"href":"https:\/\/www.brige.ch\/index.php?rest_route=\/wp\/v2\/posts\/10958","targetHints":{"allow":["GET"]}}],"collection":[{"href":"https:\/\/www.brige.ch\/index.php?rest_route=\/wp\/v2\/posts"}],"about":[{"href":"https:\/\/www.brige.ch\/index.php?rest_route=\/wp\/v2\/types\/post"}],"author":[{"embeddable":true,"href":"https:\/\/www.brige.ch\/index.php?rest_route=\/wp\/v2\/users\/4"}],"replies":[{"embeddable":true,"href":"https:\/\/www.brige.ch\/index.php?rest_route=%2Fwp%2Fv2%2Fcomments&post=10958"}],"version-history":[{"count":5,"href":"https:\/\/www.brige.ch\/index.php?rest_route=\/wp\/v2\/posts\/10958\/revisions"}],"predecessor-version":[{"id":10971,"href":"https:\/\/www.brige.ch\/index.php?rest_route=\/wp\/v2\/posts\/10958\/revisions\/10971"}],"wp:attachment":[{"href":"https:\/\/www.brige.ch\/index.php?rest_route=%2Fwp%2Fv2%2Fmedia&parent=10958"}],"wp:term":[{"taxonomy":"category","embeddable":true,"href":"https:\/\/www.brige.ch\/index.php?rest_route=%2Fwp%2Fv2%2Fcategories&post=10958"},{"taxonomy":"post_tag","embeddable":true,"href":"https:\/\/www.brige.ch\/index.php?rest_route=%2Fwp%2Fv2%2Ftags&post=10958"}],"curies":[{"name":"wp","href":"https:\/\/api.w.org\/{rel}","templated":true}]}}