{"id":10979,"date":"2023-08-07T21:34:48","date_gmt":"2023-08-07T19:34:48","guid":{"rendered":"https:\/\/www.brige.ch\/?p=10979"},"modified":"2024-10-26T09:45:42","modified_gmt":"2024-10-26T07:45:42","slug":"etappe-6-von-rettenberg-nach-oy-mittelberg","status":"publish","type":"post","link":"https:\/\/www.brige.ch\/?p=10979","title":{"rendered":"Etappe 6: von Rettenberg nach Oy-Mittelberg"},"content":{"rendered":"\n<p>Der Startort unserer heutigen Etappe liegt in Rettenberg, nicht in Sonthofen. Dorthin gelangen wir mit dem Bus. Die Haltestelle befindet sich gleich beim Hotel, der Bus f\u00e4hrt bereits 08:24 ab, ab 07:30 gibt es Fr\u00fchst\u00fcck, das heisst: gedr\u00e4ngtes Morgenprogramm: Aufstehen, Toilette, packen, fr\u00fchst\u00fccken, Sandwiches richten, fertig packen, Schlusstoilette, Gep\u00e4ck bereitstellen, auschecken.<\/p>\n\n\n\n<figure class=\"wp-block-image size-full\"><img loading=\"lazy\" decoding=\"async\" width=\"768\" height=\"691\" src=\"https:\/\/www.brige.ch\/wp-content\/uploads\/2023\/08\/2023-08-07_02-goimoosmuehle.jpg\" alt=\"\" class=\"wp-image-10982\"\/><figcaption class=\"wp-element-caption\">Umsteigen beim Kreisel Goimoosm\u00fchle.<\/figcaption><\/figure>\n\n\n\n<p>Habe ich erw\u00e4hnt, dass es sch\u00fcttet? Wir warten im str\u00f6menden Regen auf den Bus. Mein dritter Tag in nassen Wanderschuhen. Bald erreichen wir Rettenberg und seine 4&#8217;600 Einwohner. Neben der Haltestelle befindet sich eine der drei (!) Brauereien des Dorfes, die Brauerei <a rel=\"noreferrer noopener\" href=\"https:\/\/www.engelbraeu.de\/\" target=\"_blank\">Engelbr\u00e4u<\/a>. Gestern gab&#8217;s in Sonthofen zum Nachtessen im Brauereigasthof ein Bier der ortsans\u00e4ssigen Brauerei &#8222;Der Hirschbr\u00e4u&#8220;. Lokal trinken wird einem sehr einfach gemacht, jedes anst\u00e4ndige Dorf scheint \u00fcber eine eigene Brauerei zu verf\u00fcgen.<\/p>\n\n\n\n<figure class=\"wp-block-image size-full\"><img loading=\"lazy\" decoding=\"async\" width=\"768\" height=\"432\" src=\"https:\/\/www.brige.ch\/wp-content\/uploads\/2023\/08\/2023-08-07_01-gruenten-hut.jpg\" alt=\"\" class=\"wp-image-10981\"\/><figcaption class=\"wp-element-caption\">Der Gr\u00fcnten, links im Nebel nicht zu sehen, der h\u00f6chste Punkt, das \u00dcbelhorn.<\/figcaption><\/figure>\n\n\n\n<p>Der Blick auf den Gr\u00fcnten ist gleich wie gestern: verhangen. Aber wir steigen ja auf der anderen Talseite im Trockenen hoch, blicken von der Gebhardsh\u00f6he zur\u00fcck nach Sonthofen und packen zum ersten Mal heute die Wanderschirme aus, denn es beginnt zu sch\u00fctten. Und es windet so stark, dass ich Angst um meine D\u00e4chlikappe bekomme.<\/p>\n\n\n\n<figure class=\"wp-block-image size-full\"><img loading=\"lazy\" decoding=\"async\" width=\"768\" height=\"432\" src=\"https:\/\/www.brige.ch\/wp-content\/uploads\/2023\/08\/2023-08-07_03-hinten-schiffts.jpg\" alt=\"\" class=\"wp-image-10984\"\/><figcaption class=\"wp-element-caption\">Blick von der Gebhardsh\u00f6he zur\u00fcck Richtung Sonthofen, wo es regnet.<\/figcaption><\/figure>\n\n\n\n<p>Der Weg f\u00fchrt entlang dem Grat zum Aussichtspunkt Falkenstein und dann zur Burgruine Vorderburg. Wir sind immer etwa auf 1000 Meter H\u00f6he unterwegs; es ist wegen des Windes empfindlich kalt. Aber die n\u00e4here und weitere Umgebung sind spektakul\u00e4r; Wiesen und endlich der Blick auf den ganzen Gr\u00fcnten. Apropos Wiesen, die B\u00f6den sind wasserges\u00e4ttigt, nichts versickert mehr, \u00fcberall Glunggen. Meine Schuhe sind gleich ges\u00e4ttigt wie die B\u00f6den.<\/p>\n\n\n\n<figure class=\"wp-block-image size-full\"><img loading=\"lazy\" decoding=\"async\" width=\"768\" height=\"432\" src=\"https:\/\/www.brige.ch\/wp-content\/uploads\/2023\/08\/2023-08-07_04-hinten-schiffts-noch-immer.jpg\" alt=\"\" class=\"wp-image-10985\"\/><figcaption class=\"wp-element-caption\">Auf dem Falkenstein. Hinten schifft es noch immer.<\/figcaption><\/figure>\n\n\n\n<figure class=\"wp-block-image size-full\"><img loading=\"lazy\" decoding=\"async\" width=\"768\" height=\"432\" src=\"https:\/\/www.brige.ch\/wp-content\/uploads\/2023\/08\/2023-08-07_05-falkenstein.jpg\" alt=\"\" class=\"wp-image-10986\"\/><figcaption class=\"wp-element-caption\">Ah, jetzt kommt die Sonne! Auf dem Falken oder dem Rottachberg.<\/figcaption><\/figure>\n\n\n\n<figure class=\"wp-block-image size-full\"><img loading=\"lazy\" decoding=\"async\" width=\"768\" height=\"605\" src=\"https:\/\/www.brige.ch\/wp-content\/uploads\/2023\/08\/2023-08-07_06-nass.jpg\" alt=\"\" class=\"wp-image-10987\"\/><figcaption class=\"wp-element-caption\">Der Wiesenpfad ist triefend nass.<\/figcaption><\/figure>\n\n\n\n<figure class=\"wp-block-image size-full\"><img loading=\"lazy\" decoding=\"async\" width=\"768\" height=\"593\" src=\"https:\/\/www.brige.ch\/wp-content\/uploads\/2023\/08\/2023-08-07_07-gruenten-hell.jpg\" alt=\"\" class=\"wp-image-10988\"\/><figcaption class=\"wp-element-caption\">Endlich sehen wir den ganzen Gr\u00fcnten mit allem Drum und Dran!<\/figcaption><\/figure>\n\n\n\n<figure class=\"wp-block-image size-full\"><a href=\"https:\/\/www.brige.ch\/wp-content\/uploads\/2023\/08\/2023-08-07_08-vorne-hell-gross.jpg\" target=\"_blank\" rel=\"noopener\"><img loading=\"lazy\" decoding=\"async\" width=\"768\" height=\"448\" src=\"https:\/\/www.brige.ch\/wp-content\/uploads\/2023\/08\/2023-08-07_08-vorne-hell.jpg\" alt=\"\" class=\"wp-image-10989\"\/><\/a><figcaption class=\"wp-element-caption\">Mittagspause auf dem Rottachberg. Wir blicken Richtung Nordosten. Ein Klick auf das Bild vergr\u00f6ssert das Erlebnis.<\/figcaption><\/figure>\n\n\n\n<figure class=\"wp-block-image size-full\"><img loading=\"lazy\" decoding=\"async\" width=\"768\" height=\"625\" src=\"https:\/\/www.brige.ch\/wp-content\/uploads\/2023\/08\/2023-08-07_09-absturz.jpg\" alt=\"\" class=\"wp-image-10993\"\/><figcaption class=\"wp-element-caption\">Tolle Schilder (1).<\/figcaption><\/figure>\n\n\n\n<figure class=\"wp-block-image size-full\"><img loading=\"lazy\" decoding=\"async\" width=\"768\" height=\"652\" src=\"https:\/\/www.brige.ch\/wp-content\/uploads\/2023\/08\/2023-08-07_10-huehner.jpg\" alt=\"\" class=\"wp-image-10994\"\/><figcaption class=\"wp-element-caption\">Tolle Schilder (2).<\/figcaption><\/figure>\n\n\n\n<p>Wir steigen ab vom Rottachberg, passieren den Geratser Wasserfall, wo einige Leute am Fotografieren sind, so viel Wasser kommt wohl selten, und erreichen den Rottachsee. Dort legen wir die zweite Pause ein, essen unsere Sandwiches immer schneller, weil die n\u00e4chste Regenfront n\u00e4her kommt. Und zack, sch\u00fcttet es schon wieder. Also alles einpacken, Schirm rausnehmen, Rucksackh\u00fclle \u00fcberziehen, alle Reissverschl\u00fcsse schliessen. <\/p>\n\n\n\n<p>Der zweite Aufstieg des Tages von Petersthal hoch zum Burgkranzegger Horn ist zuerst von oben nass und dann von unten. Aber der Blick ist phantastisch und am Horizont ersp\u00e4he ich eine Formation, die genau gleich wie die L\u00e4gern aussieht.<\/p>\n\n\n\n<figure class=\"wp-block-image size-full\"><img loading=\"lazy\" decoding=\"async\" width=\"768\" height=\"727\" src=\"https:\/\/www.brige.ch\/wp-content\/uploads\/2023\/08\/2023-08-07_11-burg-kranzegg.jpg\" alt=\"\" class=\"wp-image-10996\"\/><figcaption class=\"wp-element-caption\">Selbstverst\u00e4ndlich haben wir den metallenen &#8222;Huet&#8220; wieder \u00fcber den Stein gest\u00fclpt.<\/figcaption><\/figure>\n\n\n\n<figure class=\"wp-block-image size-full\"><img loading=\"lazy\" decoding=\"async\" width=\"768\" height=\"817\" src=\"https:\/\/www.brige.ch\/wp-content\/uploads\/2023\/08\/2023-08-07_12-strassenbach.jpg\" alt=\"\" class=\"wp-image-10997\"\/><figcaption class=\"wp-element-caption\">Das Oberfl\u00e4chenwasser str\u00f6mt \u00fcber die ganze Strasse talw\u00e4rts.<\/figcaption><\/figure>\n\n\n\n<figure class=\"wp-block-image size-full\"><img loading=\"lazy\" decoding=\"async\" width=\"768\" height=\"378\" src=\"https:\/\/www.brige.ch\/wp-content\/uploads\/2023\/08\/2023-08-07_13-burgkranzegger-horn.jpg\" alt=\"\" class=\"wp-image-10998\"\/><figcaption class=\"wp-element-caption\">Auf dem Burgkranzegger Horn. Sch\u00f6ne Wolken.<\/figcaption><\/figure>\n\n\n\n<figure class=\"wp-block-image size-full\"><img loading=\"lazy\" decoding=\"async\" width=\"768\" height=\"317\" src=\"https:\/\/www.brige.ch\/wp-content\/uploads\/2023\/08\/2023-08-07_14-naechster-regen.jpg\" alt=\"\" class=\"wp-image-10999\"\/><figcaption class=\"wp-element-caption\">Blick zur\u00fcck auf dem Burgkranzegger Horn. Weniger sch\u00f6ne Wolken. Richtig: Regen im Anzug.<\/figcaption><\/figure>\n\n\n\n<p>Jetzt giesst es wie aus K\u00fcbeln und es geht ein st\u00fcrmischer Wind; ich sorge mich mittlerweile auch um meinen Schirm. Beim Abstieg werden wir in Mittelberg zweimal von anderen Wanderern nach der Richtung gefragt, die haben keine Ahnung, wo sie sind und wie sie wieder zur\u00fcckkommen. <\/p>\n\n\n\n<figure class=\"wp-block-image size-full\"><img loading=\"lazy\" decoding=\"async\" width=\"768\" height=\"529\" src=\"https:\/\/www.brige.ch\/wp-content\/uploads\/2023\/08\/2023-08-07_15-riesenbank.jpg\" alt=\"\" class=\"wp-image-11000\"\/><figcaption class=\"wp-element-caption\">Eine solide Bank.<\/figcaption><\/figure>\n\n\n\n<p>Eine eher grosse Bank findet sich auch noch an unserer Route, die uns endlich nach Oy-Mittelberg f\u00fchrt. Im Hotel duschen wir, dann gibt&#8217;s endlich Kaffee und Kuchen. Auf meine Frage, ob ich eine alte Zeitung haben k\u00f6nnte, um meine Schuhe zu trocknen, bedauert die Besitzerin, sie h\u00e4tte schon seit 20 Jahren mehr kein Abonnement der w\u00f6rtlich &#8222;L\u00fcgenpresse&#8220;. Gute G\u00fcte, warum m\u00fcssen die Schwurbler immer so missionarisch sein? <\/p>\n","protected":false},"excerpt":{"rendered":"<p>Der Startort unserer heutigen Etappe liegt in Rettenberg, nicht in Sonthofen. Dorthin gelangen wir mit dem Bus. Die Haltestelle befindet sich gleich beim Hotel, der Bus f\u00e4hrt bereits 08:24 ab, ab 07:30 gibt es Fr\u00fchst\u00fcck, das heisst: gedr\u00e4ngtes Morgenprogramm: Aufstehen, Toilette, packen, fr\u00fchst\u00fccken, Sandwiches richten, fertig packen, Schlusstoilette, Gep\u00e4ck bereitstellen, auschecken. Habe ich erw\u00e4hnt, dass [&hellip;]<\/p>\n","protected":false},"author":4,"featured_media":0,"comment_status":"open","ping_status":"open","sticky":false,"template":"","format":"standard","meta":{"footnotes":""},"categories":[18],"tags":[62],"class_list":{"0":"post-10979","1":"post","2":"type-post","3":"status-publish","4":"format-standard","6":"category-wanderlust","7":"tag-wasserlaeufer-himmelsstuermer"},"_links":{"self":[{"href":"https:\/\/www.brige.ch\/index.php?rest_route=\/wp\/v2\/posts\/10979","targetHints":{"allow":["GET"]}}],"collection":[{"href":"https:\/\/www.brige.ch\/index.php?rest_route=\/wp\/v2\/posts"}],"about":[{"href":"https:\/\/www.brige.ch\/index.php?rest_route=\/wp\/v2\/types\/post"}],"author":[{"embeddable":true,"href":"https:\/\/www.brige.ch\/index.php?rest_route=\/wp\/v2\/users\/4"}],"replies":[{"embeddable":true,"href":"https:\/\/www.brige.ch\/index.php?rest_route=%2Fwp%2Fv2%2Fcomments&post=10979"}],"version-history":[{"count":9,"href":"https:\/\/www.brige.ch\/index.php?rest_route=\/wp\/v2\/posts\/10979\/revisions"}],"predecessor-version":[{"id":11004,"href":"https:\/\/www.brige.ch\/index.php?rest_route=\/wp\/v2\/posts\/10979\/revisions\/11004"}],"wp:attachment":[{"href":"https:\/\/www.brige.ch\/index.php?rest_route=%2Fwp%2Fv2%2Fmedia&parent=10979"}],"wp:term":[{"taxonomy":"category","embeddable":true,"href":"https:\/\/www.brige.ch\/index.php?rest_route=%2Fwp%2Fv2%2Fcategories&post=10979"},{"taxonomy":"post_tag","embeddable":true,"href":"https:\/\/www.brige.ch\/index.php?rest_route=%2Fwp%2Fv2%2Ftags&post=10979"}],"curies":[{"name":"wp","href":"https:\/\/api.w.org\/{rel}","templated":true}]}}