{"id":11005,"date":"2023-08-08T20:59:31","date_gmt":"2023-08-08T18:59:31","guid":{"rendered":"https:\/\/www.brige.ch\/?p=11005"},"modified":"2024-10-26T09:45:42","modified_gmt":"2024-10-26T07:45:42","slug":"etappe-7-von-oy-mittelberg-nach-pfronten","status":"publish","type":"post","link":"https:\/\/www.brige.ch\/?p=11005","title":{"rendered":"Etappe 7 von Oy-Mittelberg nach Pfronten"},"content":{"rendered":"\n<p>Also geschlafen haben wir wunderbar im Bio-Schwurbel-Hotel, und auch das Fr\u00fchst\u00fccksbuffet ist ausgezeichnet. Ausserdem scheint die Sonne, ein sch\u00f6ner Tag erwartet uns! Die Wanderschuhe sind noch nicht ganz trocken und auch die Wanderwege nicht, aber heute brauchen wir keine Regenausr\u00fcstung. Wir marschieren los Richtung Gr\u00fcntensee, wandern ein bisschen seinem naturgesch\u00fctzten Ufer entlang und \u00fcberqueren den Damm des kleinen Stausees. Von dort bietet sich nochmals ein neuer Blick auf den Berg, den wir am Sonntag nicht besteigen konnten.<\/p>\n\n\n\n<figure class=\"wp-block-image size-full\"><img loading=\"lazy\" decoding=\"async\" width=\"768\" height=\"413\" src=\"https:\/\/www.brige.ch\/wp-content\/uploads\/2023\/08\/20230808_gruentensee.jpg\" alt=\"\" class=\"wp-image-11006\"\/><figcaption class=\"wp-element-caption\">Zum letzten Mal: der Gr\u00fcnten<\/figcaption><\/figure>\n\n\n\n<p>Ab nun geht es bergauf: vom Gr\u00fcntensee auf 876 Metern bis auf den Alpspitz auf 1&#8217;575 Metern. Zu Beginn bef\u00fcrchten wir das Schlimmste, als wir auf ein St\u00fcck auf einem schlammigen Waldweg hochsteigen m\u00fcssen, aber dann laufen wir lange auf einer breiten Waldstrasse, und zum Schluss auf einem steinigen Wanderweg, so dass unsere F\u00fcsse trocken bleiben. Je h\u00f6her wir steigen, desto vielversprechender wird die Aussicht:<\/p>\n\n\n\n<figure class=\"wp-block-image size-full\"><img loading=\"lazy\" decoding=\"async\" width=\"768\" height=\"499\" src=\"https:\/\/www.brige.ch\/wp-content\/uploads\/2023\/08\/20230808_oy-mittelberg.jpg\" alt=\"\" class=\"wp-image-11007\"\/><figcaption class=\"wp-element-caption\">Blick zur\u00fcck, rechts oben Mittelberg und Oy<\/figcaption><\/figure>\n\n\n\n<p>Der Alpspitz ist ein Gipfel, der eine grossartige Rundumsicht bietet. Als er in Sicht kommt, staunen wir nicht schlecht: Oben sind viele Leute zu sehen. Und das, obwohl wir bei unserem Aufstieg kaum jemanden angetroffen haben. Da muss noch ein anderer Weg hinauff\u00fchren. Tats\u00e4chlich geht unser Weg \u00fcber den Gipfel und auf der anderen Seite hinab zur Lachnerh\u00fctte, wo man mit der Sesselbahn hochfahren kann, was auch sehr viele Leute tun. Wir schiessen ein paar Fotos und machen uns gleich an den Abstieg.<\/p>\n\n\n\n<figure class=\"wp-block-image size-full\"><img loading=\"lazy\" decoding=\"async\" width=\"768\" height=\"512\" src=\"https:\/\/www.brige.ch\/wp-content\/uploads\/2023\/08\/PXL_20230808_alpspitzblick.jpg\" alt=\"\" class=\"wp-image-11008\"\/><figcaption class=\"wp-element-caption\">Blick vom Alpspitz in die Alpen, irgendwie logisch \u2026<\/figcaption><\/figure>\n\n\n\n<figure class=\"wp-block-image size-full\"><img loading=\"lazy\" decoding=\"async\" width=\"768\" height=\"432\" src=\"https:\/\/www.brige.ch\/wp-content\/uploads\/2023\/08\/PXL_20230808_lachnerhuette.jpg\" alt=\"\" class=\"wp-image-11009\"\/><figcaption class=\"wp-element-caption\">Da gucken sie ins Tal, den halben Weg von der Lachnerh\u00fctte zum Alpspitz bereits geschafft.<\/figcaption><\/figure>\n\n\n\n<p>Es ist nicht ganz wie immer. Auch zehn Minuten nach der Sesselbahnstation kommen uns immer noch viele Wanderer entgegen. Klar wollen alle den sch\u00f6nen Tag nutzen, um die Berge zu geniessen. Wir machen erstmal Pause, bevor wir in die H\u00f6llschlucht hinabsteigen. Schon beim Verzehren des Sandwiches habe ich den Eindruck, dass auf der moorigen Wiese unterhalb Wollgr\u00e4ser wachsen k\u00f6nnten. Und tats\u00e4chlich finde ich das Schmalbl\u00e4ttrige Wollgras, das ich zu Hause nie entdecken konnte, etwas zerzaust zwar, aber trotzdem:<\/p>\n\n\n\n<figure class=\"wp-block-image size-full\"><img loading=\"lazy\" decoding=\"async\" width=\"543\" height=\"800\" src=\"https:\/\/www.brige.ch\/wp-content\/uploads\/2023\/08\/20230808_Wollgras.jpg\" alt=\"\" class=\"wp-image-11010\"\/><figcaption class=\"wp-element-caption\">Eriophorum angustifolium<\/figcaption><\/figure>\n\n\n\n<p>Via Kappeler Alp, die auch einen grandiosen Blick ins Land bietet, steigen wir nun den sehr steilen und ruppigen, nassen, und daher rutschigen Pfad hinab in die H\u00f6llschlucht, wo uns ein eindr\u00fccklicher Wasserfall erwartet. Wieder staunen wir \u00fcber die vielen teilweise unge\u00fcbten Bergg\u00e4nger, die uns entgegenkommen.<\/p>\n\n\n\n<figure class=\"wp-block-image size-full\"><img loading=\"lazy\" decoding=\"async\" width=\"389\" height=\"800\" src=\"https:\/\/www.brige.ch\/wp-content\/uploads\/2023\/08\/20230808_steinbach.jpg\" alt=\"\" class=\"wp-image-11011\"\/><figcaption class=\"wp-element-caption\">Der Steinbach st\u00fcrzt als grosser Wasserfall in die H\u00f6llschlucht<\/figcaption><\/figure>\n\n\n\n<p>Von nun an ist die Wanderung gem\u00fctlich. Nachdem wir den Eingang der H\u00f6llschlucht erreicht haben, spazieren wir via Kappel nach Pfronten, wo wir in einer ruhig gelegenen Pension untergebracht sind. Die Unterkunft strotzt zwar nicht vor Modernit\u00e4t, aber unser Zimmer hat einen grossen Balkon mit einem sch\u00f6nen Blick ins Gr\u00fcne. Und ein Brauhaus mit feinen bayerischen Spezialit\u00e4ten ist auch in der N\u00e4he. Hier bleiben wir wieder zwei N\u00e4chte.<\/p>\n","protected":false},"excerpt":{"rendered":"<p>Also geschlafen haben wir wunderbar im Bio-Schwurbel-Hotel, und auch das Fr\u00fchst\u00fccksbuffet ist ausgezeichnet. Ausserdem scheint die Sonne, ein sch\u00f6ner Tag erwartet uns! Die Wanderschuhe sind noch nicht ganz trocken und auch die Wanderwege nicht, aber heute brauchen wir keine Regenausr\u00fcstung. Wir marschieren los Richtung Gr\u00fcntensee, wandern ein bisschen seinem naturgesch\u00fctzten Ufer entlang und \u00fcberqueren den [&hellip;]<\/p>\n","protected":false},"author":3,"featured_media":0,"comment_status":"open","ping_status":"open","sticky":false,"template":"","format":"standard","meta":{"footnotes":""},"categories":[18],"tags":[62],"class_list":{"0":"post-11005","1":"post","2":"type-post","3":"status-publish","4":"format-standard","6":"category-wanderlust","7":"tag-wasserlaeufer-himmelsstuermer"},"_links":{"self":[{"href":"https:\/\/www.brige.ch\/index.php?rest_route=\/wp\/v2\/posts\/11005","targetHints":{"allow":["GET"]}}],"collection":[{"href":"https:\/\/www.brige.ch\/index.php?rest_route=\/wp\/v2\/posts"}],"about":[{"href":"https:\/\/www.brige.ch\/index.php?rest_route=\/wp\/v2\/types\/post"}],"author":[{"embeddable":true,"href":"https:\/\/www.brige.ch\/index.php?rest_route=\/wp\/v2\/users\/3"}],"replies":[{"embeddable":true,"href":"https:\/\/www.brige.ch\/index.php?rest_route=%2Fwp%2Fv2%2Fcomments&post=11005"}],"version-history":[{"count":5,"href":"https:\/\/www.brige.ch\/index.php?rest_route=\/wp\/v2\/posts\/11005\/revisions"}],"predecessor-version":[{"id":11016,"href":"https:\/\/www.brige.ch\/index.php?rest_route=\/wp\/v2\/posts\/11005\/revisions\/11016"}],"wp:attachment":[{"href":"https:\/\/www.brige.ch\/index.php?rest_route=%2Fwp%2Fv2%2Fmedia&parent=11005"}],"wp:term":[{"taxonomy":"category","embeddable":true,"href":"https:\/\/www.brige.ch\/index.php?rest_route=%2Fwp%2Fv2%2Fcategories&post=11005"},{"taxonomy":"post_tag","embeddable":true,"href":"https:\/\/www.brige.ch\/index.php?rest_route=%2Fwp%2Fv2%2Ftags&post=11005"}],"curies":[{"name":"wp","href":"https:\/\/api.w.org\/{rel}","templated":true}]}}