{"id":11017,"date":"2023-08-09T16:59:06","date_gmt":"2023-08-09T14:59:06","guid":{"rendered":"https:\/\/www.brige.ch\/?p=11017"},"modified":"2024-10-26T09:45:42","modified_gmt":"2024-10-26T07:45:42","slug":"ruhetag-in-pfronten","status":"publish","type":"post","link":"https:\/\/www.brige.ch\/?p=11017","title":{"rendered":"Ruhetag in Pfronten"},"content":{"rendered":"\n<p>Zwei Tage Sonnenschein ist zu viel verlangt; der Himmel ist bew\u00f6lkt und es ist am Morgen recht k\u00fchl. Das macht aber nichts, denn heute ist ein Ruhetag vorgesehen. Wir wollen trotzdem einen kleinen Rundgang um Pfronten unternehmen, damit wir nicht ganz aus der \u00dcbung geraten. <\/p>\n\n\n\n<p>Die Pension, in der wir zwei Mal n\u00e4chtigen, hat ihre beste Zeit schon sehr lange hinter sich; das Erdgeschoss ist v\u00f6llig eingewachsen, im Innern ist von unten bis oben alles mit Krimskrams vollgestopft, \u00fcberall stehen Nippes und Pflanzent\u00f6pfe herum, in den G\u00e4ngen stapelt sich Zeugs, das ich ver- oder eher entsorgen w\u00fcrde, aber ich wohne ja nicht hier.<\/p>\n\n\n\n<p>Unser Zimmer ist ger\u00e4umig und verf\u00fcgt \u00fcber einen Nebenraum, wo wir unser Gep\u00e4ck aufbewahren k\u00f6nnen. Und unser Badezimmer ist mit einem Aschenbecher ausgestattet! Ich erw\u00e4ge ernsthaft, sofort mit Rauchen zu beginnen.<\/p>\n\n\n\n<figure class=\"wp-block-image size-full\"><img loading=\"lazy\" decoding=\"async\" width=\"768\" height=\"640\" src=\"https:\/\/www.brige.ch\/wp-content\/uploads\/2023\/08\/2023-08-09_11-aschenbecher.jpg\" alt=\"\" class=\"wp-image-11019\"\/><figcaption class=\"wp-element-caption\">Da w\u00fcrden sogar Zigarren reinpassen.<\/figcaption><\/figure>\n\n\n\n<p>Gestern Abend beim St\u00f6bern auf <a rel=\"noreferrer noopener\" href=\"https:\/\/www.pfronten.de\/unser-dorf\/sehenswuerdigkeiten\/\" target=\"_blank\">Pfrontens Website<\/a> f\u00fcr unseren heutigen Spaziergang bin ich auf den Pfrontener Alpengarten gestossen. Als ich &#8222;Naturgarten mit mehr als 450 Pflanzenarten des Alpenraumes&#8220; erw\u00e4hne, ist f\u00fcr die Bellis-Tr\u00e4gerin klar, da m\u00fcssen wir morgen hin! Also wandern wir auf einem sch\u00f6nen Rundweg rund um Pfronten, stoppen da und dort, besichtigen eine uralte wassergetriebene Hammerschmiede, die aussieht, als w\u00e4re sie gestern verlassen worden, passieren die Bl\u00e4sis-M\u00fchle und gelangen endlich zum Alpengarten.<\/p>\n\n\n\n<figure class=\"wp-block-image size-full\"><img loading=\"lazy\" decoding=\"async\" width=\"768\" height=\"624\" src=\"https:\/\/www.brige.ch\/wp-content\/uploads\/2023\/08\/2023-08-09_01-baumstrunk.jpg\" alt=\"\" class=\"wp-image-11021\"\/><figcaption class=\"wp-element-caption\">Frisch geschnittene Erle.<\/figcaption><\/figure>\n\n\n\n<figure class=\"wp-block-image size-full\"><img loading=\"lazy\" decoding=\"async\" width=\"768\" height=\"969\" src=\"https:\/\/www.brige.ch\/wp-content\/uploads\/2023\/08\/2023-08-09_02-blaesimuehle.jpg\" alt=\"\" class=\"wp-image-11022\"\/><figcaption class=\"wp-element-caption\">Bei der Bl\u00e4sis-M\u00fchle, die heute eine Hotel-Anlage ist.<\/figcaption><\/figure>\n\n\n\n<figure class=\"wp-block-image size-full\"><img loading=\"lazy\" decoding=\"async\" width=\"768\" height=\"550\" src=\"https:\/\/www.brige.ch\/wp-content\/uploads\/2023\/08\/2023-08-09_04-alpengarten.jpg\" alt=\"\" class=\"wp-image-11023\"\/><figcaption class=\"wp-element-caption\">Endlich im Alpingarten, wo nicht mehr so viel bl\u00fcht.<\/figcaption><\/figure>\n\n\n\n<figure class=\"wp-block-image size-full\"><img loading=\"lazy\" decoding=\"async\" width=\"768\" height=\"746\" src=\"https:\/\/www.brige.ch\/wp-content\/uploads\/2023\/08\/2023-08-09_05-neophyten.jpg\" alt=\"\" class=\"wp-image-11024\"\/><figcaption class=\"wp-element-caption\">Auch im Alpingarten: Das muss ein Neophyt sein.<\/figcaption><\/figure>\n\n\n\n<figure class=\"wp-block-image size-full\"><img loading=\"lazy\" decoding=\"async\" width=\"768\" height=\"573\" src=\"https:\/\/www.brige.ch\/wp-content\/uploads\/2023\/08\/2023-08-09_06-tafel.jpg\" alt=\"\" class=\"wp-image-11025\"\/><figcaption class=\"wp-element-caption\">Die T\u00e4felchen verdienten eine gelegentliche Auffrischung. Wir sehen aus der Familie der Osterluzeigew\u00e4chse ein Asarum europaeum, auch bekannt als Haselwurz (&#8222;St\u00e4ngel kriechend&#8220;).<\/figcaption><\/figure>\n\n\n\n<p>Apropos T\u00e4felchen: Auch heute sehen wir wieder viele Verbotstafeln. Zum Gl\u00fcck f\u00fchlen wir uns auf dem offiziellen Wanderweg extrem befugt, berechtigt, kompetent und eingewiesen!<\/p>\n\n\n\n<figure class=\"wp-block-image size-full\"><img loading=\"lazy\" decoding=\"async\" width=\"768\" height=\"431\" src=\"https:\/\/www.brige.ch\/wp-content\/uploads\/2023\/08\/2023-08-09_07-privatweg.jpg\" alt=\"\" class=\"wp-image-11026\"\/><figcaption class=\"wp-element-caption\">Nun gut, diesen Weg beschritten wir dann doch nicht.<\/figcaption><\/figure>\n\n\n\n<figure class=\"wp-block-image size-full\"><img loading=\"lazy\" decoding=\"async\" width=\"768\" height=\"584\" src=\"https:\/\/www.brige.ch\/wp-content\/uploads\/2023\/08\/2023-08-09_03-unbefugt.jpg\" alt=\"\" class=\"wp-image-11027\"\/><figcaption class=\"wp-element-caption\">Diesen aber schon!<\/figcaption><\/figure>\n\n\n\n<p>Unterwegs geht unser Blick immer wieder hoch zur Ruine Falkenstein, der Namensgeberin des gestern getrunkenen Bieres und h\u00f6chster Punkt unserer morgigen Etappe &#8211; Mahnmal und Ansporn zugleich!<\/p>\n\n\n\n<figure class=\"wp-block-image size-full\"><img loading=\"lazy\" decoding=\"async\" width=\"768\" height=\"831\" src=\"https:\/\/www.brige.ch\/wp-content\/uploads\/2023\/08\/2023-08-09_08-falkenstein.jpg\" alt=\"\" class=\"wp-image-11028\"\/><figcaption class=\"wp-element-caption\">Ruine Falkenstein.<\/figcaption><\/figure>\n\n\n\n<p>Talabw\u00e4rts geht der Blick Richtung Vils und F\u00fcssen, beide nicht im Bild, daf\u00fcr ganz hinten die h\u00f6chste Erhebung, der <a rel=\"noreferrer noopener\" href=\"https:\/\/www.allgaeu.de\/bergtour-zum-saeuling\" target=\"_blank\">S\u00e4uling<\/a> (2&#8217;047 m. \u00fc. NHN) an der deutsch-\u00f6sterreichischen Grenze. Den werden wir aber nicht erklimmen.<\/p>\n\n\n\n<figure class=\"wp-block-image size-full\"><img loading=\"lazy\" decoding=\"async\" width=\"768\" height=\"643\" src=\"https:\/\/www.brige.ch\/wp-content\/uploads\/2023\/08\/2023-08-09_09-saeuling.jpg\" alt=\"\" class=\"wp-image-11032\"\/><figcaption class=\"wp-element-caption\">Blick zum S\u00e4uling.<\/figcaption><\/figure>\n\n\n\n<p>Und jetzt noch ein leidiges Thema: die Bahnhuperei. Durch die Gegend f\u00fchrt eine Bahnstrecke, die viele, wirklich viele unbewachte Bahn\u00fcberg\u00e4nge aufweist. Die Z\u00fcge warnen vor jedem Bahn\u00fcbergang mit einem Hupton, der den ganzen Talboden durchdringt und der bis in die H\u00f6he gut zu h\u00f6ren ist. Das beginnt kurz nach 5 Uhr morgens und geht bis abends. Wir sind froh, dass nicht auch noch G\u00fcterz\u00fcge w\u00e4hrend der Nacht verkehren &#8230;<\/p>\n\n\n\n<figure class=\"wp-block-image size-full\"><img loading=\"lazy\" decoding=\"async\" width=\"768\" height=\"463\" src=\"https:\/\/www.brige.ch\/wp-content\/uploads\/2023\/08\/2023-08-09_10-bahnuebergang.jpg\" alt=\"\" class=\"wp-image-11030\"\/><figcaption class=\"wp-element-caption\">Hup, hup.<\/figcaption><\/figure>\n","protected":false},"excerpt":{"rendered":"<p>Zwei Tage Sonnenschein ist zu viel verlangt; der Himmel ist bew\u00f6lkt und es ist am Morgen recht k\u00fchl. Das macht aber nichts, denn heute ist ein Ruhetag vorgesehen. Wir wollen trotzdem einen kleinen Rundgang um Pfronten unternehmen, damit wir nicht ganz aus der \u00dcbung geraten. Die Pension, in der wir zwei Mal n\u00e4chtigen, hat ihre [&hellip;]<\/p>\n","protected":false},"author":4,"featured_media":0,"comment_status":"open","ping_status":"open","sticky":false,"template":"","format":"standard","meta":{"footnotes":""},"categories":[18],"tags":[62],"class_list":{"0":"post-11017","1":"post","2":"type-post","3":"status-publish","4":"format-standard","6":"category-wanderlust","7":"tag-wasserlaeufer-himmelsstuermer"},"_links":{"self":[{"href":"https:\/\/www.brige.ch\/index.php?rest_route=\/wp\/v2\/posts\/11017","targetHints":{"allow":["GET"]}}],"collection":[{"href":"https:\/\/www.brige.ch\/index.php?rest_route=\/wp\/v2\/posts"}],"about":[{"href":"https:\/\/www.brige.ch\/index.php?rest_route=\/wp\/v2\/types\/post"}],"author":[{"embeddable":true,"href":"https:\/\/www.brige.ch\/index.php?rest_route=\/wp\/v2\/users\/4"}],"replies":[{"embeddable":true,"href":"https:\/\/www.brige.ch\/index.php?rest_route=%2Fwp%2Fv2%2Fcomments&post=11017"}],"version-history":[{"count":8,"href":"https:\/\/www.brige.ch\/index.php?rest_route=\/wp\/v2\/posts\/11017\/revisions"}],"predecessor-version":[{"id":11036,"href":"https:\/\/www.brige.ch\/index.php?rest_route=\/wp\/v2\/posts\/11017\/revisions\/11036"}],"wp:attachment":[{"href":"https:\/\/www.brige.ch\/index.php?rest_route=%2Fwp%2Fv2%2Fmedia&parent=11017"}],"wp:term":[{"taxonomy":"category","embeddable":true,"href":"https:\/\/www.brige.ch\/index.php?rest_route=%2Fwp%2Fv2%2Fcategories&post=11017"},{"taxonomy":"post_tag","embeddable":true,"href":"https:\/\/www.brige.ch\/index.php?rest_route=%2Fwp%2Fv2%2Ftags&post=11017"}],"curies":[{"name":"wp","href":"https:\/\/api.w.org\/{rel}","templated":true}]}}