{"id":11038,"date":"2023-08-10T20:41:53","date_gmt":"2023-08-10T18:41:53","guid":{"rendered":"https:\/\/www.brige.ch\/?p=11038"},"modified":"2024-10-26T09:45:42","modified_gmt":"2024-10-26T07:45:42","slug":"etappe-8-von-pfronten-nach-fuessen","status":"publish","type":"post","link":"https:\/\/www.brige.ch\/?p=11038","title":{"rendered":"Etappe 8 von Pfronten nach F\u00fcssen"},"content":{"rendered":"\n<p>Gestern Abend nach dem Hamburgeressen haben wir auf dem Abendspaziergang noch einen h\u00fcbschen Moorpfad entdeckt, wo ich den Faulbaum kennengelernt habe, den brauche ich dann f\u00fcr das Zertifikat 400 &#8222;Iris&#8220;. Und auch heute komme ich f\u00fcr einmal botanisch voll auf meine Kosten. Der steile Aufstieg zur <a href=\"https:\/\/de.wikipedia.org\/wiki\/Burg_Falkenstein_(Pfronten)\" data-type=\"URL\" data-id=\"https:\/\/de.wikipedia.org\/wiki\/Burg_Falkenstein_(Pfronten)\" target=\"_blank\" rel=\"noreferrer noopener\">Burgruine Falkenstein<\/a> f\u00fchrt durch einen lichten Wald mit vielf\u00e4ltiger Flora. Es bl\u00fcht ja nicht mehr so viel im August, aber wir sehen Graslilien, Wald-Witwenblumen, Tauben-Skabiosen, Sterndolden, Schwalbenwurz und viele Glockenblumen. Es ist eine sch\u00f6ne Abwechslung nach all den \u00fcberd\u00fcngten Kuhweiden.<\/p>\n\n\n\n<p>Auch die Aussicht ins Tal und in die Berge ist toll, allerdings ist der Weitblick durch viel Dunst getr\u00fcbt. Es hat auch noch Wolken, aber die werden bis heute Abend vollst\u00e4ndig verschwinden. Wir kommen am wohl sch\u00f6nsten Yoga-Platz weit und breit vorbei.<\/p>\n\n\n\n<figure class=\"wp-block-image size-full\"><img loading=\"lazy\" decoding=\"async\" width=\"768\" height=\"373\" src=\"https:\/\/www.brige.ch\/wp-content\/uploads\/2023\/08\/20230810_yogaplatz.jpg\" alt=\"\" class=\"wp-image-11039\"\/><\/figure>\n\n\n\n<p>Wir geniessen die Aussicht von der Burguine und wundern uns, dass trotz des grossen Restaurants unterhalb kaum jemand hier ist.<\/p>\n\n\n\n<figure class=\"wp-block-image size-full\"><img loading=\"lazy\" decoding=\"async\" width=\"768\" height=\"373\" src=\"https:\/\/www.brige.ch\/wp-content\/uploads\/2023\/08\/20230810_pfronten.jpg\" alt=\"\" class=\"wp-image-11040\"\/><figcaption class=\"wp-element-caption\">Blick zur\u00fcck auf Pfronten<\/figcaption><\/figure>\n\n\n\n<p>Auch dem Vielst\u00e4ngeligen Fingerkraut gef\u00e4llt es auf der Burgruine Falkenstein:<\/p>\n\n\n\n<figure class=\"wp-block-image size-full\"><img loading=\"lazy\" decoding=\"async\" width=\"511\" height=\"800\" src=\"https:\/\/www.brige.ch\/wp-content\/uploads\/2023\/08\/20230810_Fingerkraut.jpg\" alt=\"\" class=\"wp-image-11041\"\/><figcaption class=\"wp-element-caption\">Potentilla caulescens<\/figcaption><\/figure>\n\n\n\n<p>Der Weg f\u00fchrt uns weiter auf dem Zirmgrat, wo es einfach wundersch\u00f6n ist und einige Aussichtspunkte hat.<\/p>\n\n\n\n<figure class=\"wp-block-image size-large\"><img loading=\"lazy\" decoding=\"async\" width=\"1024\" height=\"498\" src=\"https:\/\/www.brige.ch\/wp-content\/uploads\/2023\/08\/20230810_zirmgrat-1024x498.jpg\" alt=\"\" class=\"wp-image-11042\" srcset=\"https:\/\/www.brige.ch\/wp-content\/uploads\/2023\/08\/20230810_zirmgrat-1024x498.jpg 1024w, https:\/\/www.brige.ch\/wp-content\/uploads\/2023\/08\/20230810_zirmgrat-768x373.jpg 768w, https:\/\/www.brige.ch\/wp-content\/uploads\/2023\/08\/20230810_zirmgrat-1536x747.jpg 1536w, https:\/\/www.brige.ch\/wp-content\/uploads\/2023\/08\/20230810_zirmgrat-2048x996.jpg 2048w\" sizes=\"auto, (max-width: 1024px) 100vw, 1024px\" \/><\/figure>\n\n\n\n<p>Einmal mehr \u00fcberqueren wir die Grenze zu \u00d6sterreich und steigen ab Richtung Neue Salober Alpe. Wir treffen nun auf immer mehr Wanderer \u2013 kein Wunder: Auf der Neuen Salober Alpe hat es ein Restaurant, und eine breite Waldstrasse verbindet sie mit dem Alatsee. Nun kommen zu den vielen Spazierg\u00e4ngern auch noch unz\u00e4hlige Velofahrer. Am <a href=\"https:\/\/de.wikipedia.org\/wiki\/Alatsee\" data-type=\"URL\" data-id=\"https:\/\/de.wikipedia.org\/wiki\/Alatsee\" target=\"_blank\" rel=\"noreferrer noopener\">Alatsee<\/a> machen wir erst einmal Pause, bevor wir ihn mit vielen anderen zusammen umrunden.<\/p>\n\n\n\n<figure class=\"wp-block-image size-full\"><img loading=\"lazy\" decoding=\"async\" width=\"678\" height=\"330\" src=\"https:\/\/www.brige.ch\/wp-content\/uploads\/2023\/08\/20230810_alatsee.jpg\" alt=\"\" class=\"wp-image-11043\"\/><figcaption class=\"wp-element-caption\">Der \u00f6kologisch h\u00f6chst interessante Alatsee ist in der Tiefe voller Purpur-Schwefelbakterien.<\/figcaption><\/figure>\n\n\n\n<p>Kaum haben wir den See verlassen, haben wir den Wanderweg praktisch wieder f\u00fcr uns allein. Es geht nun noch etwa f\u00fcnf Kilometer durch einen lauschigen Buchenwald, und zwar bis praktisch oberhalb der F\u00fcssener Altstadt. Durch das Tor zwischen dem Hohen Schloss und dem Kloster St. Mang schreiten wir in die Stadt \u2013 und sind erstmal erschlagen von der Unmenge an Touristen. Unser Hotel finden wir rasch, aber da unser Gep\u00e4ck noch im Stau steht, gehen wir erst einmal Kaffee trinken.<\/p>\n","protected":false},"excerpt":{"rendered":"<p>Gestern Abend nach dem Hamburgeressen haben wir auf dem Abendspaziergang noch einen h\u00fcbschen Moorpfad entdeckt, wo ich den Faulbaum kennengelernt habe, den brauche ich dann f\u00fcr das Zertifikat 400 &#8222;Iris&#8220;. Und auch heute komme ich f\u00fcr einmal botanisch voll auf meine Kosten. Der steile Aufstieg zur Burgruine Falkenstein f\u00fchrt durch einen lichten Wald mit vielf\u00e4ltiger [&hellip;]<\/p>\n","protected":false},"author":3,"featured_media":0,"comment_status":"open","ping_status":"open","sticky":false,"template":"","format":"standard","meta":{"footnotes":""},"categories":[18],"tags":[62],"class_list":{"0":"post-11038","1":"post","2":"type-post","3":"status-publish","4":"format-standard","6":"category-wanderlust","7":"tag-wasserlaeufer-himmelsstuermer"},"_links":{"self":[{"href":"https:\/\/www.brige.ch\/index.php?rest_route=\/wp\/v2\/posts\/11038","targetHints":{"allow":["GET"]}}],"collection":[{"href":"https:\/\/www.brige.ch\/index.php?rest_route=\/wp\/v2\/posts"}],"about":[{"href":"https:\/\/www.brige.ch\/index.php?rest_route=\/wp\/v2\/types\/post"}],"author":[{"embeddable":true,"href":"https:\/\/www.brige.ch\/index.php?rest_route=\/wp\/v2\/users\/3"}],"replies":[{"embeddable":true,"href":"https:\/\/www.brige.ch\/index.php?rest_route=%2Fwp%2Fv2%2Fcomments&post=11038"}],"version-history":[{"count":1,"href":"https:\/\/www.brige.ch\/index.php?rest_route=\/wp\/v2\/posts\/11038\/revisions"}],"predecessor-version":[{"id":11044,"href":"https:\/\/www.brige.ch\/index.php?rest_route=\/wp\/v2\/posts\/11038\/revisions\/11044"}],"wp:attachment":[{"href":"https:\/\/www.brige.ch\/index.php?rest_route=%2Fwp%2Fv2%2Fmedia&parent=11038"}],"wp:term":[{"taxonomy":"category","embeddable":true,"href":"https:\/\/www.brige.ch\/index.php?rest_route=%2Fwp%2Fv2%2Fcategories&post=11038"},{"taxonomy":"post_tag","embeddable":true,"href":"https:\/\/www.brige.ch\/index.php?rest_route=%2Fwp%2Fv2%2Ftags&post=11038"}],"curies":[{"name":"wp","href":"https:\/\/api.w.org\/{rel}","templated":true}]}}