{"id":11426,"date":"2024-09-21T20:19:04","date_gmt":"2024-09-21T18:19:04","guid":{"rendered":"https:\/\/www.brige.ch\/?p=11426"},"modified":"2024-10-26T09:45:42","modified_gmt":"2024-10-26T07:45:42","slug":"lechweg-etappe-7-von-stanzach-nach-reutte","status":"publish","type":"post","link":"https:\/\/www.brige.ch\/?p=11426","title":{"rendered":"Lechweg Etappe 7 von Stanzach nach Reutte"},"content":{"rendered":"\n<p>Beim Auschecken will der Wirt unbedingt unseren Meldeschein signieren, den wir gestern ausgef\u00fcllt haben. Ich weiss nicht genau warum, er hat das wohl schon immer so gemacht. Der alte Mann ist verwirrt, vermutlich schwer dement, das ist uns gestern schon aufgefallen. Jetzt bl\u00e4ttert er den Stoss mit allen Meldezetteln durch und kontrolliert akribisch jedes Blatt; jeder Meldezettel besteht aus einem Deckblatt und drei andersfarbigen Durchschl\u00e4gen. In k\u00fcrzester Zeit entsteht ein riesiges Durcheinander aus den Zetteln. Endlich taucht das weisse Blatt &#8222;Egli&#8220; auf. Fein s\u00e4uberlich wird signiert und ich werde mit Handschlag verabschiedet. Die ganze Theke ist \u00fcbers\u00e4t mit farbigen Bl\u00e4ttern &#8230;<\/p>\n\n\n\n<p>Wir decken uns erneut mit Proviant aus dem Spar gegen\u00fcber ein und wandern los. Die erste Wanderstunde heisst es auf die Z\u00e4hne beissen, ich muss mit kurzen Hosen im kalten Schatten wandern. Aber der Blick auf den Lech entsch\u00e4digt f\u00fcr Vieles und der Abschnitt zwischen Stanzach und Weissenbach ist sch\u00f6n. Was wir gestern von oben gesehen haben, sieht auch aus der N\u00e4he eindr\u00fccklich aus.<\/p>\n\n\n\n<p>Das Flussbett ist hier im &#8222;Zopfbereich&#8220; teilweise \u00fcber 300 Meter breit, und der Lech verzweigt sich in viele einzelne Str\u00f6me.<\/p>\n\n\n\n<figure class=\"wp-block-image size-large\"><img loading=\"lazy\" decoding=\"async\" width=\"1024\" height=\"576\" src=\"https:\/\/www.brige.ch\/wp-content\/uploads\/2024\/09\/01_20240921-1024x576.jpg\" alt=\"\" class=\"wp-image-11427\" srcset=\"https:\/\/www.brige.ch\/wp-content\/uploads\/2024\/09\/01_20240921-1024x576.jpg 1024w, https:\/\/www.brige.ch\/wp-content\/uploads\/2024\/09\/01_20240921-768x432.jpg 768w, https:\/\/www.brige.ch\/wp-content\/uploads\/2024\/09\/01_20240921.jpg 1200w\" sizes=\"auto, (max-width: 1024px) 100vw, 1024px\" \/><figcaption class=\"wp-element-caption\">Blick aus dem Schatten auf den Lech.<\/figcaption><\/figure>\n\n\n\n<p>Markant sind die Buhnen, das sind W\u00e4lle aus Steinen, richtige D\u00e4mme, die rechtwinklig zur Fliessrichtung in den Fluss ragen und ihn einengen. Die Buhnen sind auch bis zu 300 Meter lang und hier auf beiden Seiten des Flusses angeordnet. Sie zwingen den Lech in die Mitte, beschleunigen ihn, und sorgen daf\u00fcr, dass zwischen den Buhnen Schotterfelder entstehen, ein Lebensraum f\u00fcr viele Pflanzen und Tiere.<\/p>\n\n\n\n<figure class=\"wp-block-image size-large\"><img loading=\"lazy\" decoding=\"async\" width=\"1024\" height=\"576\" src=\"https:\/\/www.brige.ch\/wp-content\/uploads\/2024\/09\/02_20240921-1024x576.jpg\" alt=\"\" class=\"wp-image-11428\" srcset=\"https:\/\/www.brige.ch\/wp-content\/uploads\/2024\/09\/02_20240921-1024x576.jpg 1024w, https:\/\/www.brige.ch\/wp-content\/uploads\/2024\/09\/02_20240921-768x432.jpg 768w, https:\/\/www.brige.ch\/wp-content\/uploads\/2024\/09\/02_20240921.jpg 1200w\" sizes=\"auto, (max-width: 1024px) 100vw, 1024px\" \/><figcaption class=\"wp-element-caption\">Eine alte Buhne.<\/figcaption><\/figure>\n\n\n\n<p>Unterwegs treffen wir am Lechufer weidende K\u00fche an und fragen uns, ob deren Milch ebenfalls als &#8222;Heumilch&#8220; oder &#8222;Alpenmilch&#8220; verkauft wird.<\/p>\n\n\n\n<figure class=\"wp-block-image size-large\"><img loading=\"lazy\" decoding=\"async\" width=\"1024\" height=\"604\" src=\"https:\/\/www.brige.ch\/wp-content\/uploads\/2024\/09\/03_20240921-1024x604.jpg\" alt=\"\" class=\"wp-image-11429\" srcset=\"https:\/\/www.brige.ch\/wp-content\/uploads\/2024\/09\/03_20240921-1024x604.jpg 1024w, https:\/\/www.brige.ch\/wp-content\/uploads\/2024\/09\/03_20240921-768x453.jpg 768w, https:\/\/www.brige.ch\/wp-content\/uploads\/2024\/09\/03_20240921.jpg 1200w\" sizes=\"auto, (max-width: 1024px) 100vw, 1024px\" \/><figcaption class=\"wp-element-caption\">K\u00fche im Wald.<\/figcaption><\/figure>\n\n\n\n<p>Bei Forchach erreichen wir eine Seilbr\u00fccke, die \u00fcber den Lech f\u00fchrt. Unmittelbar vor der Br\u00fccke errichten Freiwillige einen Verpflegungsposten f\u00fcr den <a href=\"https:\/\/www.lechlauf.at\/\" data-type=\"link\" data-id=\"https:\/\/www.lechlauf.at\/\" target=\"_blank\" rel=\"noreferrer noopener\">Lechlauf<\/a>, der heute stattfindet. Leider haben sie nur Wasser und elektrolytische Getr\u00e4nke im Angebot, keinen Kaffee, sonst h\u00e4tten wir uns gerne bedient! Unser Weg f\u00fchrt nicht \u00fcber die Br\u00fccke, wir bleiben auf rechten Lechseite.<\/p>\n\n\n\n<figure class=\"wp-block-image size-large\"><img loading=\"lazy\" decoding=\"async\" width=\"846\" height=\"1024\" src=\"https:\/\/www.brige.ch\/wp-content\/uploads\/2024\/09\/045_20240921-846x1024.jpg\" alt=\"\" class=\"wp-image-11435\" srcset=\"https:\/\/www.brige.ch\/wp-content\/uploads\/2024\/09\/045_20240921-846x1024.jpg 846w, https:\/\/www.brige.ch\/wp-content\/uploads\/2024\/09\/045_20240921-768x930.jpg 768w, https:\/\/www.brige.ch\/wp-content\/uploads\/2024\/09\/045_20240921.jpg 1200w\" sizes=\"auto, (max-width: 846px) 100vw, 846px\" \/><figcaption class=\"wp-element-caption\">Die neue Seilbr\u00fccke bei Forchach begehen wir nur bis in die Mitte.<\/figcaption><\/figure>\n\n\n\n<p>Bei Weissenbach f\u00fchrt der Wanderweg \u00fcber den Lech. Es ist jetzt schon wieder ziemlich warm.<\/p>\n\n\n\n<figure class=\"wp-block-image size-large\"><img loading=\"lazy\" decoding=\"async\" width=\"1024\" height=\"576\" src=\"https:\/\/www.brige.ch\/wp-content\/uploads\/2024\/09\/04_20240921-1024x576.jpg\" alt=\"\" class=\"wp-image-11430\" srcset=\"https:\/\/www.brige.ch\/wp-content\/uploads\/2024\/09\/04_20240921-1024x576.jpg 1024w, https:\/\/www.brige.ch\/wp-content\/uploads\/2024\/09\/04_20240921-768x432.jpg 768w, https:\/\/www.brige.ch\/wp-content\/uploads\/2024\/09\/04_20240921.jpg 1200w\" sizes=\"auto, (max-width: 1024px) 100vw, 1024px\" \/><figcaption class=\"wp-element-caption\">Der Lech mit viel Platz. Blick von der Br\u00fccke bei Weissenbach.<\/figcaption><\/figure>\n\n\n\n<p>Die Route f\u00fchrt kunstvoll um das ganze Dorf Weissenbach herum, erst am Schluss \u00fcberqueren wir den Sportplatz, wo allerhand altes Ger\u00fcmpel herumsteht, auch ein altes Festzeltgestell von einem Fest aus dem Jahr 2019.<\/p>\n\n\n\n<figure class=\"wp-block-image size-large\"><img loading=\"lazy\" decoding=\"async\" width=\"1024\" height=\"566\" src=\"https:\/\/www.brige.ch\/wp-content\/uploads\/2024\/09\/05_20240921-1024x566.jpg\" alt=\"\" class=\"wp-image-11431\" srcset=\"https:\/\/www.brige.ch\/wp-content\/uploads\/2024\/09\/05_20240921-1024x566.jpg 1024w, https:\/\/www.brige.ch\/wp-content\/uploads\/2024\/09\/05_20240921-768x424.jpg 768w, https:\/\/www.brige.ch\/wp-content\/uploads\/2024\/09\/05_20240921.jpg 1200w\" sizes=\"auto, (max-width: 1024px) 100vw, 1024px\" \/><figcaption class=\"wp-element-caption\">\u00abNett hier. Aber waren Sie schon einmal im Oberengadin?\u00bb<\/figcaption><\/figure>\n\n\n\n<p>Mittlerweile brennt die Sonne vom Himmel, das viele Trinken macht sich bemerkbar und wir gehen bei Hirnh\u00e4usl hinter die B\u00fcsche. Jetzt wird&#8217;s metaphysisch, denn genau in dem Moment, als ich den Hosenstall \u00f6ffne, ert\u00f6nt in der Gemeinde der Wasseralarm und die Kirchenglocken beginnen zu l\u00e4uten. Sieht uns irgendwer? Nein, es ist genau 12 Uhr &#8230;<\/p>\n\n\n\n<figure class=\"wp-block-image size-large\"><img loading=\"lazy\" decoding=\"async\" width=\"1024\" height=\"577\" src=\"https:\/\/www.brige.ch\/wp-content\/uploads\/2024\/09\/06_20240921-1024x577.jpg\" alt=\"\" class=\"wp-image-11432\" srcset=\"https:\/\/www.brige.ch\/wp-content\/uploads\/2024\/09\/06_20240921-1024x577.jpg 1024w, https:\/\/www.brige.ch\/wp-content\/uploads\/2024\/09\/06_20240921-768x433.jpg 768w, https:\/\/www.brige.ch\/wp-content\/uploads\/2024\/09\/06_20240921.jpg 1200w\" sizes=\"auto, (max-width: 1024px) 100vw, 1024px\" \/><figcaption class=\"wp-element-caption\">In der N\u00e4he von Hirnh\u00e4usl.<\/figcaption><\/figure>\n\n\n\n<p>Kurz sp\u00e4ter rasten wir an einer sch\u00f6nen Stelle mit einem neuen Brunnen mit Trinkwasser. Brige nutzt ihren neuen Becher, den sie gestern gekauft hat, da im Hotelbadezimmer nur ein Zahnglas vorhanden war.<\/p>\n\n\n\n<figure class=\"wp-block-image size-large\"><img loading=\"lazy\" decoding=\"async\" width=\"1024\" height=\"683\" src=\"https:\/\/www.brige.ch\/wp-content\/uploads\/2024\/09\/07_20240921-1024x683.jpg\" alt=\"\" class=\"wp-image-11433\" srcset=\"https:\/\/www.brige.ch\/wp-content\/uploads\/2024\/09\/07_20240921-1024x683.jpg 1024w, https:\/\/www.brige.ch\/wp-content\/uploads\/2024\/09\/07_20240921-768x512.jpg 768w, https:\/\/www.brige.ch\/wp-content\/uploads\/2024\/09\/07_20240921.jpg 1200w\" sizes=\"auto, (max-width: 1024px) 100vw, 1024px\" \/><figcaption class=\"wp-element-caption\">Rastplatz mit neuem Trinkwasserbrunnen. Brige mit neuem Zahnglas-Becher.<\/figcaption><\/figure>\n\n\n\n<p>Auf der Strecke Richtung H\u00f6fen rollt es richtig gut, topfeben neben dem Lech, eine gute Fahrstrasse, es l\u00e4uft sich praktisch von alleine. Wir beschliessen deshalb in H\u00f6fen, nicht wie im Programm vorgesehen, den Bus zu nehmen, sondern das letzte St\u00fcck nach Reutte ebenfalls zu wandern. In Reutte st\u00e4rken wir uns mit Kaffee und Kuchen, dann checken wir im Hotel Mohren ein, wo wir zwei N\u00e4chte verbringen werden.<\/p>\n\n\n\n<figure class=\"wp-block-image size-large\"><img loading=\"lazy\" decoding=\"async\" width=\"1024\" height=\"576\" src=\"https:\/\/www.brige.ch\/wp-content\/uploads\/2024\/09\/08_20240921-1024x576.jpg\" alt=\"\" class=\"wp-image-11434\" srcset=\"https:\/\/www.brige.ch\/wp-content\/uploads\/2024\/09\/08_20240921-1024x576.jpg 1024w, https:\/\/www.brige.ch\/wp-content\/uploads\/2024\/09\/08_20240921-768x432.jpg 768w, https:\/\/www.brige.ch\/wp-content\/uploads\/2024\/09\/08_20240921.jpg 1200w\" sizes=\"auto, (max-width: 1024px) 100vw, 1024px\" \/><figcaption class=\"wp-element-caption\">Ohne W-Lan-Passwort kein Beitrag.<\/figcaption><\/figure>\n","protected":false},"excerpt":{"rendered":"<p>Beim Auschecken will der Wirt unbedingt unseren Meldeschein signieren, den wir gestern ausgef\u00fcllt haben. Ich weiss nicht genau warum, er hat das wohl schon immer so gemacht. Der alte Mann ist verwirrt, vermutlich schwer dement, das ist uns gestern schon aufgefallen. Jetzt bl\u00e4ttert er den Stoss mit allen Meldezetteln durch und kontrolliert akribisch jedes Blatt; [&hellip;]<\/p>\n","protected":false},"author":4,"featured_media":0,"comment_status":"open","ping_status":"open","sticky":false,"template":"","format":"standard","meta":{"footnotes":""},"categories":[18],"tags":[64],"class_list":{"0":"post-11426","1":"post","2":"type-post","3":"status-publish","4":"format-standard","6":"category-wanderlust","7":"tag-lechweg"},"_links":{"self":[{"href":"https:\/\/www.brige.ch\/index.php?rest_route=\/wp\/v2\/posts\/11426","targetHints":{"allow":["GET"]}}],"collection":[{"href":"https:\/\/www.brige.ch\/index.php?rest_route=\/wp\/v2\/posts"}],"about":[{"href":"https:\/\/www.brige.ch\/index.php?rest_route=\/wp\/v2\/types\/post"}],"author":[{"embeddable":true,"href":"https:\/\/www.brige.ch\/index.php?rest_route=\/wp\/v2\/users\/4"}],"replies":[{"embeddable":true,"href":"https:\/\/www.brige.ch\/index.php?rest_route=%2Fwp%2Fv2%2Fcomments&post=11426"}],"version-history":[{"count":8,"href":"https:\/\/www.brige.ch\/index.php?rest_route=\/wp\/v2\/posts\/11426\/revisions"}],"predecessor-version":[{"id":11445,"href":"https:\/\/www.brige.ch\/index.php?rest_route=\/wp\/v2\/posts\/11426\/revisions\/11445"}],"wp:attachment":[{"href":"https:\/\/www.brige.ch\/index.php?rest_route=%2Fwp%2Fv2%2Fmedia&parent=11426"}],"wp:term":[{"taxonomy":"category","embeddable":true,"href":"https:\/\/www.brige.ch\/index.php?rest_route=%2Fwp%2Fv2%2Fcategories&post=11426"},{"taxonomy":"post_tag","embeddable":true,"href":"https:\/\/www.brige.ch\/index.php?rest_route=%2Fwp%2Fv2%2Ftags&post=11426"}],"curies":[{"name":"wp","href":"https:\/\/api.w.org\/{rel}","templated":true}]}}