{"id":11480,"date":"2024-09-23T17:49:44","date_gmt":"2024-09-23T15:49:44","guid":{"rendered":"https:\/\/www.brige.ch\/?p=11480"},"modified":"2024-10-26T09:45:42","modified_gmt":"2024-10-26T07:45:42","slug":"lechweg-etappe-9-von-pflach-nach-fuessen","status":"publish","type":"post","link":"https:\/\/www.brige.ch\/?p=11480","title":{"rendered":"Lechweg Etappe 9 von Pflach nach F\u00fcssen"},"content":{"rendered":"\n<p>Schon gestern freuten wir uns \u00fcber die Wetterprognosen. Auch heute soll es mindestens am Vormittag regenfrei bleiben. Der Himmel ist fr\u00fch am Morgen noch etwas bew\u00f6lkt, es wird aber schnell sch\u00f6ner.<\/p>\n\n\n\n<p>Wir fahren mit der \u00f6sterreichischen S-Bahn, die von Garmisch-Partenkirchen herkommt, von Reutte ins benachbarte Pflach. Ich habe gestern online zwei Tickets gekauft, zusammen \u20ac 5.80. Und tats\u00e4chlich werde ich in den 3 Minuten Fahrzeit vom Schaffner kontrolliert.<\/p>\n\n\n\n<p>In Pflach f\u00fchrt der Lechweg sozusagen direkt vom Perron weg. Den Lech verlieren wir bald aus den Augen, der Fluss macht eine weitgebogene Linkskurve um den Kitzberg nach F\u00fcssen, wir hingegen wandern ziemlich direkt Richtung F\u00fcssen. Ziemlich direkt bedeutet hier auch immer wieder auf- und abw\u00e4rts.<\/p>\n\n\n\n<p>Der erste Aufstieg f\u00fchrt zum Kniepass und zur Sternschanze, einer Burgruine mit zwei Grundmauern und zwei Durchblicken. Brige ist etwas entt\u00e4uscht, denn beim Namen &#8222;Sternschanze&#8220; erwartete sie eher ein geheimes milit\u00e4risches Lagezentrum der deutschen Wehrmacht in Form einer riesigen Bunkeranlage.<\/p>\n\n\n\n<figure class=\"wp-block-image size-large\"><img loading=\"lazy\" decoding=\"async\" width=\"1024\" height=\"576\" src=\"https:\/\/www.brige.ch\/wp-content\/uploads\/2024\/09\/01_20240923-1024x576.jpg\" alt=\"\" class=\"wp-image-11468\" srcset=\"https:\/\/www.brige.ch\/wp-content\/uploads\/2024\/09\/01_20240923-1024x576.jpg 1024w, https:\/\/www.brige.ch\/wp-content\/uploads\/2024\/09\/01_20240923-768x432.jpg 768w, https:\/\/www.brige.ch\/wp-content\/uploads\/2024\/09\/01_20240923.jpg 1200w\" sizes=\"auto, (max-width: 1024px) 100vw, 1024px\" \/><figcaption class=\"wp-element-caption\">Aufstieg zum Kniepass und letzter Blick auf den Lech.<\/figcaption><\/figure>\n\n\n\n<p>Langsam macht sich die N\u00e4he der <a href=\"https:\/\/www.fuessen.de\/kultur\/koenigsschloesser.html\" target=\"_blank\" rel=\"noreferrer noopener\">Schl\u00f6sser<\/a> der Wittelsbacher K\u00f6nigsfamilie bei F\u00fcssen bemerkbar. Wir sind gespannt, was wir bei unserem zweiten <a href=\"https:\/\/www.brige.ch\/?p=11046\" target=\"_blank\" rel=\"noreferrer noopener\">Besuch<\/a> in der Region antreffen werden.<\/p>\n\n\n\n<figure class=\"wp-block-image size-large\"><img loading=\"lazy\" decoding=\"async\" width=\"1024\" height=\"637\" src=\"https:\/\/www.brige.ch\/wp-content\/uploads\/2024\/09\/02_20240923-1024x637.jpg\" alt=\"\" class=\"wp-image-11469\" srcset=\"https:\/\/www.brige.ch\/wp-content\/uploads\/2024\/09\/02_20240923-1024x637.jpg 1024w, https:\/\/www.brige.ch\/wp-content\/uploads\/2024\/09\/02_20240923-768x478.jpg 768w, https:\/\/www.brige.ch\/wp-content\/uploads\/2024\/09\/02_20240923.jpg 1200w\" sizes=\"auto, (max-width: 1024px) 100vw, 1024px\" \/><figcaption class=\"wp-element-caption\">Wir n\u00e4hern uns den weltber\u00fchmten Schl\u00f6ssern.<\/figcaption><\/figure>\n\n\n\n<p>Doch vorerst geht es weiter durch den Tannen- und Buchenwald; wir haben die alpine Vegetation definitiv verlassen. Bald k\u00f6nnen wir einen ersten Blick auf den Alpsee und auf das Museum der bayerischen K\u00f6nige werfen.<\/p>\n\n\n\n<figure class=\"wp-block-image size-large\"><img loading=\"lazy\" decoding=\"async\" width=\"1024\" height=\"694\" src=\"https:\/\/www.brige.ch\/wp-content\/uploads\/2024\/09\/03_20240923-1024x694.jpg\" alt=\"\" class=\"wp-image-11470\" srcset=\"https:\/\/www.brige.ch\/wp-content\/uploads\/2024\/09\/03_20240923-1024x694.jpg 1024w, https:\/\/www.brige.ch\/wp-content\/uploads\/2024\/09\/03_20240923-768x520.jpg 768w, https:\/\/www.brige.ch\/wp-content\/uploads\/2024\/09\/03_20240923.jpg 1200w\" sizes=\"auto, (max-width: 1024px) 100vw, 1024px\" \/><figcaption class=\"wp-element-caption\">Ein erster Blick auf den Alpsee.<\/figcaption><\/figure>\n\n\n\n<figure class=\"wp-block-image size-large\"><img loading=\"lazy\" decoding=\"async\" width=\"1024\" height=\"624\" src=\"https:\/\/www.brige.ch\/wp-content\/uploads\/2024\/09\/04_20240923-1024x624.jpg\" alt=\"\" class=\"wp-image-11471\" srcset=\"https:\/\/www.brige.ch\/wp-content\/uploads\/2024\/09\/04_20240923-1024x624.jpg 1024w, https:\/\/www.brige.ch\/wp-content\/uploads\/2024\/09\/04_20240923-768x468.jpg 768w, https:\/\/www.brige.ch\/wp-content\/uploads\/2024\/09\/04_20240923.jpg 1200w\" sizes=\"auto, (max-width: 1024px) 100vw, 1024px\" \/><figcaption class=\"wp-element-caption\">Und ein erster Blick auf das Museum der bayerischen K\u00f6nige in weiter Ferne am entfernten Ende des Alpsees. Achtfache Vergr\u00f6sserung mit dem Digitalzoom der Handykamera; das gibt nichts Schlaues &#8230;<\/figcaption><\/figure>\n\n\n\n<p>Der Abstieg zum Alpsee f\u00fchrt durch ruppiges Gel\u00e4nde, ein Abschnitt ist sogar mit Stahlseilen ausgestattet, die wir gerne nutzen. Es ist feuchtrutschig und steil. Weiter unten passieren wir den sogenannten Israeliten, eine markante Felsformation. Bis jetzt sind wir mehrheitlich alleine unterwegs.<\/p>\n\n\n\n<figure class=\"wp-block-image size-large\"><img loading=\"lazy\" decoding=\"async\" width=\"1024\" height=\"576\" src=\"https:\/\/www.brige.ch\/wp-content\/uploads\/2024\/09\/05_20240923-1024x576.jpg\" alt=\"\" class=\"wp-image-11472\" srcset=\"https:\/\/www.brige.ch\/wp-content\/uploads\/2024\/09\/05_20240923-1024x576.jpg 1024w, https:\/\/www.brige.ch\/wp-content\/uploads\/2024\/09\/05_20240923-768x432.jpg 768w, https:\/\/www.brige.ch\/wp-content\/uploads\/2024\/09\/05_20240923.jpg 1200w\" sizes=\"auto, (max-width: 1024px) 100vw, 1024px\" \/><figcaption class=\"wp-element-caption\">Links der sogenannte Israelit, eine eindr\u00fcckliche Felsformation \u00fcber dem Alpsee.<\/figcaption><\/figure>\n\n\n\n<p>Das \u00e4ndert sich schlagartig am Alpsee, den man auf einem ebenfalls \u00fcberraschend ruppigen Wanderweg umrunden kann. Der See weist einen hohen Pegelstand auf, der Weg ist stellenweise unter Wasser. Wir staunen, wie die Leute hier unterwegs sind; Ausfl\u00fcgler mit Turnschuhen, \u00e4ltere Leute, die schlecht zu Fuss sind, Familien mit Kleinkindern, die ihre riesigen Kinderwagen \u00fcber weite Strecken tragen m\u00fcssen, ein \u00e4lterer Herr kommt uns entgegen und st\u00f6sst sein Fahrrad, es ist uns vollkommen schleierhaft, wie er so weit kommen konnte.<\/p>\n\n\n\n<p>Bei einem Felsvorsprung etwa 30 Meter \u00fcber dem Alpsee, dem Pindarplatz, hat man einen guten Blick auf die Szenerie. Es ist etwa 12 Uhr und das Wetter ist immer noch sehr erfreulich.<\/p>\n\n\n\n<figure class=\"wp-block-image size-large\"><img loading=\"lazy\" decoding=\"async\" width=\"1024\" height=\"601\" src=\"https:\/\/www.brige.ch\/wp-content\/uploads\/2024\/09\/06_20240923-1024x601.jpg\" alt=\"\" class=\"wp-image-11473\" srcset=\"https:\/\/www.brige.ch\/wp-content\/uploads\/2024\/09\/06_20240923-1024x601.jpg 1024w, https:\/\/www.brige.ch\/wp-content\/uploads\/2024\/09\/06_20240923-768x451.jpg 768w, https:\/\/www.brige.ch\/wp-content\/uploads\/2024\/09\/06_20240923.jpg 1200w\" sizes=\"auto, (max-width: 1024px) 100vw, 1024px\" \/><figcaption class=\"wp-element-caption\">Beim Pindarplatz am Alpsee. Links Schloss Hohenschwangau (gelb), in der Mitte unten das K\u00f6nigsmuseum, rechts Schloss Neuschwanstein<\/figcaption><\/figure>\n\n\n\n<figure class=\"wp-block-image size-large\"><img loading=\"lazy\" decoding=\"async\" width=\"1024\" height=\"789\" src=\"https:\/\/www.brige.ch\/wp-content\/uploads\/2024\/09\/07_20240923-1024x789.jpg\" alt=\"\" class=\"wp-image-11474\" srcset=\"https:\/\/www.brige.ch\/wp-content\/uploads\/2024\/09\/07_20240923-1024x789.jpg 1024w, https:\/\/www.brige.ch\/wp-content\/uploads\/2024\/09\/07_20240923-768x592.jpg 768w, https:\/\/www.brige.ch\/wp-content\/uploads\/2024\/09\/07_20240923-1536x1184.jpg 1536w, https:\/\/www.brige.ch\/wp-content\/uploads\/2024\/09\/07_20240923-2048x1579.jpg 2048w\" sizes=\"auto, (max-width: 1024px) 100vw, 1024px\" \/><figcaption class=\"wp-element-caption\">Das haben wir auch bemerkt.<\/figcaption><\/figure>\n\n\n\n<p>Nach dem Pindarplatz zweigen wir nach Westen ab, und es kommt zu einer Premi\u00e8re: Zum ersten Mal begehen wir einen Wanderabschnitt in Deutschland zum zweiten Mal. Der Alpenrosenweg wird uns zum Kalvarienberg \u00fcber F\u00fcssen f\u00fchren, dieses St\u00fcck sind wir bereits am <a href=\"https:\/\/www.brige.ch\/?p=11046\" target=\"_blank\" rel=\"noreferrer noopener\">11. August 2023<\/a> abgewandert, allerdings in die entgegengesetzte Richtung.<\/p>\n\n\n\n<p>Auch dieses Mal ist der Schlussaufstieg zum Kalvarienberg steil, die letzten H\u00f6henmeter m\u00fcssen \u00fcber eine Treppe erklommen werden. Daf\u00fcr wird man oben mit einem sch\u00f6nen Blick entsch\u00e4digt.<\/p>\n\n\n\n<figure class=\"wp-block-image size-large\"><img loading=\"lazy\" decoding=\"async\" width=\"885\" height=\"1024\" src=\"https:\/\/www.brige.ch\/wp-content\/uploads\/2024\/09\/08_20240923-885x1024.jpg\" alt=\"\" class=\"wp-image-11475\" srcset=\"https:\/\/www.brige.ch\/wp-content\/uploads\/2024\/09\/08_20240923-885x1024.jpg 885w, https:\/\/www.brige.ch\/wp-content\/uploads\/2024\/09\/08_20240923-768x888.jpg 768w, https:\/\/www.brige.ch\/wp-content\/uploads\/2024\/09\/08_20240923.jpg 1200w\" sizes=\"auto, (max-width: 885px) 100vw, 885px\" \/><figcaption class=\"wp-element-caption\">Steiler Aufstieg zum Kalvarienberg.<\/figcaption><\/figure>\n\n\n\n<figure class=\"wp-block-image size-large\"><img loading=\"lazy\" decoding=\"async\" width=\"1024\" height=\"695\" src=\"https:\/\/www.brige.ch\/wp-content\/uploads\/2024\/09\/09_20240923-1024x695.jpg\" alt=\"\" class=\"wp-image-11476\" srcset=\"https:\/\/www.brige.ch\/wp-content\/uploads\/2024\/09\/09_20240923-1024x695.jpg 1024w, https:\/\/www.brige.ch\/wp-content\/uploads\/2024\/09\/09_20240923-768x521.jpg 768w, https:\/\/www.brige.ch\/wp-content\/uploads\/2024\/09\/09_20240923.jpg 1200w\" sizes=\"auto, (max-width: 1024px) 100vw, 1024px\" \/><figcaption class=\"wp-element-caption\">Blick auf F\u00fcssen. Am unteren Bildrand der Schatten des riesigen Kreuzes.<\/figcaption><\/figure>\n\n\n\n<p>Der kurze steile Abstieg f\u00fchrt uns zum Lechfall, dem Ende des Lechwegs. Hier herrscht Hochbetrieb, viel Volk steht auf der Br\u00fccke und guckt auf die vier Stufen des Lechfalls flussaufw\u00e4rts und den Lechklamm flussabw\u00e4rts Richtung F\u00fcssen.<\/p>\n\n\n\n<figure class=\"wp-block-image size-large\"><img loading=\"lazy\" decoding=\"async\" width=\"1024\" height=\"595\" src=\"https:\/\/www.brige.ch\/wp-content\/uploads\/2024\/09\/10_20240923-1024x595.jpg\" alt=\"\" class=\"wp-image-11477\" srcset=\"https:\/\/www.brige.ch\/wp-content\/uploads\/2024\/09\/10_20240923-1024x595.jpg 1024w, https:\/\/www.brige.ch\/wp-content\/uploads\/2024\/09\/10_20240923-768x446.jpg 768w, https:\/\/www.brige.ch\/wp-content\/uploads\/2024\/09\/10_20240923.jpg 1200w\" sizes=\"auto, (max-width: 1024px) 100vw, 1024px\" \/><figcaption class=\"wp-element-caption\">Der Lechfall.<\/figcaption><\/figure>\n\n\n\n<figure class=\"wp-block-image size-large\"><img loading=\"lazy\" decoding=\"async\" width=\"1024\" height=\"690\" src=\"https:\/\/www.brige.ch\/wp-content\/uploads\/2024\/09\/11_20240923-1024x690.jpg\" alt=\"\" class=\"wp-image-11478\" srcset=\"https:\/\/www.brige.ch\/wp-content\/uploads\/2024\/09\/11_20240923-1024x690.jpg 1024w, https:\/\/www.brige.ch\/wp-content\/uploads\/2024\/09\/11_20240923-768x518.jpg 768w, https:\/\/www.brige.ch\/wp-content\/uploads\/2024\/09\/11_20240923.jpg 1200w\" sizes=\"auto, (max-width: 1024px) 100vw, 1024px\" \/><figcaption class=\"wp-element-caption\">Die Lechklamm.<\/figcaption><\/figure>\n\n\n\n<p>Das <a href=\"https:\/\/www.urlaub-in-schwangau.info\/eindrucksvolle_orte\/lechfall-lechschlucht.php\" target=\"_blank\" rel=\"noreferrer noopener\">Stauwehr<\/a> wurde nach einem katastrophalen Hochwasser in den Jahren 1784\u20131787 realisiert. Gleichzeitig wurde auch ein Ableitungsstollen gebaut.<\/p>\n\n\n\n<p>Wir spazieren dem beruhigten Lech entlang und gelangen \u00fcber die K\u00f6nig-Ludwig-Br\u00fccke in die Altstadt von F\u00fcssen. Hier brummt es. Touristen aus aller Herren L\u00e4nder nehmen die verkehrsberuhigte Innenstadt in Beschlag. Wir passieren die Leute und suchen unser Hotel auf. Die letzte Nacht vor der R\u00fcckreise werden wir im Hotel zum Hechten in einem kleinen schmucken Dachzimmer verbringen.<\/p>\n\n\n\n<figure class=\"wp-block-image size-large\"><img loading=\"lazy\" decoding=\"async\" width=\"1024\" height=\"576\" src=\"https:\/\/www.brige.ch\/wp-content\/uploads\/2024\/09\/12_20240923-1024x576.jpg\" alt=\"\" class=\"wp-image-11479\" srcset=\"https:\/\/www.brige.ch\/wp-content\/uploads\/2024\/09\/12_20240923-1024x576.jpg 1024w, https:\/\/www.brige.ch\/wp-content\/uploads\/2024\/09\/12_20240923-768x432.jpg 768w, https:\/\/www.brige.ch\/wp-content\/uploads\/2024\/09\/12_20240923.jpg 1200w\" sizes=\"auto, (max-width: 1024px) 100vw, 1024px\" \/><figcaption class=\"wp-element-caption\">Eingangs F\u00fcssen. Noch ist es ruhig.<\/figcaption><\/figure>\n\n\n\n<figure class=\"wp-block-image size-large\"><img loading=\"lazy\" decoding=\"async\" width=\"1024\" height=\"576\" src=\"https:\/\/www.brige.ch\/wp-content\/uploads\/2024\/09\/13_20240923-1024x576.jpg\" alt=\"\" class=\"wp-image-11484\" srcset=\"https:\/\/www.brige.ch\/wp-content\/uploads\/2024\/09\/13_20240923-1024x576.jpg 1024w, https:\/\/www.brige.ch\/wp-content\/uploads\/2024\/09\/13_20240923-768x432.jpg 768w, https:\/\/www.brige.ch\/wp-content\/uploads\/2024\/09\/13_20240923.jpg 1200w\" sizes=\"auto, (max-width: 1024px) 100vw, 1024px\" \/><figcaption class=\"wp-element-caption\">Jetzt nicht mehr. Hochbetrieb in der Innenstadt.<\/figcaption><\/figure>\n","protected":false},"excerpt":{"rendered":"<p>Schon gestern freuten wir uns \u00fcber die Wetterprognosen. Auch heute soll es mindestens am Vormittag regenfrei bleiben. Der Himmel ist fr\u00fch am Morgen noch etwas bew\u00f6lkt, es wird aber schnell sch\u00f6ner. Wir fahren mit der \u00f6sterreichischen S-Bahn, die von Garmisch-Partenkirchen herkommt, von Reutte ins benachbarte Pflach. Ich habe gestern online zwei Tickets gekauft, zusammen \u20ac [&hellip;]<\/p>\n","protected":false},"author":4,"featured_media":0,"comment_status":"open","ping_status":"open","sticky":false,"template":"","format":"standard","meta":{"footnotes":""},"categories":[18],"tags":[64],"class_list":{"0":"post-11480","1":"post","2":"type-post","3":"status-publish","4":"format-standard","6":"category-wanderlust","7":"tag-lechweg"},"_links":{"self":[{"href":"https:\/\/www.brige.ch\/index.php?rest_route=\/wp\/v2\/posts\/11480","targetHints":{"allow":["GET"]}}],"collection":[{"href":"https:\/\/www.brige.ch\/index.php?rest_route=\/wp\/v2\/posts"}],"about":[{"href":"https:\/\/www.brige.ch\/index.php?rest_route=\/wp\/v2\/types\/post"}],"author":[{"embeddable":true,"href":"https:\/\/www.brige.ch\/index.php?rest_route=\/wp\/v2\/users\/4"}],"replies":[{"embeddable":true,"href":"https:\/\/www.brige.ch\/index.php?rest_route=%2Fwp%2Fv2%2Fcomments&post=11480"}],"version-history":[{"count":9,"href":"https:\/\/www.brige.ch\/index.php?rest_route=\/wp\/v2\/posts\/11480\/revisions"}],"predecessor-version":[{"id":11490,"href":"https:\/\/www.brige.ch\/index.php?rest_route=\/wp\/v2\/posts\/11480\/revisions\/11490"}],"wp:attachment":[{"href":"https:\/\/www.brige.ch\/index.php?rest_route=%2Fwp%2Fv2%2Fmedia&parent=11480"}],"wp:term":[{"taxonomy":"category","embeddable":true,"href":"https:\/\/www.brige.ch\/index.php?rest_route=%2Fwp%2Fv2%2Fcategories&post=11480"},{"taxonomy":"post_tag","embeddable":true,"href":"https:\/\/www.brige.ch\/index.php?rest_route=%2Fwp%2Fv2%2Ftags&post=11480"}],"curies":[{"name":"wp","href":"https:\/\/api.w.org\/{rel}","templated":true}]}}