{"id":11491,"date":"2024-09-25T22:12:22","date_gmt":"2024-09-25T20:12:22","guid":{"rendered":"https:\/\/www.brige.ch\/?p=11491"},"modified":"2024-10-26T09:45:42","modified_gmt":"2024-10-26T07:45:42","slug":"lechweg-rueckreise-von-fuessen-nach-brugg","status":"publish","type":"post","link":"https:\/\/www.brige.ch\/?p=11491","title":{"rendered":"Lechweg, R\u00fcckreise von F\u00fcssen nach Brugg"},"content":{"rendered":"\n<p>Am Dienstagmorgen nach dem Fr\u00fchst\u00fcck will der nette Conci\u00e8rge unbedingt mit meiner Vorgesetzten sprechen und sie \u00fcberzeugen, dass wir noch einige Tage in F\u00fcssen bleiben m\u00fcssten, unser Zimmer w\u00e4re noch f\u00fcr zwei weitere N\u00e4chte verf\u00fcgbar! Aber leider nein \u2013 wir checken aus und spazieren bei sch\u00f6nem Wetter zum Bahnhof F\u00fcssen, wo die Bayerische Regionalbahn p\u00fcnktlich Richtung Buchloe abf\u00e4hrt.<\/p>\n\n\n\n<p>Wir lassen das sch\u00f6ne F\u00fcssen und das Lechtal hinter uns und freuen uns \u00fcber die Aussicht aus dem Zug. Die Gegend wird immer flacher, der Himmel blau und frisch gestrichen, weisse Wolken, klare Herbstluft. Wir halten in Weizern-Hopferau, in Lengenwang und Leuterschach, in Ebenhofen und Biessenhofen, in Kaufbeuren und endlich auf die Minute genau in Buchloe. Das ist auch gut so; wir haben nur wenige Minuten Umsteigezeit f\u00fcr den IC nach Z\u00fcrich. Auch das klappt; unsere beiden reservierten Sitze im sehr gut gef\u00fcllten ersten Wagen sind noch frei.<\/p>\n\n\n\n<p>Wir fahren ziemlich p\u00fcnktlich ab, nehmen aber nach unserem Daf\u00fcrhalten nicht richtig Tempo auf, sondern zuckeln eher gem\u00fctlich durch das Allg\u00e4u. Bei jedem Zwischenhalt wird der R\u00fcckstand auf den Fahrplan gr\u00f6sser, und der bemitleidenswerte Zugbegleiter muss immer neue Hiobsbotschaften \u00fcber die Lautsprecher verbreiten. &#8222;Ein vorausfahrender Zug behindert uns&#8220;, &#8222;der fahrplanm\u00e4ssige Halt in St. Gallen entf\u00e4llt&#8220;, &#8222;der fahrplanm\u00e4ssige Halt in Z\u00fcrich-Flughafen entf\u00e4llt&#8220;.<\/p>\n\n\n\n<figure class=\"wp-block-image size-large\"><img loading=\"lazy\" decoding=\"async\" width=\"1024\" height=\"768\" src=\"https:\/\/www.brige.ch\/wp-content\/uploads\/2024\/09\/erdrutsch-1024x768.jpg\" alt=\"\" class=\"wp-image-11492\" srcset=\"https:\/\/www.brige.ch\/wp-content\/uploads\/2024\/09\/erdrutsch-1024x768.jpg 1024w, https:\/\/www.brige.ch\/wp-content\/uploads\/2024\/09\/erdrutsch-768x576.jpg 768w, https:\/\/www.brige.ch\/wp-content\/uploads\/2024\/09\/erdrutsch.jpg 1200w\" sizes=\"auto, (max-width: 1024px) 100vw, 1024px\" \/><figcaption class=\"wp-element-caption\">Hangrutsch bei St. Gallen St. Fiden.<\/figcaption><\/figure>\n\n\n\n<p>Ein Hintergrund der Mis\u00e8re liegt in der Schweiz; der grosse Hangrutsch bei bei St. Gallen St. Fiden behindert den Zugverkehr; oft muss der Schnellzug \u00fcber die Strecke Romanshorn, Amriswil, Weinfelden nach Winterthur gef\u00fchrt werden. Wir auch; aber die Fahrt entlang dem Bodensee ist nat\u00fcrlich toll.<\/p>\n\n\n\n<p>M\u00fcde, aber voller Eindr\u00fccke treffen wir in Brugg ein. Hier noch einige Bilder im R\u00fcckblick:<\/p>\n\n\n\n<figure class=\"wp-block-image size-large\"><img loading=\"lazy\" decoding=\"async\" width=\"1024\" height=\"576\" src=\"https:\/\/www.brige.ch\/wp-content\/uploads\/2024\/09\/10_20240914-1024x576.jpg\" alt=\"\" class=\"wp-image-11493\" srcset=\"https:\/\/www.brige.ch\/wp-content\/uploads\/2024\/09\/10_20240914-1024x576.jpg 1024w, https:\/\/www.brige.ch\/wp-content\/uploads\/2024\/09\/10_20240914-768x432.jpg 768w, https:\/\/www.brige.ch\/wp-content\/uploads\/2024\/09\/10_20240914.jpg 1200w\" sizes=\"auto, (max-width: 1024px) 100vw, 1024px\" \/><figcaption class=\"wp-element-caption\">Das &#8222;Huber Hus&#8220;, das Heimatmuseum in Lech.<\/figcaption><\/figure>\n\n\n\n<figure class=\"wp-block-image size-large\"><img loading=\"lazy\" decoding=\"async\" width=\"1024\" height=\"576\" src=\"https:\/\/www.brige.ch\/wp-content\/uploads\/2024\/09\/11_20240916-1024x576.jpg\" alt=\"\" class=\"wp-image-11494\" srcset=\"https:\/\/www.brige.ch\/wp-content\/uploads\/2024\/09\/11_20240916-1024x576.jpg 1024w, https:\/\/www.brige.ch\/wp-content\/uploads\/2024\/09\/11_20240916-768x432.jpg 768w, https:\/\/www.brige.ch\/wp-content\/uploads\/2024\/09\/11_20240916.jpg 1200w\" sizes=\"auto, (max-width: 1024px) 100vw, 1024px\" \/><figcaption class=\"wp-element-caption\">Im <a href=\"https:\/\/www.holzgauerhaus.at\/\" target=\"_blank\" rel=\"noreferrer noopener\">Holzgauer Haus<\/a> in Lechleiten gab&#8217;s fantastische Spinatkn\u00f6del und ein ebensolches Trappistenbier, ein <a href=\"https:\/\/www.stift-engelszell.at\/trappistenbrauerei\/biere\/3021-nivard\/\" target=\"_blank\" rel=\"noreferrer noopener\">Nivard<\/a> aus der Brauerei Stift Engelszell. <\/figcaption><\/figure>\n\n\n\n<figure class=\"wp-block-image size-large\"><img loading=\"lazy\" decoding=\"async\" width=\"576\" height=\"1024\" src=\"https:\/\/www.brige.ch\/wp-content\/uploads\/2024\/09\/13_20240917-576x1024.jpg\" alt=\"\" class=\"wp-image-11495\" srcset=\"https:\/\/www.brige.ch\/wp-content\/uploads\/2024\/09\/13_20240917-576x1024.jpg 576w, https:\/\/www.brige.ch\/wp-content\/uploads\/2024\/09\/13_20240917-768x1365.jpg 768w, https:\/\/www.brige.ch\/wp-content\/uploads\/2024\/09\/13_20240917-864x1536.jpg 864w, https:\/\/www.brige.ch\/wp-content\/uploads\/2024\/09\/13_20240917-1152x2048.jpg 1152w, https:\/\/www.brige.ch\/wp-content\/uploads\/2024\/09\/13_20240917.jpg 1200w\" sizes=\"auto, (max-width: 576px) 100vw, 576px\" \/><figcaption class=\"wp-element-caption\">Einer der vielen Wasserf\u00e4lle: der 80 Meter hohe <a href=\"https:\/\/www.lechtal.at\/de\/infrastrukturen\/haegerauer-wasserfall.html\" target=\"_blank\" rel=\"noreferrer noopener\">H\u00e4gerauer Wasserfall<\/a>.<\/figcaption><\/figure>\n\n\n\n<p><\/p>\n\n\n\n<figure class=\"wp-block-image size-large\"><img loading=\"lazy\" decoding=\"async\" width=\"1024\" height=\"576\" src=\"https:\/\/www.brige.ch\/wp-content\/uploads\/2024\/09\/14_20240918-1024x576.jpg\" alt=\"\" class=\"wp-image-11496\" srcset=\"https:\/\/www.brige.ch\/wp-content\/uploads\/2024\/09\/14_20240918-1024x576.jpg 1024w, https:\/\/www.brige.ch\/wp-content\/uploads\/2024\/09\/14_20240918-768x432.jpg 768w, https:\/\/www.brige.ch\/wp-content\/uploads\/2024\/09\/14_20240918.jpg 1200w\" sizes=\"auto, (max-width: 1024px) 100vw, 1024px\" \/><figcaption class=\"wp-element-caption\">Wenn man bei der Seilh\u00e4ngebr\u00fccke Holzgau senkrecht nach unten fotografiert und die Baumspitzen von oben sieht \u2013 wir sind 105 Meter \u00fcber dem Grund.<\/figcaption><\/figure>\n\n\n\n<figure class=\"wp-block-image size-large\"><img loading=\"lazy\" decoding=\"async\" width=\"1024\" height=\"610\" src=\"https:\/\/www.brige.ch\/wp-content\/uploads\/2024\/09\/15_20240918-1024x610.jpg\" alt=\"\" class=\"wp-image-11497\" srcset=\"https:\/\/www.brige.ch\/wp-content\/uploads\/2024\/09\/15_20240918-1024x610.jpg 1024w, https:\/\/www.brige.ch\/wp-content\/uploads\/2024\/09\/15_20240918-768x458.jpg 768w, https:\/\/www.brige.ch\/wp-content\/uploads\/2024\/09\/15_20240918.jpg 1200w\" sizes=\"auto, (max-width: 1024px) 100vw, 1024px\" \/><figcaption class=\"wp-element-caption\">In der N\u00e4he von Benglerwald. Wie wir das folgende Teilst\u00fcck ungesichert \u00fcberstehen konnten, das verstehen wir noch heute nicht.<\/figcaption><\/figure>\n\n\n\n<figure class=\"wp-block-image size-large\"><img loading=\"lazy\" decoding=\"async\" width=\"977\" height=\"1024\" src=\"https:\/\/www.brige.ch\/wp-content\/uploads\/2024\/09\/16_20240919-977x1024.jpg\" alt=\"\" class=\"wp-image-11498\" srcset=\"https:\/\/www.brige.ch\/wp-content\/uploads\/2024\/09\/16_20240919-977x1024.jpg 977w, https:\/\/www.brige.ch\/wp-content\/uploads\/2024\/09\/16_20240919-768x805.jpg 768w, https:\/\/www.brige.ch\/wp-content\/uploads\/2024\/09\/16_20240919.jpg 1200w\" sizes=\"auto, (max-width: 977px) 100vw, 977px\" \/><figcaption class=\"wp-element-caption\">Brige (cert. Bellis et Iris) r\u00fcckt dem Deutschen Enzian auf den Pelz.<\/figcaption><\/figure>\n\n\n\n<figure class=\"wp-block-image size-large\"><img loading=\"lazy\" decoding=\"async\" width=\"1024\" height=\"1006\" src=\"https:\/\/www.brige.ch\/wp-content\/uploads\/2024\/09\/18_20240920-1024x1006.jpg\" alt=\"\" class=\"wp-image-11499\" srcset=\"https:\/\/www.brige.ch\/wp-content\/uploads\/2024\/09\/18_20240920-1024x1006.jpg 1024w, https:\/\/www.brige.ch\/wp-content\/uploads\/2024\/09\/18_20240920-768x755.jpg 768w, https:\/\/www.brige.ch\/wp-content\/uploads\/2024\/09\/18_20240920.jpg 1200w\" sizes=\"auto, (max-width: 1024px) 100vw, 1024px\" \/><figcaption class=\"wp-element-caption\">Wanderwegweiser in Elmen.<\/figcaption><\/figure>\n\n\n\n<figure class=\"wp-block-image size-large\"><img loading=\"lazy\" decoding=\"async\" width=\"1024\" height=\"974\" src=\"https:\/\/www.brige.ch\/wp-content\/uploads\/2024\/09\/18_20240921-1024x974.jpg\" alt=\"\" class=\"wp-image-11500\" srcset=\"https:\/\/www.brige.ch\/wp-content\/uploads\/2024\/09\/18_20240921-1024x974.jpg 1024w, https:\/\/www.brige.ch\/wp-content\/uploads\/2024\/09\/18_20240921-768x730.jpg 768w, https:\/\/www.brige.ch\/wp-content\/uploads\/2024\/09\/18_20240921.jpg 1200w\" sizes=\"auto, (max-width: 1024px) 100vw, 1024px\" \/><figcaption class=\"wp-element-caption\">Was hier angezeigt wird, wissen wir auch nicht.<\/figcaption><\/figure>\n\n\n\n<figure class=\"wp-block-image size-large\"><img loading=\"lazy\" decoding=\"async\" width=\"1024\" height=\"631\" src=\"https:\/\/www.brige.ch\/wp-content\/uploads\/2024\/09\/20_20240923-1024x631.jpg\" alt=\"\" class=\"wp-image-11501\" srcset=\"https:\/\/www.brige.ch\/wp-content\/uploads\/2024\/09\/20_20240923-1024x631.jpg 1024w, https:\/\/www.brige.ch\/wp-content\/uploads\/2024\/09\/20_20240923-768x473.jpg 768w, https:\/\/www.brige.ch\/wp-content\/uploads\/2024\/09\/20_20240923.jpg 1200w\" sizes=\"auto, (max-width: 1024px) 100vw, 1024px\" \/><figcaption class=\"wp-element-caption\">Den Holzschuhen nach muss das ein Wanderwegweiser f\u00fcr Holl\u00e4nder sein.<\/figcaption><\/figure>\n\n\n\n<p><\/p>\n","protected":false},"excerpt":{"rendered":"<p>Am Dienstagmorgen nach dem Fr\u00fchst\u00fcck will der nette Conci\u00e8rge unbedingt mit meiner Vorgesetzten sprechen und sie \u00fcberzeugen, dass wir noch einige Tage in F\u00fcssen bleiben m\u00fcssten, unser Zimmer w\u00e4re noch f\u00fcr zwei weitere N\u00e4chte verf\u00fcgbar! Aber leider nein \u2013 wir checken aus und spazieren bei sch\u00f6nem Wetter zum Bahnhof F\u00fcssen, wo die Bayerische Regionalbahn p\u00fcnktlich [&hellip;]<\/p>\n","protected":false},"author":4,"featured_media":0,"comment_status":"open","ping_status":"open","sticky":false,"template":"","format":"standard","meta":{"footnotes":""},"categories":[18],"tags":[64],"class_list":{"0":"post-11491","1":"post","2":"type-post","3":"status-publish","4":"format-standard","6":"category-wanderlust","7":"tag-lechweg"},"_links":{"self":[{"href":"https:\/\/www.brige.ch\/index.php?rest_route=\/wp\/v2\/posts\/11491","targetHints":{"allow":["GET"]}}],"collection":[{"href":"https:\/\/www.brige.ch\/index.php?rest_route=\/wp\/v2\/posts"}],"about":[{"href":"https:\/\/www.brige.ch\/index.php?rest_route=\/wp\/v2\/types\/post"}],"author":[{"embeddable":true,"href":"https:\/\/www.brige.ch\/index.php?rest_route=\/wp\/v2\/users\/4"}],"replies":[{"embeddable":true,"href":"https:\/\/www.brige.ch\/index.php?rest_route=%2Fwp%2Fv2%2Fcomments&post=11491"}],"version-history":[{"count":6,"href":"https:\/\/www.brige.ch\/index.php?rest_route=\/wp\/v2\/posts\/11491\/revisions"}],"predecessor-version":[{"id":11508,"href":"https:\/\/www.brige.ch\/index.php?rest_route=\/wp\/v2\/posts\/11491\/revisions\/11508"}],"wp:attachment":[{"href":"https:\/\/www.brige.ch\/index.php?rest_route=%2Fwp%2Fv2%2Fmedia&parent=11491"}],"wp:term":[{"taxonomy":"category","embeddable":true,"href":"https:\/\/www.brige.ch\/index.php?rest_route=%2Fwp%2Fv2%2Fcategories&post=11491"},{"taxonomy":"post_tag","embeddable":true,"href":"https:\/\/www.brige.ch\/index.php?rest_route=%2Fwp%2Fv2%2Ftags&post=11491"}],"curies":[{"name":"wp","href":"https:\/\/api.w.org\/{rel}","templated":true}]}}