{"id":14107,"date":"2025-07-17T19:25:01","date_gmt":"2025-07-17T17:25:01","guid":{"rendered":"https:\/\/www.brige.ch\/?p=14107"},"modified":"2025-07-17T19:26:18","modified_gmt":"2025-07-17T17:26:18","slug":"rothaarsteig-etappe-4-von-schanze-zum-rhein-weser-turm","status":"publish","type":"post","link":"https:\/\/www.brige.ch\/?p=14107","title":{"rendered":"Rothaarsteig Etappe 4 von Schanze zum Rhein-Weser-Turm"},"content":{"rendered":"\n<figure class=\"wp-block-image size-large\"><img loading=\"lazy\" decoding=\"async\" width=\"1024\" height=\"794\" src=\"https:\/\/www.brige.ch\/wp-content\/uploads\/2025\/07\/PXL_20250717-01-1024x794.jpg\" alt=\"Eine allzu gro\u00dfe Macht st\u00fcrzt durch ihre eigene Masse.\" class=\"wp-image-14109\" srcset=\"https:\/\/www.brige.ch\/wp-content\/uploads\/2025\/07\/PXL_20250717-01-1024x794.jpg 1024w, https:\/\/www.brige.ch\/wp-content\/uploads\/2025\/07\/PXL_20250717-01-768x596.jpg 768w, https:\/\/www.brige.ch\/wp-content\/uploads\/2025\/07\/PXL_20250717-01.jpg 1200w\" sizes=\"auto, (max-width: 1024px) 100vw, 1024px\" \/><figcaption class=\"wp-element-caption\">Eine allzu grosse Macht st\u00fcrzt durch ihre eigene Masse (Martin Luther).<\/figcaption><\/figure>\n\n\n\n<p>Mit einem Zitat von Martin Luther, das nichts an Aktualit\u00e4t verloren hat, werden wir heute auf den Weg geschickt. Das Wetter ist gut, leicht bew\u00f6lkt, frisch, aber nicht zu frisch, so dass ich mit den kurzen Hosen wandern kann. Wir verlassen den Landschaftgasthaus Schanze, wo wir die einzigen G\u00e4ste waren. Der Wirt hat uns gestern und heute auf das Beste umsorgt.<\/p>\n\n\n\n<p>Auf dem ersten Abschnitt unserer Etappe finden sich verschiedene riesige Skulpturen, die uns gut gefallen. Etwa ein Felsbrocken von 150 Tonnen Gewicht in einem massiven Gehege von Nils-Udo. Wir wundern uns, wie das alles wohl hierher geschafft worden ist.<\/p>\n\n\n\n<figure class=\"wp-block-image size-large\"><img loading=\"lazy\" decoding=\"async\" width=\"1024\" height=\"576\" src=\"https:\/\/www.brige.ch\/wp-content\/uploads\/2025\/07\/PXL_20250717-02-1024x576.jpg\" alt=\"Stahlskulptur \u201eKein leichtes Spiel\u201c, Ansgar Nierhoff\" class=\"wp-image-14110\" title=\"Stahlskulptur \u201eKein leichtes Spiel\u201c, Ansgar Nierhoff\" srcset=\"https:\/\/www.brige.ch\/wp-content\/uploads\/2025\/07\/PXL_20250717-02-1024x576.jpg 1024w, https:\/\/www.brige.ch\/wp-content\/uploads\/2025\/07\/PXL_20250717-02-768x432.jpg 768w, https:\/\/www.brige.ch\/wp-content\/uploads\/2025\/07\/PXL_20250717-02.jpg 1200w\" sizes=\"auto, (max-width: 1024px) 100vw, 1024px\" \/><figcaption class=\"wp-element-caption\">Stahlskulptur \u201eKein leichtes Spiel\u201c, Ansgar Nierhoff<\/figcaption><\/figure>\n\n\n\n<figure class=\"wp-block-image size-large\"><img loading=\"lazy\" decoding=\"async\" width=\"1024\" height=\"576\" src=\"https:\/\/www.brige.ch\/wp-content\/uploads\/2025\/07\/PXL_20250717-03-1024x576.jpg\" alt=\"Skulptur \u201eStein-Zeit-Mensch\u201c, Nils-Udo\" class=\"wp-image-14111\" title=\"Skulptur \u201eStein-Zeit-Mensch\u201c, Nils-Udo\" srcset=\"https:\/\/www.brige.ch\/wp-content\/uploads\/2025\/07\/PXL_20250717-03-1024x576.jpg 1024w, https:\/\/www.brige.ch\/wp-content\/uploads\/2025\/07\/PXL_20250717-03-768x432.jpg 768w, https:\/\/www.brige.ch\/wp-content\/uploads\/2025\/07\/PXL_20250717-03.jpg 1200w\" sizes=\"auto, (max-width: 1024px) 100vw, 1024px\" \/><figcaption class=\"wp-element-caption\">Skulptur \u201eStein-Zeit-Mensch\u201c, Nils-Udo<\/figcaption><\/figure>\n\n\n\n<figure class=\"wp-block-image size-large\"><a href=\"https:\/\/www.waldskulpturenweg.de\/\" target=\"_blank\" rel=\" noreferrer noopener\"><img loading=\"lazy\" decoding=\"async\" width=\"1024\" height=\"576\" src=\"https:\/\/www.brige.ch\/wp-content\/uploads\/2025\/07\/PXL_20250717-04-1024x576.jpg\" alt=\"AS\" class=\"wp-image-14112\" srcset=\"https:\/\/www.brige.ch\/wp-content\/uploads\/2025\/07\/PXL_20250717-04-1024x576.jpg 1024w, https:\/\/www.brige.ch\/wp-content\/uploads\/2025\/07\/PXL_20250717-04-768x432.jpg 768w, https:\/\/www.brige.ch\/wp-content\/uploads\/2025\/07\/PXL_20250717-04.jpg 1200w\" sizes=\"auto, (max-width: 1024px) 100vw, 1024px\" \/><\/a><figcaption class=\"wp-element-caption\">Mehr davon hier.<\/figcaption><\/figure>\n\n\n\n<p>Dann endlich kommt die von Brige schon so lange ersehnte H\u00e4ngebr\u00fccke bei K\u00fchude. Durch die B\u00e4ume kann man sie erahnen. Wir sind sprachlos, weil das Teil so klein ist. Gut, wir sind uns vom Lechweg andere <a href=\"https:\/\/www.brige.ch\/?p=11380\" target=\"_blank\" rel=\"noreferrer noopener\">Kaliber<\/a> gewohnt. Nat\u00fcrlich wird die Br\u00fccke trotzdem beschritten.<\/p>\n\n\n\n<p>Schmunzeln m\u00fcssen wir auch \u00fcber die Wanderwegweiser, die seit gestern wie Bushaltestellenanzeigen im Wald aussehen. Wichtig: der gewiefte Wanderer ignoriert die Richtung der Tafeln und folgt daf\u00fcr den schwarzen Pfeilen auf der Tafel.<\/p>\n\n\n\n<figure class=\"wp-block-image size-large\"><img loading=\"lazy\" decoding=\"async\" width=\"1024\" height=\"822\" src=\"https:\/\/www.brige.ch\/wp-content\/uploads\/2025\/07\/PXL_20250717-07-1024x822.jpg\" alt=\"Wanderwegweiser.\" class=\"wp-image-14115\" srcset=\"https:\/\/www.brige.ch\/wp-content\/uploads\/2025\/07\/PXL_20250717-07-1024x822.jpg 1024w, https:\/\/www.brige.ch\/wp-content\/uploads\/2025\/07\/PXL_20250717-07-768x616.jpg 768w, https:\/\/www.brige.ch\/wp-content\/uploads\/2025\/07\/PXL_20250717-07-1536x1233.jpg 1536w, https:\/\/www.brige.ch\/wp-content\/uploads\/2025\/07\/PXL_20250717-07-2048x1643.jpg 2048w\" sizes=\"auto, (max-width: 1024px) 100vw, 1024px\" \/><figcaption class=\"wp-element-caption\">Wanderwegweiser.<\/figcaption><\/figure>\n\n\n\n<p>Der Rothaarsteig gabelt sich heute in eine Tal- und eine Kammvariante. Wir folgen letzterer und freuen uns \u00fcber den sch\u00f6nen Weg!<\/p>\n\n\n\n<figure class=\"wp-block-image size-large\"><img loading=\"lazy\" decoding=\"async\" width=\"1024\" height=\"576\" src=\"https:\/\/www.brige.ch\/wp-content\/uploads\/2025\/07\/PXL_20250717-08-1024x576.jpg\" alt=\"Was f\u00fcr ein prachtvoller Anblick.\" class=\"wp-image-14116\" srcset=\"https:\/\/www.brige.ch\/wp-content\/uploads\/2025\/07\/PXL_20250717-08-1024x576.jpg 1024w, https:\/\/www.brige.ch\/wp-content\/uploads\/2025\/07\/PXL_20250717-08-768x432.jpg 768w, https:\/\/www.brige.ch\/wp-content\/uploads\/2025\/07\/PXL_20250717-08.jpg 1200w\" sizes=\"auto, (max-width: 1024px) 100vw, 1024px\" \/><figcaption class=\"wp-element-caption\">Was f\u00fcr ein prachtvoller Anblick.<\/figcaption><\/figure>\n\n\n\n<p>Etwas sp\u00e4ter wird es garstig. Links neben dem Wanderweg ist ein Streifen von rund zwei Metern Breite brachial gem\u00e4ht und gerodet, der Boden ist bearbeitet und Pfosten f\u00fcr einen Zaun sind gesetzt. Die Holzpfosten sitzen bombenfest. Die schweren Maschinen, die dazu notwendig waren, haben tiefe Spuren hinterlassen. Wir marschieren etwa zwei Kilometer lang auf einer weichen Morastspur mit vielen Pf\u00fctzen. Aber das frische Holz riecht gut.<\/p>\n\n\n\n<figure class=\"wp-block-image size-large\"><img loading=\"lazy\" decoding=\"async\" width=\"1024\" height=\"714\" src=\"https:\/\/www.brige.ch\/wp-content\/uploads\/2025\/07\/PXL_20250717-09-1024x714.jpg\" alt=\"Noch sieht es gut aus.\" class=\"wp-image-14117\" srcset=\"https:\/\/www.brige.ch\/wp-content\/uploads\/2025\/07\/PXL_20250717-09-1024x714.jpg 1024w, https:\/\/www.brige.ch\/wp-content\/uploads\/2025\/07\/PXL_20250717-09-768x536.jpg 768w, https:\/\/www.brige.ch\/wp-content\/uploads\/2025\/07\/PXL_20250717-09.jpg 1200w\" sizes=\"auto, (max-width: 1024px) 100vw, 1024px\" \/><figcaption class=\"wp-element-caption\">Noch sieht es gut aus.<\/figcaption><\/figure>\n\n\n\n<figure class=\"wp-block-image size-large\"><img loading=\"lazy\" decoding=\"async\" width=\"1024\" height=\"714\" src=\"https:\/\/www.brige.ch\/wp-content\/uploads\/2025\/07\/PXL_20250717-14-1024x714.jpg\" alt=\"Aber jetzt wird es h\u00e4sslich.\" class=\"wp-image-14122\" srcset=\"https:\/\/www.brige.ch\/wp-content\/uploads\/2025\/07\/PXL_20250717-14-1024x714.jpg 1024w, https:\/\/www.brige.ch\/wp-content\/uploads\/2025\/07\/PXL_20250717-14-768x536.jpg 768w, https:\/\/www.brige.ch\/wp-content\/uploads\/2025\/07\/PXL_20250717-14.jpg 1200w\" sizes=\"auto, (max-width: 1024px) 100vw, 1024px\" \/><figcaption class=\"wp-element-caption\">Aber jetzt wird es h\u00e4sslich.<\/figcaption><\/figure>\n\n\n\n<p>\u00d6fters sehen wir eine von Briges Lieblingspflanze, das Wald-Springkraut (Impatiens noli-tangere).<\/p>\n\n\n\n<figure class=\"wp-block-image size-large\"><img loading=\"lazy\" decoding=\"async\" width=\"1024\" height=\"824\" src=\"https:\/\/www.brige.ch\/wp-content\/uploads\/2025\/07\/PXL_20250717-10-1024x824.jpg\" alt=\"R\u00fchr mich nicht an!\" class=\"wp-image-14118\" srcset=\"https:\/\/www.brige.ch\/wp-content\/uploads\/2025\/07\/PXL_20250717-10-1024x824.jpg 1024w, https:\/\/www.brige.ch\/wp-content\/uploads\/2025\/07\/PXL_20250717-10-768x618.jpg 768w, https:\/\/www.brige.ch\/wp-content\/uploads\/2025\/07\/PXL_20250717-10.jpg 1200w\" sizes=\"auto, (max-width: 1024px) 100vw, 1024px\" \/><figcaption class=\"wp-element-caption\">R\u00fchr mich nicht an!<\/figcaption><\/figure>\n\n\n\n<p>Rastpl\u00e4tze hat es auch heute genug, und auf jedem Bank, jeder H\u00fctte, jeder Rastgelegenheit wird auf die Afrikanische Schweinepest aufmerksam gemacht. Im Hochsauerland, wo wir uns befinden, haben die Beh\u00f6rden heute die <a href=\"https:\/\/www1.wdr.de\/nachrichten\/westfalen-lippe\/wegen-afrikanische-schweinepest-regeln-verschaerft-100.html\" data-type=\"link\" data-id=\"https:\/\/www1.wdr.de\/nachrichten\/westfalen-lippe\/wegen-afrikanische-schweinepest-regeln-verschaerft-100.html\" target=\"_blank\" rel=\"noreferrer noopener\">Massnahmen<\/a> massiv versch\u00e4rft, es werden Anl\u00e4sse abgesagt, es d\u00fcrfen keine gr\u00f6sseren Gruppen den Wald betreten, aus Angst, dass befallene Wildschweine aufgeschreckt werden und sich in andere Gebiete bewegen. Als wir in der N\u00e4he vom Weiler <a href=\"https:\/\/de.wikipedia.org\/wiki\/Jagdhaus_(Schmallenberg)\" target=\"_blank\" rel=\"noreferrer noopener\">Jagdhaus<\/a> rasten, h\u00e4lt in der N\u00e4he ein Jeep, der Fahrer, der wie ein Ranger aussieht, kommt direkt auf uns zu und erkl\u00e4rt, er sei Journalist vom WDR und erhebe die Stimmungslage der Bev\u00f6lkerung zur Schweinepest und ob er ein kurzes Interview mit mir f\u00fchren d\u00fcrfe? Darf er. Er lichtet mich ab, und macht sich eifrig Notizen.<\/p>\n\n\n\n<p>Der Rothaarsteig ist gut markiert, man kann die Route praktisch ohne Karte begehen. Alle 5 Kilometer zeigt eine Basaltstele, wie weit wir schon gewandert sind. Hier der Blick von vorn:<\/p>\n\n\n\n<figure class=\"wp-block-image size-large\"><img loading=\"lazy\" decoding=\"async\" width=\"1024\" height=\"861\" src=\"https:\/\/www.brige.ch\/wp-content\/uploads\/2025\/07\/PXL_20250717-15-1024x861.jpg\" alt=\"Schon 80 km!\" class=\"wp-image-14123\" srcset=\"https:\/\/www.brige.ch\/wp-content\/uploads\/2025\/07\/PXL_20250717-15-1024x861.jpg 1024w, https:\/\/www.brige.ch\/wp-content\/uploads\/2025\/07\/PXL_20250717-15-768x646.jpg 768w, https:\/\/www.brige.ch\/wp-content\/uploads\/2025\/07\/PXL_20250717-15.jpg 1200w\" sizes=\"auto, (max-width: 1024px) 100vw, 1024px\" \/><figcaption class=\"wp-element-caption\">Schon 80 km!<\/figcaption><\/figure>\n\n\n\n<p>Und der Blick zur\u00fcck:<\/p>\n\n\n\n<figure class=\"wp-block-image size-large\"><img loading=\"lazy\" decoding=\"async\" width=\"1024\" height=\"829\" src=\"https:\/\/www.brige.ch\/wp-content\/uploads\/2025\/07\/PXL_20250717-16-1024x829.jpg\" alt=\"Nur noch 75 km!\" class=\"wp-image-14124\" srcset=\"https:\/\/www.brige.ch\/wp-content\/uploads\/2025\/07\/PXL_20250717-16-1024x829.jpg 1024w, https:\/\/www.brige.ch\/wp-content\/uploads\/2025\/07\/PXL_20250717-16-768x622.jpg 768w, https:\/\/www.brige.ch\/wp-content\/uploads\/2025\/07\/PXL_20250717-16.jpg 1200w\" sizes=\"auto, (max-width: 1024px) 100vw, 1024px\" \/><figcaption class=\"wp-element-caption\">Nur noch 75 km!<\/figcaption><\/figure>\n\n\n\n<p>Richtig! Wir haben die Mitte unserer Tour bereits \u00fcberschritten. Schade eigentlich, denn es gef\u00e4llt uns ausnehmend gut hier!<\/p>\n\n\n\n<p>Kurz nach 15 Uhr erreichen wir unseren Etappenort in der Gemeinde Oberhundem im nordrhein-westf\u00e4lischen Kreis Olpe. Es handelt sich hier um das gr\u00f6sste Wintersportgebiet n\u00f6rdlich der Alpen, imfall!<\/p>\n\n\n\n<figure class=\"wp-block-image size-large\"><img loading=\"lazy\" decoding=\"async\" width=\"1024\" height=\"695\" src=\"https:\/\/www.brige.ch\/wp-content\/uploads\/2025\/07\/PXL_20250717-18-1024x695.jpg\" alt=\"Im Wintersportgebiet.\" class=\"wp-image-14126\" srcset=\"https:\/\/www.brige.ch\/wp-content\/uploads\/2025\/07\/PXL_20250717-18-1024x695.jpg 1024w, https:\/\/www.brige.ch\/wp-content\/uploads\/2025\/07\/PXL_20250717-18-768x522.jpg 768w, https:\/\/www.brige.ch\/wp-content\/uploads\/2025\/07\/PXL_20250717-18.jpg 1200w\" sizes=\"auto, (max-width: 1024px) 100vw, 1024px\" \/><figcaption class=\"wp-element-caption\">Im Wintersportgebiet.<\/figcaption><\/figure>\n\n\n\n<p>Wir sind untergebracht im <a href=\"http:\/\/www.rhein-weser-turm.de\/\" target=\"_blank\" rel=\"noreferrer noopener\">Rhein-Weser-Turm<\/a>. Ein h\u00f6chst interessantes Geb\u00e4ude: unten Gastst\u00e4tte und dar\u00fcber ein Turm. Auch hier sind wir die einzigen (!) G\u00e4ste heute. Wegen eines Anlasses ist die Gastst\u00e4tte geschlossen, Frau Schwermer erwartet uns aber, und l\u00e4sst die T\u00fcre extra offen. Wir werden sehr herzlich empfangen, gut umsorgt und extra bekocht. <\/p>\n\n\n\n<p>Den Aufstieg in den Turm lassen wir uns nicht nehmen, aber die 24 H\u00f6henmeter sp\u00fcren wir in den Oberschenkeln. Auch heute werden wir gut schlafen &#8230;<\/p>\n","protected":false},"excerpt":{"rendered":"<p>Mit einem Zitat von Martin Luther, das nichts an Aktualit\u00e4t verloren hat, werden wir heute auf den Weg geschickt. Das Wetter ist gut, leicht bew\u00f6lkt, frisch, aber nicht zu frisch, so dass ich mit den kurzen Hosen wandern kann. Wir verlassen den Landschaftgasthaus Schanze, wo wir die einzigen G\u00e4ste waren. Der Wirt hat uns gestern [&hellip;]<\/p>\n","protected":false},"author":4,"featured_media":0,"comment_status":"open","ping_status":"open","sticky":false,"template":"","format":"standard","meta":{"footnotes":""},"categories":[18],"tags":[65],"class_list":{"0":"post-14107","1":"post","2":"type-post","3":"status-publish","4":"format-standard","6":"category-wanderlust","7":"tag-rothaarsteig"},"_links":{"self":[{"href":"https:\/\/www.brige.ch\/index.php?rest_route=\/wp\/v2\/posts\/14107","targetHints":{"allow":["GET"]}}],"collection":[{"href":"https:\/\/www.brige.ch\/index.php?rest_route=\/wp\/v2\/posts"}],"about":[{"href":"https:\/\/www.brige.ch\/index.php?rest_route=\/wp\/v2\/types\/post"}],"author":[{"embeddable":true,"href":"https:\/\/www.brige.ch\/index.php?rest_route=\/wp\/v2\/users\/4"}],"replies":[{"embeddable":true,"href":"https:\/\/www.brige.ch\/index.php?rest_route=%2Fwp%2Fv2%2Fcomments&post=14107"}],"version-history":[{"count":8,"href":"https:\/\/www.brige.ch\/index.php?rest_route=\/wp\/v2\/posts\/14107\/revisions"}],"predecessor-version":[{"id":14133,"href":"https:\/\/www.brige.ch\/index.php?rest_route=\/wp\/v2\/posts\/14107\/revisions\/14133"}],"wp:attachment":[{"href":"https:\/\/www.brige.ch\/index.php?rest_route=%2Fwp%2Fv2%2Fmedia&parent=14107"}],"wp:term":[{"taxonomy":"category","embeddable":true,"href":"https:\/\/www.brige.ch\/index.php?rest_route=%2Fwp%2Fv2%2Fcategories&post=14107"},{"taxonomy":"post_tag","embeddable":true,"href":"https:\/\/www.brige.ch\/index.php?rest_route=%2Fwp%2Fv2%2Ftags&post=14107"}],"curies":[{"name":"wp","href":"https:\/\/api.w.org\/{rel}","templated":true}]}}