{"id":5374,"date":"2011-06-26T20:11:05","date_gmt":"2011-06-26T18:11:05","guid":{"rendered":"http:\/\/www.brige.cyon.site\/?p=5374"},"modified":"2024-10-26T09:45:47","modified_gmt":"2024-10-26T07:45:47","slug":"im-sihltal","status":"publish","type":"post","link":"https:\/\/www.brige.ch\/?p=5374","title":{"rendered":"Im Sihltal"},"content":{"rendered":"<p>Schon seit Ewigkeiten wollte ich einmal in den <a href=\"http:\/\/www.wildnispark.ch\/zuerichs-wildnis\/sihlwald\/\" target=\"_blank\" rel=\"noopener\">Sihlwald<\/a>, und vorgestern fand ich, dass sich der heutige heisse Sonntag bestens daf\u00fcr eignet. Und so verbrachten wir den heutigen Morgen im k\u00fchlen Schatten der Sihlwaldbuchen. Bereits morgens um halb acht Uhr nahmen wir den Zug nach Z\u00fcrich. Dort gab es einen Kaffee, bevor wir mit der Sihltalbahn nach Sihlwald fuhren. <\/p>\n<img loading=\"lazy\" decoding=\"async\" src=\"http:\/\/www.brige.ch\/images_11\/sinnspruch.jpg\" alt=\"Sinnspruch an Salomon Gessners Sommersitz im Sihltal\" title=\"Sinnspruch an Salomon Gessners Sommersitz im Sihltal\" width=\"540\" height=\"334\" \/>\n<p>Eine dreist\u00fcndige Wanderung sollte uns mitten durch den Sihlwald f\u00fchren \u2013 der sich seit dem Jahr 2000 zu einem Naturwald ohne menschliche Eingriffe entwickeln darf \u2013 und anschliessend der Sihl entlang wieder zur\u00fcck nach Sihlwald.<\/p>\n<img loading=\"lazy\" decoding=\"async\" src=\"http:\/\/www.brige.ch\/images_11\/brige.jpg\" alt=\"Im Sihltal\" title=\"Im Sihltal\" width=\"540\" height=\"405\" \/>\n<p>Der Wald ist sch\u00f6n, aber vom Urwald merkt man ehrlich gesagt noch nicht viel. Die Sihl ist auch sch\u00f6n, und der Weg entlang des Ufers wird verst\u00e4ndlicherweise rege genutzt.<\/p>\n<img loading=\"lazy\" decoding=\"async\" src=\"http:\/\/www.brige.ch\/images_11\/sihl.jpg\" alt=\"Im Sihltal\" title=\"Im Sihltal\" width=\"540\" height=\"405\" \/>\n<p>Da wir nach gut zwei Stunden bereits wieder in Sihlwald angekommen waren, beschlossen wir, noch eine Station weiterzuwandern. Auf dem Bahnhof Sihlwald stand inzwischen ein alter Zug mit Dampflok zur Fahrt bereit, der zahlreiche G\u00e4ste angelockt hatte.<\/p>\n<img loading=\"lazy\" decoding=\"async\" src=\"http:\/\/www.brige.ch\/images_11\/loki.jpg\" alt=\"Dampflok im Sihltal\" title=\"Dampflok im Sihltal\" width=\"540\" height=\"405\" \/>\n<p>Unser Weg f\u00fchrte uns weiter mitten durch das sch\u00f6ne Besucherzentrum und dann Richtung Gattikon. Endlich fanden wir auch eine freie Rastbank, um eine kurze Verpflegungspause einzulegen, denn langsam hatten wir Hunger bekommen.<\/p>\n<p>Wenig sp\u00e4ter erreichten wir den Bahnhof Langnau-Gattikon, und dort gab es das \u00fcbliche Glac\u00e9, obwohl es erst f\u00fcnf nach halb zw\u00f6lf Uhr war. Dann machten wir uns auf die Heimreise. In Z\u00fcrich gab es diesmal keinen Kaffee, sondern frische Erdbeeren vom Marinello. Diese gehe ich jetzt r\u00fcsten f\u00fcr das Dessert. \ud83d\ude42<\/p>\n","protected":false},"excerpt":{"rendered":"<p>Schon seit Ewigkeiten wollte ich einmal in den Sihlwald, und vorgestern fand ich, dass sich der heutige heisse Sonntag bestens daf\u00fcr eignet. Und so verbrachten wir den heutigen Morgen im k\u00fchlen Schatten der Sihlwaldbuchen. Bereits morgens um halb acht Uhr nahmen wir den Zug nach Z\u00fcrich. Dort gab es einen Kaffee, bevor wir mit der [&hellip;]<\/p>\n","protected":false},"author":3,"featured_media":0,"comment_status":"open","ping_status":"open","sticky":false,"template":"","format":"standard","meta":{"footnotes":""},"categories":[18],"tags":[],"class_list":{"0":"post-5374","1":"post","2":"type-post","3":"status-publish","4":"format-standard","6":"category-wanderlust"},"_links":{"self":[{"href":"https:\/\/www.brige.ch\/index.php?rest_route=\/wp\/v2\/posts\/5374","targetHints":{"allow":["GET"]}}],"collection":[{"href":"https:\/\/www.brige.ch\/index.php?rest_route=\/wp\/v2\/posts"}],"about":[{"href":"https:\/\/www.brige.ch\/index.php?rest_route=\/wp\/v2\/types\/post"}],"author":[{"embeddable":true,"href":"https:\/\/www.brige.ch\/index.php?rest_route=\/wp\/v2\/users\/3"}],"replies":[{"embeddable":true,"href":"https:\/\/www.brige.ch\/index.php?rest_route=%2Fwp%2Fv2%2Fcomments&post=5374"}],"version-history":[{"count":6,"href":"https:\/\/www.brige.ch\/index.php?rest_route=\/wp\/v2\/posts\/5374\/revisions"}],"predecessor-version":[{"id":12100,"href":"https:\/\/www.brige.ch\/index.php?rest_route=\/wp\/v2\/posts\/5374\/revisions\/12100"}],"wp:attachment":[{"href":"https:\/\/www.brige.ch\/index.php?rest_route=%2Fwp%2Fv2%2Fmedia&parent=5374"}],"wp:term":[{"taxonomy":"category","embeddable":true,"href":"https:\/\/www.brige.ch\/index.php?rest_route=%2Fwp%2Fv2%2Fcategories&post=5374"},{"taxonomy":"post_tag","embeddable":true,"href":"https:\/\/www.brige.ch\/index.php?rest_route=%2Fwp%2Fv2%2Ftags&post=5374"}],"curies":[{"name":"wp","href":"https:\/\/api.w.org\/{rel}","templated":true}]}}