{"id":5401,"date":"2011-07-03T21:29:36","date_gmt":"2011-07-03T19:29:36","guid":{"rendered":"http:\/\/www.brige.cyon.site\/?p=5401"},"modified":"2024-10-26T09:45:47","modified_gmt":"2024-10-26T07:45:47","slug":"gratwanderung-auf-dem-albis","status":"publish","type":"post","link":"https:\/\/www.brige.ch\/?p=5401","title":{"rendered":"Gratwanderung auf dem Albis"},"content":{"rendered":"<p>Heute wanderten wir von der Felsenegg nach Station Sihlbrugg, das ging so: Mit den SBB und der SZU fuhren wie nach Adliswil, wo wir kurz nach neun Uhr mit der <a href=\"http:\/\/www.laf.ch\/home.html\">LAF<\/a> in die H\u00f6he gondelten.<\/p>\n<img loading=\"lazy\" decoding=\"async\" src=\"http:\/\/www.brige.ch\/images_11\/brige1.jpg\" alt=\"\" title=\"Brige in der Luftseilbahn Adliswil Felsenegg\" width=\"540\" height=\"405\" \/>\n<img loading=\"lazy\" decoding=\"async\" src=\"http:\/\/www.brige.ch\/images_11\/laf1.jpg\" alt=\"\" title=\"Luftseilbahn Adliswil Felsenegg\" width=\"540\" height=\"405\" \/>\n<p>Auf der Felsenegg wollten wir einene Kaffee trinken und ein Gipfeli essen, bevor wir loswanderten. Da hatten wir die Rechnung aber ohne den Wirt gemacht, denn das Restaurant \u00f6ffnet erst um zehn Uhr. Das soll einer verstehen \u2013 f\u00e4hrt doch die Luftseilbahn im Sommer ab acht Uhr.<\/p>\n<img loading=\"lazy\" decoding=\"async\" src=\"http:\/\/www.brige.ch\/images_11\/adie.jpg\" alt=\"\" title=\"Adie\" width=\"540\" height=\"389\" \/>\n<p>Also Adie und weiter. Restaurants gibt es ja gen\u00fcgend auf der Albiskette, wussten wir und verschoben unsere Kaffeepause Richtung Buchenegg. Auf dem Weg dahin repetierten wir die B\u00e4ume anhand des Waldlehrpfades. Das Restaurant auf der Buchenegg wollte uns auch nicht bewirten \u2013 es hat ab halb zw\u00f6lf Uhr ge\u00f6ffnet. Ich bin fassungslos.<\/p>\n<img loading=\"lazy\" decoding=\"async\" src=\"http:\/\/www.brige.ch\/images_11\/Zuerich.jpg\" alt=\"\" title=\"Blick auf Z\u00fcrich\" width=\"540\" height=\"405\" \/>\n<p>Aber wir haben ja Verpflegung in unseren Rucks\u00e4cken, und so essen und trinken wir eine Kleinigkeit, w\u00e4hrend wir einen tollen Ausblick Richtung Z\u00fcrich geniessen. \u00dcberhaupt die Aussicht: W\u00e4hrend der gesamten Wanderung er\u00f6ffnet sich uns immer wieder ein fantastischer Blick auf beide Seiten der Albiskette. Besonders weit sieht man von der Hochwacht aus, wo ein 30 Meter hoher Aussichtsturm steht, eine sch\u00f6ne Holzkonstruktion.<\/p>\n<img loading=\"lazy\" decoding=\"async\" src=\"http:\/\/www.brige.ch\/images_11\/hochwacht.jpg\" alt=\"\" title=\"Hochwacht\" width=\"540\" height=\"405\" \/>\n<img loading=\"lazy\" decoding=\"async\" src=\"http:\/\/www.brige.ch\/images_11\/brige-hochwacht.jpg\" alt=\"\" title=\"Brige auf dem Hochwacht-Aussichtsturm\" width=\"540\" height=\"405\" \/>\n<img loading=\"lazy\" decoding=\"async\" src=\"http:\/\/www.brige.ch\/images_11\/zugersee.jpg\" alt=\"\" title=\"Blick zum Zugersee\" width=\"540\" height=\"306\" \/>\n<img loading=\"lazy\" decoding=\"async\" src=\"http:\/\/www.brige.ch\/images_11\/rapperswil.jpg\" alt=\"\" title=\"Blick Richtung Rapperswil\" width=\"540\" height=\"345\" \/>\n<p>Zu unserer \u00dcberraschung finden wir zuoberst auf der Plattform zwei H\u00e4ngematten aufgespannt, in denen offenbar tief geschlafen wird. Dann folgt schon bald der B\u00fcrglen, der mit 915 m. \u00fc. M. h\u00f6chste Punkt der Albiskette.<\/p>\n<p>Inzwischen befanden wir uns wieder im Sihlwald, und der Rest der Wanderung f\u00fchrte uns am s\u00fcdwestlichen Rand des <a href=\"https:\/\/www.brige.ch\/?p=5374\">Naturwaldes<\/a> entlang.<\/p>\n<img loading=\"lazy\" decoding=\"async\" src=\"http:\/\/www.brige.ch\/images_11\/Sihlwald0.jpg\" alt=\"\" title=\"Im Sihlwald\" width=\"540\" height=\"405\" \/>\n<img loading=\"lazy\" decoding=\"async\" src=\"http:\/\/www.brige.ch\/images_11\/Sihlwald1.jpg\" alt=\"\" title=\"Im Sihlwald\" width=\"540\" height=\"405\" \/>\n<img loading=\"lazy\" decoding=\"async\" src=\"http:\/\/www.brige.ch\/images_11\/Sihlwald2.jpg\" alt=\"\" title=\"Hier beginnt die Kernzone im Sihlwald\" width=\"540\" height=\"405\" \/>\n<p>Nach einer kurzen Mittagspause marschierten wir ins Sihltal hinunter zur Station Sihlbrugg. Das ist einer der elendesten Bahnh\u00f6fe, auf dem ich je auf einen Zug gewartet habe. Ausser einem Selecta- und einem Billettautomaten hat er nichts zu bieten, vorne donnern die Z\u00fcge durch und hinten die Autos.<\/p>\n<img loading=\"lazy\" decoding=\"async\" src=\"http:\/\/www.brige.ch\/images_11\/Sihlbrugg.jpg\" alt=\"\" title=\"Bahnhof Sihlbrugg, nicht bedient\" width=\"540\" height=\"405\" \/>\n<p>Via Thalwil und Z\u00fcrich fuhren wir nach Hause zur\u00fcck; das Glac\u00e9 gab es in Thalwil. Kaffeepause machten wir \u00fcbrigens auf dem Albispass in einem Gartencaf\u00e9 inmitten von T\u00f6fffahrern.<\/p>\n","protected":false},"excerpt":{"rendered":"<p>Heute wanderten wir von der Felsenegg nach Station Sihlbrugg, das ging so: Mit den SBB und der SZU fuhren wie nach Adliswil, wo wir kurz nach neun Uhr mit der LAF in die H\u00f6he gondelten. Auf der Felsenegg wollten wir einene Kaffee trinken und ein Gipfeli essen, bevor wir loswanderten. Da hatten wir die Rechnung [&hellip;]<\/p>\n","protected":false},"author":3,"featured_media":0,"comment_status":"open","ping_status":"open","sticky":false,"template":"","format":"standard","meta":{"footnotes":""},"categories":[18],"tags":[],"class_list":{"0":"post-5401","1":"post","2":"type-post","3":"status-publish","4":"format-standard","6":"category-wanderlust"},"_links":{"self":[{"href":"https:\/\/www.brige.ch\/index.php?rest_route=\/wp\/v2\/posts\/5401","targetHints":{"allow":["GET"]}}],"collection":[{"href":"https:\/\/www.brige.ch\/index.php?rest_route=\/wp\/v2\/posts"}],"about":[{"href":"https:\/\/www.brige.ch\/index.php?rest_route=\/wp\/v2\/types\/post"}],"author":[{"embeddable":true,"href":"https:\/\/www.brige.ch\/index.php?rest_route=\/wp\/v2\/users\/3"}],"replies":[{"embeddable":true,"href":"https:\/\/www.brige.ch\/index.php?rest_route=%2Fwp%2Fv2%2Fcomments&post=5401"}],"version-history":[{"count":8,"href":"https:\/\/www.brige.ch\/index.php?rest_route=\/wp\/v2\/posts\/5401\/revisions"}],"predecessor-version":[{"id":5680,"href":"https:\/\/www.brige.ch\/index.php?rest_route=\/wp\/v2\/posts\/5401\/revisions\/5680"}],"wp:attachment":[{"href":"https:\/\/www.brige.ch\/index.php?rest_route=%2Fwp%2Fv2%2Fmedia&parent=5401"}],"wp:term":[{"taxonomy":"category","embeddable":true,"href":"https:\/\/www.brige.ch\/index.php?rest_route=%2Fwp%2Fv2%2Fcategories&post=5401"},{"taxonomy":"post_tag","embeddable":true,"href":"https:\/\/www.brige.ch\/index.php?rest_route=%2Fwp%2Fv2%2Ftags&post=5401"}],"curies":[{"name":"wp","href":"https:\/\/api.w.org\/{rel}","templated":true}]}}