{"id":5475,"date":"2011-07-15T15:20:10","date_gmt":"2011-07-15T13:20:10","guid":{"rendered":"http:\/\/www.brige.cyon.site\/?p=5475"},"modified":"2024-10-26T09:45:47","modified_gmt":"2024-10-26T07:45:47","slug":"dynamisch","status":"publish","type":"post","link":"https:\/\/www.brige.ch\/?p=5475","title":{"rendered":"Dynamisch"},"content":{"rendered":"<p>Nach dem Ausschlafen und Fr\u00fchst\u00fccken war heute noch nichts von der angek\u00fcndigten Bew\u00f6lkung zu sehen, und so fand ich, ein Ausflug auf die Gislifluh w\u00e4re doch eine gute Idee. Der Rucksack war schnell gepackt, und kurz nach halb zehn Uhr sassen wir im Postauto nach Thalheim. Von dort aus marschierten wir bergauf. Da schien die Sonne noch, aber es wehte ein frischer Wind.<\/p>\n<img decoding=\"async\" src=\"http:\/\/www.brige.ch\/images_11\/aufstieg.jpg\" \/>\n<p>Je n\u00e4her wir dem Gipfel kamen, um so dichter und dunkler wurden die Wolken, man musste schon fast Regen bef\u00fcrchten.<\/p>\n<img decoding=\"async\" src=\"http:\/\/www.brige.ch\/images_11\/gipfelsturm.jpg\" \/>\n<img decoding=\"async\" src=\"http:\/\/www.brige.ch\/images_11\/oben.jpg\" \/>\n<p>Wir genossen kurz die Aussicht &#8230; <\/p>\n<img decoding=\"async\" src=\"http:\/\/www.brige.ch\/images_11\/aussicht1.jpg\" \/>\n<img decoding=\"async\" src=\"http:\/\/www.brige.ch\/images_11\/aussicht2.jpg\" \/>\n<p>&#8230; und machten uns bald wieder auf den Weg \u00fcber den Grat und bergab Richtung Wildegg.<\/p>\n<img decoding=\"async\" src=\"http:\/\/www.brige.ch\/images_11\/kornfeld.jpg\" \/>\n<img decoding=\"async\" src=\"http:\/\/www.brige.ch\/images_11\/kuh.jpg\" \/>\n<p>Am Waldrand rasteten wir, um unseren Proviant zu essen, aber auch da war es nicht wirklich gem\u00fctlich. Erst als wir an der Aare unten waren, zeigte sich die Sonne wieder. In Auenstein fanden wir zu unserer Freude die neue <a href=\"https:\/\/www.brige.ch\/?p=4667\">Fussg\u00e4ngerbr\u00fccke<\/a> ge\u00f6ffnet vor, welche Teil des Auenschutzparkes Rupperswil ist.<\/p>\n<img decoding=\"async\" src=\"http:\/\/www.brige.ch\/images_11\/steg1.jpg\" \/>\n<img decoding=\"async\" src=\"http:\/\/www.brige.ch\/images_11\/steg2.jpg\" \/>\n<p>Damit eine dynamische Flussaue entstehen kann, wurden dem Fluss entlang unz\u00e4hlige artfremde B\u00e4ume gef\u00e4llt. Zudem wurde ein Teil des Aaredammes entfernt und ein neues Seitengew\u00e4sser geschaffen, das parallel zur Alten Aare verl\u00e4uft. Der alte Aarelauf wurde mit Hindernissen aus Kies, B\u00e4umen oder Steinen ausgestaltet, damit unterschiedlich Wassertiefen und Str\u00f6mungsst\u00e4rken entstehen. Und alles wurde bis im Juni 2011 fertiggestellt, lesen wir auf der Informationstafel. Das haben wir ja gut getroffen!<\/p>\n<p>Ein zweiter Steg f\u00fchrt uns von der Aareinsel auf die andere Aareseite, und schon bald erreichen wir Wildegg, wo die Zeit gerade noch reicht, um am Bahnhofkiosk ein Glac\u00e9 zu kaufen, bevor der Zug nach Brugg f\u00e4hrt. Die Unterf\u00fchrung im Bahnhof Wildegg liegt \u00fcbrigens genau auf der Grenze zwischen dem Jura und dem Mittelland:<\/p>\n<img decoding=\"async\" src=\"http:\/\/www.brige.ch\/images_11\/wegscheide.jpg\" \/>\n<p>Genau dort driften zwei Kontinentalplatten auseinander und bilden eine uns gut bekannte <a href=\"https:\/\/www.brige.ch\/?p=567\">Synklinale<\/a>. Aus dem geologischen Graben tritt \u00fcber eine L\u00e4nge von mehreren Kilometern Erdw\u00e4rme aus, was das durchwegs bessere Klima in Wildegg erkl\u00e4rt.<\/p>\n","protected":false},"excerpt":{"rendered":"<p>Nach dem Ausschlafen und Fr\u00fchst\u00fccken war heute noch nichts von der angek\u00fcndigten Bew\u00f6lkung zu sehen, und so fand ich, ein Ausflug auf die Gislifluh w\u00e4re doch eine gute Idee. Der Rucksack war schnell gepackt, und kurz nach halb zehn Uhr sassen wir im Postauto nach Thalheim. Von dort aus marschierten wir bergauf. Da schien die [&hellip;]<\/p>\n","protected":false},"author":3,"featured_media":0,"comment_status":"open","ping_status":"open","sticky":false,"template":"","format":"standard","meta":{"footnotes":""},"categories":[18],"tags":[],"class_list":{"0":"post-5475","1":"post","2":"type-post","3":"status-publish","4":"format-standard","6":"category-wanderlust"},"_links":{"self":[{"href":"https:\/\/www.brige.ch\/index.php?rest_route=\/wp\/v2\/posts\/5475","targetHints":{"allow":["GET"]}}],"collection":[{"href":"https:\/\/www.brige.ch\/index.php?rest_route=\/wp\/v2\/posts"}],"about":[{"href":"https:\/\/www.brige.ch\/index.php?rest_route=\/wp\/v2\/types\/post"}],"author":[{"embeddable":true,"href":"https:\/\/www.brige.ch\/index.php?rest_route=\/wp\/v2\/users\/3"}],"replies":[{"embeddable":true,"href":"https:\/\/www.brige.ch\/index.php?rest_route=%2Fwp%2Fv2%2Fcomments&post=5475"}],"version-history":[{"count":11,"href":"https:\/\/www.brige.ch\/index.php?rest_route=\/wp\/v2\/posts\/5475\/revisions"}],"predecessor-version":[{"id":5679,"href":"https:\/\/www.brige.ch\/index.php?rest_route=\/wp\/v2\/posts\/5475\/revisions\/5679"}],"wp:attachment":[{"href":"https:\/\/www.brige.ch\/index.php?rest_route=%2Fwp%2Fv2%2Fmedia&parent=5475"}],"wp:term":[{"taxonomy":"category","embeddable":true,"href":"https:\/\/www.brige.ch\/index.php?rest_route=%2Fwp%2Fv2%2Fcategories&post=5475"},{"taxonomy":"post_tag","embeddable":true,"href":"https:\/\/www.brige.ch\/index.php?rest_route=%2Fwp%2Fv2%2Ftags&post=5475"}],"curies":[{"name":"wp","href":"https:\/\/api.w.org\/{rel}","templated":true}]}}