{"id":5561,"date":"2011-07-31T22:41:38","date_gmt":"2011-07-31T20:41:38","guid":{"rendered":"http:\/\/www.brige.cyon.site\/?p=5561"},"modified":"2024-10-26T09:45:47","modified_gmt":"2024-10-26T07:45:47","slug":"auf-dem-gebenstorfer-horn","status":"publish","type":"post","link":"https:\/\/www.brige.ch\/?p=5561","title":{"rendered":"Auf dem Gebenstorfer Horn"},"content":{"rendered":"<p>Heute wollten wir nur eine kleine Wanderung machen, denn unsere Beine waren noch etwas m\u00fcde vom Velofahren gestern. Also fuhren wir mit dem Zug nach Baden und marschierten zur\u00fcck nach Brugg. Ganz so leicht, wie es t\u00f6nt, ging das dann aber doch nicht. Als erstes stiegen wir n\u00e4mlich direkt aus der Badener Altstadt zur Ruine Stein hoch, das waren gef\u00fchlte tausend Treppenstufen von der steilen Sorte.<\/p>\n<p><img loading=\"lazy\" decoding=\"async\" src=\"http:\/\/www.brige.ch\/images_11\/2011-07-31_Treppen.jpg\" alt=\"\" title=\"2011-07-31_Treppen\" width=\"540\" height=\"1252\"\/><\/p>\n<p>Zu meiner Schande muss ich gestehen, dass dies mein allererster Besuch dieses wunderbaren Aussichtspunktes war. Der Blick auf Baden und Umgebung entsch\u00e4digt f\u00fcr die M\u00fchen des Aufstiegs.<\/p>\n<img loading=\"lazy\" decoding=\"async\" src=\"http:\/\/www.brige.ch\/images_11\/2011-07-31_AussichtStein.jpg\" alt=\"\" title=\"2011-07-31_AussichtStein\" width=\"540\" height=\"405\" \/>\n<p>Dann ging es weiter Richtung Baldegg, und zwar immer noch bergauf, wenn auch nicht mehr so steil. Und was steht auf der Baldegg? Genau: ein Aussichtsturm! Diesen konnten wir nat\u00fcrlich nicht auslassen, und so erklommen wir weitere 172 Treppenstufen \u2013 eine Wendeltreppe von der steilen Sorte \u2013, um die Aussicht vom 1985 erbauten Wasserturm mit Plattform zu geniessen. Der Turm ist h\u00e4sslich,<\/p>\n<img loading=\"lazy\" decoding=\"async\" src=\"http:\/\/www.brige.ch\/images_11\/2011-07-31_Turm.jpg\" alt=\"\" title=\"2011-07-31_Turm\" width=\"540\" height=\"666\" \/>\n<img loading=\"lazy\" decoding=\"async\" src=\"http:\/\/www.brige.ch\/images_11\/2011-07-31_Turm2.jpg\" alt=\"\" title=\"2011-07-31_Turm2\" width=\"540\" height=\"405\" \/>\n<p>aber der Blick von oben ist sensationell.<\/p>\n<img loading=\"lazy\" decoding=\"async\" src=\"http:\/\/www.brige.ch\/images_11\/2011-07-31_AussichtBaldegg.jpg\" alt=\"\" title=\"2011-07-31_AussichtBaldegg\" width=\"540\" height=\"421\" \/>\n<p>Ausserdem stehen auf der Baldegg zwei Restaurants. <a href=\"https:\/\/www.brige.ch\/?p=4405\">Eines<\/a> kennen wir gut, und das <a href=\"http:\/\/www.liegehalle-beizli.ch\/\" target=\"_blank\" rel=\"noopener\">andere<\/a> sah ausserordentlich einladend aus. Vom Turm aus kann man den G\u00e4sten direkt in die Teller blicken. Da wir aber Sandwiches, Obst und Tee dabei hatten, war nichts mit einkehren.<\/p>\n<img loading=\"lazy\" decoding=\"async\" src=\"http:\/\/www.brige.ch\/images_11\/liegehallenbeizli.jpg\" alt=\"Liegehallen-Beizli Baldegg\" title=\"Liegehallen-Beizli Baldegg\" width=\"540\" height=\"405\" class=\"alignnone size-full wp-image-5562\" \/>\n<p>Also marschierten wir weiter Richtung Gebenstorfer Horn, und von nun an ging es endlich leicht bergab. Das Wetter wurde auch immer sch\u00f6ner, und ich war froh, dass ich anstelle der Jacke die D\u00e4chlikappe eingepackt hatte. Unterwegs entdeckten wir eine h\u00fcbsche Buntbrache, den einen oder anderen Pilz sowie einige <a href=\"https:\/\/www.brige.ch\/?p=3291\">Ebereschen<\/a> mit leuchtend orangeroten Beeren.<\/p>\n<img loading=\"lazy\" decoding=\"async\" src=\"http:\/\/www.brige.ch\/images_11\/buntbrache.jpg\" alt=\"Buntbrache\" title=\"Buntbrache\" width=\"540\" height=\"405\" class=\"alignnone size-full wp-image-5563\" \/>\n<img loading=\"lazy\" decoding=\"async\" src=\"http:\/\/www.brige.ch\/images_11\/schirmlinge.jpg\" alt=\"Schirmlinge\" title=\"Schirmlinge\" width=\"540\" height=\"405\" class=\"alignnone size-full wp-image-5564\" \/>\n<p>Vom Gebenstorfer Horn ging es steil hinunter nach \u2013 Gebenstorf nat\u00fcrlich, und von dort hinunter an die Reuss, wo wir etwas flussaufw\u00e4rts wandern mussten, um zur ehemaligen Spinnerei Kunz in Unterwindisch zu gelangen. Dieses kurze St\u00fcck dem Ufer entlang beeindruckt mit einer Reihen m\u00e4chtiger Platanen.<\/p>\n<img loading=\"lazy\" decoding=\"async\" src=\"http:\/\/www.brige.ch\/images_11\/platanen.jpg\" alt=\"Platanen\" title=\"Platanen\" width=\"540\" height=\"405\" class=\"alignnone size-full wp-image-5565\" \/>\n<p>Wir \u00fcberquerten die Reuss, und nachdem wir den Rest unseres Proviant verdr\u00fcckt hatten, wanderten wir weiter an die Aare, wo wir den neuen Steg in Brugg aus n\u00e4chster N\u00e4he bewunderten. Betreten haben wir ihn aber noch nicht, das wird dann das n\u00e4chste Projekt.<\/p>\n","protected":false},"excerpt":{"rendered":"<p>Heute wollten wir nur eine kleine Wanderung machen, denn unsere Beine waren noch etwas m\u00fcde vom Velofahren gestern. Also fuhren wir mit dem Zug nach Baden und marschierten zur\u00fcck nach Brugg. Ganz so leicht, wie es t\u00f6nt, ging das dann aber doch nicht. Als erstes stiegen wir n\u00e4mlich direkt aus der Badener Altstadt zur Ruine [&hellip;]<\/p>\n","protected":false},"author":3,"featured_media":0,"comment_status":"open","ping_status":"open","sticky":false,"template":"","format":"standard","meta":{"footnotes":""},"categories":[18],"tags":[],"class_list":{"0":"post-5561","1":"post","2":"type-post","3":"status-publish","4":"format-standard","6":"category-wanderlust"},"_links":{"self":[{"href":"https:\/\/www.brige.ch\/index.php?rest_route=\/wp\/v2\/posts\/5561","targetHints":{"allow":["GET"]}}],"collection":[{"href":"https:\/\/www.brige.ch\/index.php?rest_route=\/wp\/v2\/posts"}],"about":[{"href":"https:\/\/www.brige.ch\/index.php?rest_route=\/wp\/v2\/types\/post"}],"author":[{"embeddable":true,"href":"https:\/\/www.brige.ch\/index.php?rest_route=\/wp\/v2\/users\/3"}],"replies":[{"embeddable":true,"href":"https:\/\/www.brige.ch\/index.php?rest_route=%2Fwp%2Fv2%2Fcomments&post=5561"}],"version-history":[{"count":13,"href":"https:\/\/www.brige.ch\/index.php?rest_route=\/wp\/v2\/posts\/5561\/revisions"}],"predecessor-version":[{"id":12086,"href":"https:\/\/www.brige.ch\/index.php?rest_route=\/wp\/v2\/posts\/5561\/revisions\/12086"}],"wp:attachment":[{"href":"https:\/\/www.brige.ch\/index.php?rest_route=%2Fwp%2Fv2%2Fmedia&parent=5561"}],"wp:term":[{"taxonomy":"category","embeddable":true,"href":"https:\/\/www.brige.ch\/index.php?rest_route=%2Fwp%2Fv2%2Fcategories&post=5561"},{"taxonomy":"post_tag","embeddable":true,"href":"https:\/\/www.brige.ch\/index.php?rest_route=%2Fwp%2Fv2%2Ftags&post=5561"}],"curies":[{"name":"wp","href":"https:\/\/api.w.org\/{rel}","templated":true}]}}