{"id":5875,"date":"2011-10-06T21:13:23","date_gmt":"2011-10-06T19:13:23","guid":{"rendered":"http:\/\/www.brige.cyon.site\/?p=5875"},"modified":"2024-10-26T09:45:47","modified_gmt":"2024-10-26T07:45:47","slug":"rheinburgenweg-tag-1-vom-wasserschloss-zum-deutschen-eck","status":"publish","type":"post","link":"https:\/\/www.brige.ch\/?p=5875","title":{"rendered":"Vom Wasserschloss zum Deutschen Eck"},"content":{"rendered":"<p>Die erste Etappe unserer Wanderferien legen wir im Zug zur\u00fcck: via Basel und Mannheim nach Koblenz. Aus dem 1.-Klass-Fenster der Deutschen Bahn k\u00f6nnen wir bereits einen Blick auf die Strecke werfen, die wir in den n\u00e4chsten sieben Tagen in umgekehrter Richtung abwandern werden: Von Bingen nach Koblenz folgt der Zug den Schleifen des Rheins. Viel Wasser hat der breite Fluss nicht, aber trotzdem sind riesige Containerschiffe auf ihm unterwegs. Burgen und Schl\u00f6sser stehen zu beiden Seiten auf dem H\u00fcgelzug, der recht steil vom Ufer aufsteigt. Grossartig sieht das aus, ich w\u00fcrde am liebsten gleich loswandern!<\/p>\n<p>Um die Mittagszeit erreichen wir Koblenz, und es ist nicht zu \u00fcbersehen, dass die Stadt am Zusammenfluss von Rhein und Mosel dieses Jahr die BUGA (Bundesgartenschau) beherbergt: Fahnen all\u00fcberall weisen darauf hin. Das Hotel ist nicht weit vom Bahnhof entfernt. Wir deponieren die Taschen und machen uns dann auf Richtung Altstadt, um etwas zu Mittag zu essen. Christof liest gerade eine Gedenktafel \u00fcber Bombensch\u00e4den im Zweiten Weltkrieg, die im Boden eingelassen ist, als ihm aus heiterem Himmel ein Mikrofon ins Gesicht gestreckt wird. Eine Journalistin vom ZDF stellt uns dermassen  d\u00e4mliche Fragen zu Koblenz und der Schweiz, dass wir uns alsbald abwenden und davonlaufen.<\/p>\n<p>Das Deutsche Eck m\u00fcssen wir nat\u00fcrlich besichtigen, den Zusammenfluss von Mosel und Rhein. Dort steht ein riesiges Monument von Kaiser Wilhelm hoch zu Ross.<\/p>\n<img loading=\"lazy\" decoding=\"async\" src=\"http:\/\/www.brige.ch\/images_11\/2011-10-06_deutsches-eck.jpg\" alt=\"\" title=\"Koblenz, Deutsches Eck, Zusammenfluss von Mosel und Rhein\" width=\"540\" height=\"405\" class=\"alignnone size-full wp-image-5911\" \/>\n<img loading=\"lazy\" decoding=\"async\" src=\"http:\/\/www.brige.ch\/images_11\/2011-10-06_denkmal.jpg\" alt=\"\" title=\"Denkmal am Deutschen Eck in Koblenz\" width=\"540\" height=\"405\" class=\"alignnone size-full wp-image-5912\" \/>\n<img loading=\"lazy\" decoding=\"async\" src=\"http:\/\/www.brige.ch\/images_11\/2011-10-06_brige.jpg\" alt=\"\" title=\"Lion Tamer\" width=\"540\" height=\"400\" class=\"alignnone size-full wp-image-5913\" \/>\n<p>Eigentlich m\u00fcsste man noch die Festung Ehrenbreitstein besichtigen \u2013 eine Seilbahn f\u00fchrt \u00fcber den Rhein hinauf \u2013, denn von dort geniesst man einen besonders sch\u00f6nen Blick auf Koblenz und das Deutsche Eck. Aber wir wissen ja, wie so ein Zusammenfluss aussieht ;-), und gehen lieber Cappuccino trinken. Gerade rechtzeitig: Wir sitzen gem\u00fctlich im Trockenen, als sich der Sommer 2011 mit einem Wolkenbruch verabschiedet.<\/p>\n","protected":false},"excerpt":{"rendered":"<p>Die erste Etappe unserer Wanderferien legen wir im Zug zur\u00fcck: via Basel und Mannheim nach Koblenz. Aus dem 1.-Klass-Fenster der Deutschen Bahn k\u00f6nnen wir bereits einen Blick auf die Strecke werfen, die wir in den n\u00e4chsten sieben Tagen in umgekehrter Richtung abwandern werden: Von Bingen nach Koblenz folgt der Zug den Schleifen des Rheins. Viel [&hellip;]<\/p>\n","protected":false},"author":3,"featured_media":0,"comment_status":"open","ping_status":"open","sticky":false,"template":"","format":"standard","meta":{"footnotes":""},"categories":[18],"tags":[46],"class_list":{"0":"post-5875","1":"post","2":"type-post","3":"status-publish","4":"format-standard","6":"category-wanderlust","7":"tag-rheinburgenweg"},"_links":{"self":[{"href":"https:\/\/www.brige.ch\/index.php?rest_route=\/wp\/v2\/posts\/5875","targetHints":{"allow":["GET"]}}],"collection":[{"href":"https:\/\/www.brige.ch\/index.php?rest_route=\/wp\/v2\/posts"}],"about":[{"href":"https:\/\/www.brige.ch\/index.php?rest_route=\/wp\/v2\/types\/post"}],"author":[{"embeddable":true,"href":"https:\/\/www.brige.ch\/index.php?rest_route=\/wp\/v2\/users\/3"}],"replies":[{"embeddable":true,"href":"https:\/\/www.brige.ch\/index.php?rest_route=%2Fwp%2Fv2%2Fcomments&post=5875"}],"version-history":[{"count":6,"href":"https:\/\/www.brige.ch\/index.php?rest_route=\/wp\/v2\/posts\/5875\/revisions"}],"predecessor-version":[{"id":8376,"href":"https:\/\/www.brige.ch\/index.php?rest_route=\/wp\/v2\/posts\/5875\/revisions\/8376"}],"wp:attachment":[{"href":"https:\/\/www.brige.ch\/index.php?rest_route=%2Fwp%2Fv2%2Fmedia&parent=5875"}],"wp:term":[{"taxonomy":"category","embeddable":true,"href":"https:\/\/www.brige.ch\/index.php?rest_route=%2Fwp%2Fv2%2Fcategories&post=5875"},{"taxonomy":"post_tag","embeddable":true,"href":"https:\/\/www.brige.ch\/index.php?rest_route=%2Fwp%2Fv2%2Ftags&post=5875"}],"curies":[{"name":"wp","href":"https:\/\/api.w.org\/{rel}","templated":true}]}}