{"id":5979,"date":"2011-10-16T22:33:07","date_gmt":"2011-10-16T20:33:07","guid":{"rendered":"http:\/\/www.brige.cyon.site\/?p=5979"},"modified":"2024-10-26T09:48:30","modified_gmt":"2024-10-26T07:48:30","slug":"auf-dem-gornergrat","status":"publish","type":"post","link":"https:\/\/www.brige.ch\/?p=5979","title":{"rendered":"Auf dem Gornergrat"},"content":{"rendered":"<p>Heute starten Christof und ich zum zweiten Teil unserer Ferien, deren Hauptattraktion die Fahrt mit dem Glacier-Express sein wird. Dazu m\u00fcssen wir zuerst einmal nach Zermatt reisen: Im dicksten Wasserschlossnebel steigen wir um halb neun Uhr in den Zug nach Bern, und von dort fahren wir weiter durch den L\u00f6tschberg nach Visp. Die Sonne zeigt sich kurz vor dem Tunnel zum ersten Mal, und im Wallis herrscht strahlendes Wetter. In Visp nehmen wir die <a href=\"http:\/\/de.wikipedia.org\/wiki\/Matterhorn_Gotthard_Bahn\" target=\"_blank\" rel=\"noopener\">Matterhorn Gotthard Bahn<\/a>, die uns mit Hilfe des Zahnradantriebs zuerst das Visper- und dann das Mattertal hinauff\u00e4hrt. Das ist schon ziemlich eindr\u00fccklich: unten noch Rebh\u00e4nge, dann immer steilere Felsw\u00e4nde, und zum Schluss erblickt man endlich das ber\u00fchmte Matterhorn! Der charmante Walliser Kondukteur verkauft den G\u00e4sten im Zug, welche noch kein Billet auf den <a href=\"http:\/\/de.wikipedia.org\/wiki\/Gornergrat\" target=\"_blank\" rel=\"noopener\">Gornergrat<\/a> haben, gleich eines zum Spezialpreis. Christof hat aber schon vorgesorgt und unsere Tickets im Internet erstanden.<\/p>\n<p>In Zermatt gehen wir zuerst zum Hotel, um unser Gep\u00e4ck zu deponieren, und nehmen dann die Bahn auf den Gornergrat. W\u00e4hrend wir hochfahren, stelle ich fest, dass ich a) meine D\u00e4chlikappe vergessen und b) in der Velobrille die falschen Gl\u00e4ser montiert habe (n\u00e4mlich die farblosen). Man k\u00f6nnte meinen, ich sei zum ersten Mal in den Bergen. Also marschieren wir nach der Ankunft auf dem Gornergrat zuerst in den Shop und ich erstehe Sonnenbrille und Kappe zu einem akzeptablen Preis. Dann haben wir Hunger und essen auf der sch\u00f6nen Sonnenterrasse einen Teller Spagetti, der nicht sonderlich gut schmeckt, aber daf\u00fcr teuer ist.<\/p>\n<img loading=\"lazy\" decoding=\"async\" src=\"http:\/\/www.brige.ch\/images_11\/zermatt4.jpg\" alt=\"Blick vom Gornergrat\" title=\"Blick vom Gornergrat\" width=\"540\" height=\"360\" class=\"alignnone size-full wp-image-5981\" \/>\n<p>Nun aber geniessen wir den Blick in die Berge! Von der Aussichtsterrasse auf rund 3&#8217;100 Metern \u00fcber Meer aus bestaunen wir diverse Viertausender und Gletscher. Ich habe meine neue Spiegelreflexkamera dabei und schiesse fast so viele Fotos wie die zahlreichen asiatischen Touristen. Dann beschliessen wir, bis zur Station Riffelberg (2&#8217;582 M.\u00fc.M) zu Fuss abzusteigen.<\/p>\n<img loading=\"lazy\" decoding=\"async\" src=\"http:\/\/www.brige.ch\/images_11\/zermatt2.jpg\" alt=\"Sommertemperaturen auf dem Gornergrat\" title=\"Sommertemperaturen auf dem Gornergrat\" width=\"540\" height=\"360\" class=\"alignnone size-full wp-image-5982\" \/>\n<p>Innert k\u00fcrzester Zeit m\u00fcssen wir unsere warmen Faserpelze ausziehen, denn es ist windstill und an der Sonne heiss wie im Sommer.<\/p>\n<img loading=\"lazy\" decoding=\"async\" src=\"http:\/\/www.brige.ch\/images_11\/zermatt3.jpg\" alt=\"Wanderweg auf dem Gornergrat\" title=\"Wanderweg auf dem Gornergrat\" width=\"540\" height=\"360\" class=\"alignnone size-full wp-image-5983\" \/>\n<p>Der Weg ist ziemlich matschig vom Schnee, der k\u00fcrzlich gefallen und wieder am Schmelzen ist. Das ist etwas m\u00fchsam, aber st\u00e4ndig haben wir den wunderbarsten Blick auf das Matterhorn vor uns, und auch der Rest des Panoramas entsch\u00e4digt f\u00fcr den schlechten Weg. Von Riffelberg fahren wir mit der <a href=\"http:\/\/de.wikipedia.org\/wiki\/Gornergratbahn\" target=\"_blank\" rel=\"noopener\">Gornergratbahn<\/a> zur\u00fcck nach Zermatt.<\/p>\n<img loading=\"lazy\" decoding=\"async\" src=\"http:\/\/www.brige.ch\/images_11\/zermatt1.jpg\" alt=\"Matterhorn\" title=\"Matterhorn\" width=\"540\" height=\"360\" class=\"alignnone size-full wp-image-5984\" \/>\n<p>Abends sind wir ziemlich erledigt nach den vielen H\u00f6henmetern, und ausnahmsweise hat Christof die Kopfschmerzen, die ich von solchen Reisen immer bekomme. Wir sinken deshalb nach einem feinen mexikanischen Nachtessen fr\u00fch ins Hotelbett. Das Zimmer ist grossartig: Es liegt im vierten Stock in einer Hausecke und das Bett steht unter der Dachschr\u00e4ge, in welche Fenster eingebaut sind. Man sieht vom Bett aus den Sternenhimmel, und nachts werden wir tats\u00e4chlich vom Mond geblendet! <\/p>\n","protected":false},"excerpt":{"rendered":"<p>Heute starten Christof und ich zum zweiten Teil unserer Ferien, deren Hauptattraktion die Fahrt mit dem Glacier-Express sein wird. Dazu m\u00fcssen wir zuerst einmal nach Zermatt reisen: Im dicksten Wasserschlossnebel steigen wir um halb neun Uhr in den Zug nach Bern, und von dort fahren wir weiter durch den L\u00f6tschberg nach Visp. Die Sonne zeigt [&hellip;]<\/p>\n","protected":false},"author":3,"featured_media":0,"comment_status":"open","ping_status":"open","sticky":false,"template":"","format":"standard","meta":{"footnotes":""},"categories":[18],"tags":[],"class_list":{"0":"post-5979","1":"post","2":"type-post","3":"status-publish","4":"format-standard","6":"category-wanderlust"},"_links":{"self":[{"href":"https:\/\/www.brige.ch\/index.php?rest_route=\/wp\/v2\/posts\/5979","targetHints":{"allow":["GET"]}}],"collection":[{"href":"https:\/\/www.brige.ch\/index.php?rest_route=\/wp\/v2\/posts"}],"about":[{"href":"https:\/\/www.brige.ch\/index.php?rest_route=\/wp\/v2\/types\/post"}],"author":[{"embeddable":true,"href":"https:\/\/www.brige.ch\/index.php?rest_route=\/wp\/v2\/users\/3"}],"replies":[{"embeddable":true,"href":"https:\/\/www.brige.ch\/index.php?rest_route=%2Fwp%2Fv2%2Fcomments&post=5979"}],"version-history":[{"count":9,"href":"https:\/\/www.brige.ch\/index.php?rest_route=\/wp\/v2\/posts\/5979\/revisions"}],"predecessor-version":[{"id":11520,"href":"https:\/\/www.brige.ch\/index.php?rest_route=\/wp\/v2\/posts\/5979\/revisions\/11520"}],"wp:attachment":[{"href":"https:\/\/www.brige.ch\/index.php?rest_route=%2Fwp%2Fv2%2Fmedia&parent=5979"}],"wp:term":[{"taxonomy":"category","embeddable":true,"href":"https:\/\/www.brige.ch\/index.php?rest_route=%2Fwp%2Fv2%2Fcategories&post=5979"},{"taxonomy":"post_tag","embeddable":true,"href":"https:\/\/www.brige.ch\/index.php?rest_route=%2Fwp%2Fv2%2Ftags&post=5979"}],"curies":[{"name":"wp","href":"https:\/\/api.w.org\/{rel}","templated":true}]}}