{"id":6037,"date":"2011-10-25T20:00:45","date_gmt":"2011-10-25T18:00:45","guid":{"rendered":"http:\/\/www.brige.cyon.site\/?p=6037"},"modified":"2024-10-26T09:45:47","modified_gmt":"2024-10-26T07:45:47","slug":"oberengadiner-panorama","status":"publish","type":"post","link":"https:\/\/www.brige.ch\/?p=6037","title":{"rendered":"Oberengadiner Panorama"},"content":{"rendered":"<p>Hier noch ein kleiner Nachtrag zu unserer <a href=\"https:\/\/www.brige.ch\/?p=6007\" target=\"_blank\" rel=\"noopener\">Wanderung vom 18. Oktober<\/a>. Ich habe das Bild etwas unterhalb der Segantini-H\u00fctte aufgenommen; der Blick geht von der Bernina-Gruppe links \u00fcber das Roseg-Tal zu den Oberengadiner Seen bis Richtung Samedan: <\/p>\n<a href=\"http:\/\/www.brige.ch\/images_11\/2011-10-18_panorama.jpg\" target=\"_blank\" rel=\"noopener\"><img decoding=\"async\" src=\"http:\/\/www.brige.ch\/images_11\/2011-10-18_panorama-sm.jpg\" \/><\/a>\n<p>Ein Klick auf das Bild \u00f6ffnet eine gr\u00f6ssere Ansicht. <\/p>\n","protected":false},"excerpt":{"rendered":"<p>Hier noch ein kleiner Nachtrag zu unserer Wanderung vom 18. Oktober. Ich habe das Bild etwas unterhalb der Segantini-H\u00fctte aufgenommen; der Blick geht von der Bernina-Gruppe links \u00fcber das Roseg-Tal zu den Oberengadiner Seen bis Richtung Samedan: Ein Klick auf das Bild \u00f6ffnet eine gr\u00f6ssere Ansicht.<\/p>\n","protected":false},"author":4,"featured_media":0,"comment_status":"open","ping_status":"open","sticky":false,"template":"","format":"standard","meta":{"footnotes":""},"categories":[18],"tags":[],"class_list":{"0":"post-6037","1":"post","2":"type-post","3":"status-publish","4":"format-standard","6":"category-wanderlust"},"_links":{"self":[{"href":"https:\/\/www.brige.ch\/index.php?rest_route=\/wp\/v2\/posts\/6037","targetHints":{"allow":["GET"]}}],"collection":[{"href":"https:\/\/www.brige.ch\/index.php?rest_route=\/wp\/v2\/posts"}],"about":[{"href":"https:\/\/www.brige.ch\/index.php?rest_route=\/wp\/v2\/types\/post"}],"author":[{"embeddable":true,"href":"https:\/\/www.brige.ch\/index.php?rest_route=\/wp\/v2\/users\/4"}],"replies":[{"embeddable":true,"href":"https:\/\/www.brige.ch\/index.php?rest_route=%2Fwp%2Fv2%2Fcomments&post=6037"}],"version-history":[{"count":9,"href":"https:\/\/www.brige.ch\/index.php?rest_route=\/wp\/v2\/posts\/6037\/revisions"}],"predecessor-version":[{"id":12062,"href":"https:\/\/www.brige.ch\/index.php?rest_route=\/wp\/v2\/posts\/6037\/revisions\/12062"}],"wp:attachment":[{"href":"https:\/\/www.brige.ch\/index.php?rest_route=%2Fwp%2Fv2%2Fmedia&parent=6037"}],"wp:term":[{"taxonomy":"category","embeddable":true,"href":"https:\/\/www.brige.ch\/index.php?rest_route=%2Fwp%2Fv2%2Fcategories&post=6037"},{"taxonomy":"post_tag","embeddable":true,"href":"https:\/\/www.brige.ch\/index.php?rest_route=%2Fwp%2Fv2%2Ftags&post=6037"}],"curies":[{"name":"wp","href":"https:\/\/api.w.org\/{rel}","templated":true}]}}