{"id":6067,"date":"2011-11-12T19:15:23","date_gmt":"2011-11-12T18:15:23","guid":{"rendered":"http:\/\/www.brige.cyon.site\/?p=6067"},"modified":"2024-10-26T09:45:47","modified_gmt":"2024-10-26T07:45:47","slug":"grosser-mythen","status":"publish","type":"post","link":"https:\/\/www.brige.ch\/?p=6067","title":{"rendered":"Grosser Mythen"},"content":{"rendered":"<p>45 Spitzkehren sollen es sein zwischen der Holzegg (1406 m.\u00fc.M) und dem Grossen Mythen (1899 m.\u00fc.M) . Wir haben heute beim schweisstreibenden Aufstieg jede einzelne der durchnummerierten Kurven genossen.<\/p>\n<img loading=\"lazy\" decoding=\"async\" src=\"http:\/\/www.brige.ch\/images_11\/2011-11-12_01.jpg\" alt=\"\" title=\"Spitzkehre Nr. 1\" width=\"540\" height=\"551\" \/>\n<p>Der <a href=\"http:\/\/www.hikr.org\/dir\/Grosser_Mythen_3457\/\" target=\"_blank\" rel=\"noopener\"><strong>Grosse Mythen<\/strong><\/a> in der Innerschweiz ist wohl einer der beliebtsten Gipfel bei Wanderern, 30&#8217;000 Gipfelst\u00fcrmer tragen sich jedes Jahr im Gipfelbuch ein, an Spitzentagen zieht es 2&#8217;000 Wanderer in die H\u00f6he.<\/p>\n<p>Das war heute nicht anders; viele wollten dem Hochnebel entfliehen, wir auch! Auf der Anfahrt dr\u00fcckte die Sonne bereits kurz nach Schindellegi durch den Nebel; nach Biberbrugg w\u00f6lbte sich ein wunderbar blauer Himmel \u00fcber uns.<\/p>\n<img loading=\"lazy\" decoding=\"async\" src=\"http:\/\/www.brige.ch\/images_11\/2011-11-12_03.jpg\" alt=\"\" title=\"Blick ins Alpthal Richtung Einsiedeln\" width=\"540\" height=\"629\" \/>\n<p>Mit dem Luftseilb\u00e4hnchen von Brunni in die Holzegg \u00fcberwanden wir kurz nach 10 Uhr die erste H\u00f6hendifferenz. In der Holzegg herrschte reger Betrieb und ein stetiger Wanderstrom bewegte sich Richtung Grosser Mythen. Ihm schlossen wir uns bald an.<\/p>\n<img loading=\"lazy\" decoding=\"async\" src=\"http:\/\/www.brige.ch\/images_11\/2011-11-12_02.jpg\" alt=\"\" title=\"Wanderstrom\" width=\"540\" height=\"508\" \/>\n<p>Im steilen Zick-Zack ging&#8217;s hoch Richtung Gipfel, vor uns Leute, hinter uns Leute. Unterwegs wurden wir von <a href=\"http:\/\/www.brige.ch\/images_11\/2011-07-04-004_Tagi.pdf\" target=\"_blank\" rel=\"noopener\"><strong>Armin Schelbert<\/strong><\/a> \u00fcberholt, dem bekanntesten Mytheng\u00e4nger, der jeden Tag mindestes einmal diese H\u00f6hendifferenz bew\u00e4ltigt.<\/p>\n<p>Oben auf den Gipfel tummelten sich sicher 50 Wanderer gleichzeitig und mindestens so viele <a href=\"https:\/\/www.brige.ch\/?p=5818\">Alpendohlen<\/a>.<\/p>\n<p><img loading=\"lazy\" decoding=\"async\" src=\"http:\/\/www.brige.ch\/images_11\/2011-11-12_04.jpg\" alt=\"\" title=\"Bergdohlen\" width=\"540\" height=\"405\"\/><\/p>\n<p>Alle genossen die W\u00e4rme der Sonne und den Blick auf das Nebelmeer. Da das <a href=\"http:\/\/www.grosser-mythen.ch\/main.html?src=%2F\" target=\"_blank\" rel=\"noopener\"><strong>Gipfelrestaurant<\/strong><\/a> leider geschlossen war, verpflegten wir uns aus dem Rucksack; bei meinem letzten Besuch einige Wochen zuvor wurde hier oben unter anderem noch ein Rehr\u00fccken Baden-Baden angeboten \u2026<\/p>\n<img loading=\"lazy\" decoding=\"async\" src=\"http:\/\/www.brige.ch\/images_11\/2011-11-12_05.jpg\" alt=\"\" title=\"Keine R\u00f6sti! Kein Spiegelei! Kein Speck! Einfach nichts!\" width=\"540\" height=\"739\" \/>\n<img loading=\"lazy\" decoding=\"async\" src=\"http:\/\/www.brige.ch\/images_11\/2011-11-12_06.jpg\" alt=\"\" title=\"Nebelmeer\" width=\"540\" height=\"385\" \/>\n<img loading=\"lazy\" decoding=\"async\" src=\"http:\/\/www.brige.ch\/images_11\/2011-11-12_07.jpg\" alt=\"\" title=\"Blick steil nach unten an den Rand des Nebelmeers\" width=\"540\" height=\"451\" \/>\n<p>Der Weg ist steil, teilweise etwas exponiert, aber \u00fcberall gut gesichert.<\/p>\n<img loading=\"lazy\" decoding=\"async\" src=\"http:\/\/www.brige.ch\/images_11\/2011-11-12_08.jpg\" alt=\"\" title=\"Gut gesichert unterwegs\" width=\"540\" height=\"405\" \/>\n<p>Auch das kurze Gratst\u00fcck kostet keine \u00dcberwindung:<\/p>\n<img loading=\"lazy\" decoding=\"async\" src=\"http:\/\/www.brige.ch\/images_11\/2011-11-12_11.jpg\" alt=\"\" title=\"Blick auf das Gratst\u00fcck\" width=\"540\" height=\"720\" \/>\n<p>Grat mit Christof:<\/p>\n<img loading=\"lazy\" decoding=\"async\" src=\"http:\/\/www.brige.ch\/images_11\/2011-11-12_10.jpg\" alt=\"\" title=\"Christof auf dem Grat\" width=\"540\" height=\"876\" \/>\n<p>Grat mit Brige:<\/p>\n<img loading=\"lazy\" decoding=\"async\" src=\"http:\/\/www.brige.ch\/images_11\/2011-11-12_09.jpg\" alt=\"\" title=\"Brige auf dem Grat\" width=\"540\" height=\"405\" \/>\n<p>Beim weiteren Abstieg das gleiche Bild, Leute \u00fcberall, alle in bester Laune, kein Wunder bei diesem Prachtstag!<\/p>\n<img loading=\"lazy\" decoding=\"async\" src=\"http:\/\/www.brige.ch\/images_11\/2011-11-12_12.jpg\" alt=\"\" title=\"Immer noch viel Verkehr am Grossen Mythen\" width=\"540\" height=\"495\" \/>\n<p>Das verpasste Mittagessen oben holten wir dann in der Holzegg nach, wo es auf der Terrasse zusammenr\u00fccken hiess, so gross war der Andrang. Mit Einsiedler Hauswurst und Kartoffelsalat f\u00fcllten wir das Loch im Magen, bevor wir uns auf dem Heimweg machten.<\/p>\n","protected":false},"excerpt":{"rendered":"<p>45 Spitzkehren sollen es sein zwischen der Holzegg (1406 m.\u00fc.M) und dem Grossen Mythen (1899 m.\u00fc.M) . Wir haben heute beim schweisstreibenden Aufstieg jede einzelne der durchnummerierten Kurven genossen. Der Grosse Mythen in der Innerschweiz ist wohl einer der beliebtsten Gipfel bei Wanderern, 30&#8217;000 Gipfelst\u00fcrmer tragen sich jedes Jahr im Gipfelbuch ein, an Spitzentagen zieht [&hellip;]<\/p>\n","protected":false},"author":4,"featured_media":0,"comment_status":"open","ping_status":"open","sticky":false,"template":"","format":"standard","meta":{"footnotes":""},"categories":[18],"tags":[],"class_list":{"0":"post-6067","1":"post","2":"type-post","3":"status-publish","4":"format-standard","6":"category-wanderlust"},"_links":{"self":[{"href":"https:\/\/www.brige.ch\/index.php?rest_route=\/wp\/v2\/posts\/6067","targetHints":{"allow":["GET"]}}],"collection":[{"href":"https:\/\/www.brige.ch\/index.php?rest_route=\/wp\/v2\/posts"}],"about":[{"href":"https:\/\/www.brige.ch\/index.php?rest_route=\/wp\/v2\/types\/post"}],"author":[{"embeddable":true,"href":"https:\/\/www.brige.ch\/index.php?rest_route=\/wp\/v2\/users\/4"}],"replies":[{"embeddable":true,"href":"https:\/\/www.brige.ch\/index.php?rest_route=%2Fwp%2Fv2%2Fcomments&post=6067"}],"version-history":[{"count":16,"href":"https:\/\/www.brige.ch\/index.php?rest_route=\/wp\/v2\/posts\/6067\/revisions"}],"predecessor-version":[{"id":12058,"href":"https:\/\/www.brige.ch\/index.php?rest_route=\/wp\/v2\/posts\/6067\/revisions\/12058"}],"wp:attachment":[{"href":"https:\/\/www.brige.ch\/index.php?rest_route=%2Fwp%2Fv2%2Fmedia&parent=6067"}],"wp:term":[{"taxonomy":"category","embeddable":true,"href":"https:\/\/www.brige.ch\/index.php?rest_route=%2Fwp%2Fv2%2Fcategories&post=6067"},{"taxonomy":"post_tag","embeddable":true,"href":"https:\/\/www.brige.ch\/index.php?rest_route=%2Fwp%2Fv2%2Ftags&post=6067"}],"curies":[{"name":"wp","href":"https:\/\/api.w.org\/{rel}","templated":true}]}}