{"id":8244,"date":"2013-08-17T19:19:31","date_gmt":"2013-08-17T17:19:31","guid":{"rendered":"http:\/\/www.brige.cyon.site\/?p=8244"},"modified":"2024-10-26T09:45:46","modified_gmt":"2024-10-26T07:45:46","slug":"auf-dem-uetliberg","status":"publish","type":"post","link":"https:\/\/www.brige.ch\/?p=8244","title":{"rendered":"Auf dem Uetliberg"},"content":{"rendered":"<p>Meine Schwester M. war noch nie auf dem Uetliberg. Das wollen wir heute \u00e4ndern und unternehmen deshalb mit ihr eine gem\u00fctliche Tour \u00fcber den Albis zum T\u00fcrlersee. Zusammen mit gef\u00fchlten tausend Rekruten nehmen wir um acht Uhr den Zug in Brugg und steigen in Z\u00fcrich um auf die SZU (Sihltal Z\u00fcrich Uetliberg Bahn), die erstaunlich leer ist. Und kurz vor neun Uhr wandern wir auf dem Uetliberg los.<\/p>\n<p>Die ersten beiden Restaurants lassen wir links (beziehungsweise rechts) liegen, ebenso den Aussichtsturm. Es ist kaum neun Uhr, aber die Sonne brennt schon auf den Kulm wie im Hochsommer. Da sind wir froh, verl\u00e4uft der Gratweg gr\u00f6sstenteils im schattigen Wald. Schon bald genehmigen wir uns im Bergrestaurant Uto Staffel Kaffee und Gipfeli und geniessen den Blick Richtung Z\u00fcrich.<\/p>\n<p>Ein paar Wanderer und Mountainbiker verbringen den sch\u00f6nen Morgen ebenfalls auf der Albiskette, aber eigentlich sind wenig Leute unterwegs. Nur auf der Felseneggterrasse herrscht Hochbetrieb, obwohl das Restaurant dort nach wie vor erst um elf Uhr \u00f6ffnet, was ein Skandal ist, wie ich finde. Bei dem Wirt essen wir sicher nichts. \ud83d\ude09<\/p>\n<p>Auch an der Buchenegg marschieren wir vorbei, obwohl beide Restaurants verlockend aussehen. Christof hat aber f\u00fcr das Mittagessen das <a href=\"http:\/\/www.albishaus.ch\/\" target=\"_blank\" rel=\"noopener\">Albishaus<\/a> auserkoren, und das Restaurant ist ein Volltreffer: wunderbar am Waldrand gelegen mit toller Aussicht, einem sch\u00f6nen Garten, feiner K\u00fcche und perfekter Bedientung. Inzwischen sind wir nat\u00fcrlich auch hungrig geworden, und ich g\u00f6nne mir das Glac\u00e9 gleich hier zum Dessert anstatt sp\u00e4ter vom Bahnhofkiosk. Den Espresso bekommen wir vom Herrn am Nachbartisch spendiert, weil wir \u00abso freundliche Leute\u00bb sind. So etwas ist uns ewig nicht mehr passiert!<\/p>\n<img loading=\"lazy\" decoding=\"async\" src=\"http:\/\/www.brige.ch\/images_13\/tuerlersee.jpg\" alt=\"T\u00fcrlersee\" width=\"540\" height=\"405\" class=\"alignnone size-full wp-image-8247\" \/>\n<p>Frisch gest\u00e4rkt geht es nun hinunter zum T\u00fcrlersee; an dem war ich auch noch nie. Auf dem Campingplatz brummt es, aber wir marschieren weiter durch das Naturschutzgebiet rund um den kleinen See. Hier wir gebr\u00e4telt und gebadet, es ist sehr idyllisch. M. und ich w\u00fcrden am liebsten in den See springen, so heiss ist es inwzwischen geworden, aber das Badekleid haben wir nicht dabei. Also wandern wir weiter zu unserem Ziel in Habersaat. Von dort geht es mit Postauto, Bus und Zug via Reppitschtal, Triemli und Altstetten zur\u00fcck nach Hause. Sch\u00f6n war das!<\/p>\n","protected":false},"excerpt":{"rendered":"<p>Meine Schwester M. war noch nie auf dem Uetliberg. Das wollen wir heute \u00e4ndern und unternehmen deshalb mit ihr eine gem\u00fctliche Tour \u00fcber den Albis zum T\u00fcrlersee. Zusammen mit gef\u00fchlten tausend Rekruten nehmen wir um acht Uhr den Zug in Brugg und steigen in Z\u00fcrich um auf die SZU (Sihltal Z\u00fcrich Uetliberg Bahn), die erstaunlich [&hellip;]<\/p>\n","protected":false},"author":3,"featured_media":0,"comment_status":"open","ping_status":"open","sticky":false,"template":"","format":"standard","meta":{"footnotes":""},"categories":[18],"tags":[],"class_list":{"0":"post-8244","1":"post","2":"type-post","3":"status-publish","4":"format-standard","6":"category-wanderlust"},"_links":{"self":[{"href":"https:\/\/www.brige.ch\/index.php?rest_route=\/wp\/v2\/posts\/8244","targetHints":{"allow":["GET"]}}],"collection":[{"href":"https:\/\/www.brige.ch\/index.php?rest_route=\/wp\/v2\/posts"}],"about":[{"href":"https:\/\/www.brige.ch\/index.php?rest_route=\/wp\/v2\/types\/post"}],"author":[{"embeddable":true,"href":"https:\/\/www.brige.ch\/index.php?rest_route=\/wp\/v2\/users\/3"}],"replies":[{"embeddable":true,"href":"https:\/\/www.brige.ch\/index.php?rest_route=%2Fwp%2Fv2%2Fcomments&post=8244"}],"version-history":[{"count":4,"href":"https:\/\/www.brige.ch\/index.php?rest_route=\/wp\/v2\/posts\/8244\/revisions"}],"predecessor-version":[{"id":11848,"href":"https:\/\/www.brige.ch\/index.php?rest_route=\/wp\/v2\/posts\/8244\/revisions\/11848"}],"wp:attachment":[{"href":"https:\/\/www.brige.ch\/index.php?rest_route=%2Fwp%2Fv2%2Fmedia&parent=8244"}],"wp:term":[{"taxonomy":"category","embeddable":true,"href":"https:\/\/www.brige.ch\/index.php?rest_route=%2Fwp%2Fv2%2Fcategories&post=8244"},{"taxonomy":"post_tag","embeddable":true,"href":"https:\/\/www.brige.ch\/index.php?rest_route=%2Fwp%2Fv2%2Ftags&post=8244"}],"curies":[{"name":"wp","href":"https:\/\/api.w.org\/{rel}","templated":true}]}}