{"id":8302,"date":"2013-09-02T22:00:10","date_gmt":"2013-09-02T20:00:10","guid":{"rendered":"http:\/\/www.brige.cyon.site\/?p=8302"},"modified":"2024-10-26T09:45:46","modified_gmt":"2024-10-26T07:45:46","slug":"westerwaldsteig-tag-1-herborn-die-fachwerkperle-an-der-dill","status":"publish","type":"post","link":"https:\/\/www.brige.ch\/?p=8302","title":{"rendered":"Westerwaldsteig Tag 1:  Herborn, die Fachwerkperle an der Dill"},"content":{"rendered":"<p>Wir reisen mit der Bahn zum Ausgangspunkt unserer Wandertour. Zuerst geht es nach Basel und dann mit dem ICE nach Frankfurt am Main. Wir sitzen zwar in einem Ruhewagen der ersten Klasse, aber mit der Ruhe ist es nicht sehr weit her. Hinter uns quasselt ein altes spanisches Ehepaar ohne Punkt und Komma, vor uns unterhalten sich Kinder im sehr lauten Fl\u00fcsterton und schr\u00e4g vor uns rotzt ein Gr\u00fcsel vor sich hin. Bei jedem Halt meinen ein paar Zugestiegene, sie bef\u00e4nden sich im Wagen elf, obwohl aussen zw\u00f6lf angeschrieben steht. Das Bordrestaurant ist auch defekt, aber das erw\u00e4hne ich nur der Vollst\u00e4ndigkeit halber.<\/p>\n<p>In Frankfurt steigen wir um in den Regionalexpress nach Singen. Kurz vor Giessen kommt die Durchsage, dass der Zug geteilt wird und nur die hintere H\u00e4lfte weiterf\u00e4hrt. Zum Gl\u00fcck sitzen wir bereits im hinteren Teil. In Herborn steigen wir aus und marschieren mit unserem Gep\u00e4ck im Schlepptau rund einen halben Kilometer zum Schlosshotel. Es sieht nicht aus wie ein Schloss, aber es steht unterhalb des Herborner Schlosses im Stadtzentrum.<\/p>\n<p>Die Altstadt von <a href=\"http:\/\/www.herborn.de\/de\/\" target=\"_blank\" rel=\"noopener\">Herborn<\/a> ist ausgesprochen h\u00fcbsch mit den viele Fachwerkh\u00e4usern und dem gem\u00fctlichen Marktplatz, wo der Westerwaldsteig offiziell beginnt. Schon bald sitzen wir bei Kuchen und Kaffee in einem Gartenrestaurant. Sp\u00e4ter kaufen wir uns noch das N\u00f6tigste f\u00fcr die Wanderung. Mir geht die Sonnencr\u00e8me bald aus, und wenn man dem Wetterbericht glaubt, braucht man die in den n\u00e4chsten Tagen! Essen tun wir sp\u00e4ter in der Hohen Schule, einem historischen Geb\u00e4ude mit Museum, und zwar ausgezeichnet. Dann ziehen wir uns ins Hotelzimmer zur\u00fcck und schauen Wahldebatten.<\/p>\n","protected":false},"excerpt":{"rendered":"<p>Wir reisen mit der Bahn zum Ausgangspunkt unserer Wandertour. Zuerst geht es nach Basel und dann mit dem ICE nach Frankfurt am Main. Wir sitzen zwar in einem Ruhewagen der ersten Klasse, aber mit der Ruhe ist es nicht sehr weit her. Hinter uns quasselt ein altes spanisches Ehepaar ohne Punkt und Komma, vor uns [&hellip;]<\/p>\n","protected":false},"author":3,"featured_media":0,"comment_status":"open","ping_status":"open","sticky":false,"template":"","format":"standard","meta":{"footnotes":""},"categories":[18],"tags":[45],"class_list":{"0":"post-8302","1":"post","2":"type-post","3":"status-publish","4":"format-standard","6":"category-wanderlust","7":"tag-westerwaldsteig"},"_links":{"self":[{"href":"https:\/\/www.brige.ch\/index.php?rest_route=\/wp\/v2\/posts\/8302","targetHints":{"allow":["GET"]}}],"collection":[{"href":"https:\/\/www.brige.ch\/index.php?rest_route=\/wp\/v2\/posts"}],"about":[{"href":"https:\/\/www.brige.ch\/index.php?rest_route=\/wp\/v2\/types\/post"}],"author":[{"embeddable":true,"href":"https:\/\/www.brige.ch\/index.php?rest_route=\/wp\/v2\/users\/3"}],"replies":[{"embeddable":true,"href":"https:\/\/www.brige.ch\/index.php?rest_route=%2Fwp%2Fv2%2Fcomments&post=8302"}],"version-history":[{"count":4,"href":"https:\/\/www.brige.ch\/index.php?rest_route=\/wp\/v2\/posts\/8302\/revisions"}],"predecessor-version":[{"id":11842,"href":"https:\/\/www.brige.ch\/index.php?rest_route=\/wp\/v2\/posts\/8302\/revisions\/11842"}],"wp:attachment":[{"href":"https:\/\/www.brige.ch\/index.php?rest_route=%2Fwp%2Fv2%2Fmedia&parent=8302"}],"wp:term":[{"taxonomy":"category","embeddable":true,"href":"https:\/\/www.brige.ch\/index.php?rest_route=%2Fwp%2Fv2%2Fcategories&post=8302"},{"taxonomy":"post_tag","embeddable":true,"href":"https:\/\/www.brige.ch\/index.php?rest_route=%2Fwp%2Fv2%2Ftags&post=8302"}],"curies":[{"name":"wp","href":"https:\/\/api.w.org\/{rel}","templated":true}]}}