{"id":8809,"date":"2014-09-11T20:00:01","date_gmt":"2014-09-11T18:00:01","guid":{"rendered":"http:\/\/www.brige.cyon.site\/?p=8809"},"modified":"2024-10-26T09:45:45","modified_gmt":"2024-10-26T07:45:45","slug":"saar-hunsrueck-steig-tag-12-von-trier-nach-brugg","status":"publish","type":"post","link":"https:\/\/www.brige.ch\/?p=8809","title":{"rendered":"Saar-Hunsr\u00fcck-Steig Tag 12: von Trier nach Brugg"},"content":{"rendered":"<p>Der letzte Tag ist schnell erz\u00e4hlt. Abfahrt in Trier Hbf um 08:31, umsteigen in Mannheim, umsteigen in Basel, Ankunft in Brugg um 14:57. Der <a href=\"http:\/\/zeise.cc\/?artikel=5821\" target=\"_blank\" rel=\"noopener\">Mosel-Pfalz-Express<\/a> f\u00fchrt uns auf dem Streckenabschnitt zwischen Trier und Mannheim zu Beginn nochmals an die Saar, wo wir die ersten Tage gewandert sind. Sch\u00f6n, die Gegend auch einmal aus einer anderen Perspektive wahrzunehmen. Im ICE ab Mannheim g\u00f6nnen wir uns Chili con carne am Platz. Das st\u00e4rkt uns f\u00fcr die Post- und W\u00e4scheberge, die zuhause bew\u00e4ltigt werden m\u00fcssen.<\/p>\n<p>Hinter uns liegen 4.60 Meter Wanderung im Saarland und in Rheinland-Pfalz, so lange jedenfalls ist der ungefaltete <a href=\"http:\/\/www.publicpress.de\/wanderkarten\/fernwanderweg\/saar-hunsruck-steig.html\" target=\"_blank\" rel=\"noopener\">Leporello<\/a> mit der Wanderwegbeschreibung. Hinter uns liegen aber vor allem neun sch\u00f6ne Tage bei bestem Wanderwetter!<\/p>\n<img loading=\"lazy\" decoding=\"async\" src=\"http:\/\/www.brige.ch\/images_14\/P1050645-leporello.jpg\" alt=\"P1050645-leporello\" width=\"540\" height=\"1565\" class=\"aligncenter size-full wp-image-8810\" srcset=\"https:\/\/www.brige.ch\/wp-content\/uploads\/P1050645-leporello.jpg 540w, https:\/\/www.brige.ch\/wp-content\/uploads\/P1050645-leporello-353x1024.jpg 353w\" sizes=\"auto, (max-width: 540px) 100vw, 540px\" \/>\n","protected":false},"excerpt":{"rendered":"<p>Der letzte Tag ist schnell erz\u00e4hlt. Abfahrt in Trier Hbf um 08:31, umsteigen in Mannheim, umsteigen in Basel, Ankunft in Brugg um 14:57. Der Mosel-Pfalz-Express f\u00fchrt uns auf dem Streckenabschnitt zwischen Trier und Mannheim zu Beginn nochmals an die Saar, wo wir die ersten Tage gewandert sind. Sch\u00f6n, die Gegend auch einmal aus einer anderen [&hellip;]<\/p>\n","protected":false},"author":4,"featured_media":0,"comment_status":"open","ping_status":"open","sticky":false,"template":"","format":"standard","meta":{"footnotes":""},"categories":[18],"tags":[47],"class_list":{"0":"post-8809","1":"post","2":"type-post","3":"status-publish","4":"format-standard","6":"category-wanderlust","7":"tag-saarhunsruecksteig"},"_links":{"self":[{"href":"https:\/\/www.brige.ch\/index.php?rest_route=\/wp\/v2\/posts\/8809","targetHints":{"allow":["GET"]}}],"collection":[{"href":"https:\/\/www.brige.ch\/index.php?rest_route=\/wp\/v2\/posts"}],"about":[{"href":"https:\/\/www.brige.ch\/index.php?rest_route=\/wp\/v2\/types\/post"}],"author":[{"embeddable":true,"href":"https:\/\/www.brige.ch\/index.php?rest_route=\/wp\/v2\/users\/4"}],"replies":[{"embeddable":true,"href":"https:\/\/www.brige.ch\/index.php?rest_route=%2Fwp%2Fv2%2Fcomments&post=8809"}],"version-history":[{"count":6,"href":"https:\/\/www.brige.ch\/index.php?rest_route=\/wp\/v2\/posts\/8809\/revisions"}],"predecessor-version":[{"id":11811,"href":"https:\/\/www.brige.ch\/index.php?rest_route=\/wp\/v2\/posts\/8809\/revisions\/11811"}],"wp:attachment":[{"href":"https:\/\/www.brige.ch\/index.php?rest_route=%2Fwp%2Fv2%2Fmedia&parent=8809"}],"wp:term":[{"taxonomy":"category","embeddable":true,"href":"https:\/\/www.brige.ch\/index.php?rest_route=%2Fwp%2Fv2%2Fcategories&post=8809"},{"taxonomy":"post_tag","embeddable":true,"href":"https:\/\/www.brige.ch\/index.php?rest_route=%2Fwp%2Fv2%2Ftags&post=8809"}],"curies":[{"name":"wp","href":"https:\/\/api.w.org\/{rel}","templated":true}]}}