{"id":9182,"date":"2015-09-21T20:15:43","date_gmt":"2015-09-21T18:15:43","guid":{"rendered":"http:\/\/www.brige.cyon.site\/?p=9182"},"modified":"2024-10-26T09:45:45","modified_gmt":"2024-10-26T07:45:45","slug":"etzel","status":"publish","type":"post","link":"https:\/\/www.brige.ch\/?p=9182","title":{"rendered":"Endlich auf dem Etzel"},"content":{"rendered":"<p>Nachdem wir in unserem Leben bis heute sicher gef\u00fchlte 1000 Mal an ihm vorbeigefahren sind auf dem Weg ins oder vom B\u00fcndnerland, wollten wir ihn endlich erklimmen, den Etzel! Mit der S25 ging&#8217;s nach Pf\u00e4ffikon SZ, wo uns der Wegweiser 2 Stunden 15 Minuten Aufstieg androhte. Pf\u00e4ffikon liessen wir schnell hinter uns, wir \u00fcberquerten die Autobahn, stiegen \u00fcber Luegeten und die Schn\u00e4ggeburg immer h\u00f6her und stiessen im Strickliwald auf eine Tafel, die uns \u00ab573 Tritte\u00bb hoch zum Etzel versprach. Der Pfad stieg im nebligen Wald steil nach oben, wir schwitzten und schnaubten wie Pferde. <\/p>\n<p>Langsam klarte auch das Gemisch aus Nebel und Bew\u00f6lkung auf und oben beim Berggasthaus Etzel Kulm war es einfach phantastisch!<\/p>\n<div id=\"attachment_9183\" style=\"width: 560px\" class=\"wp-caption alignnone\"><a href=\"http:\/\/www.brige.ch\/images_15\/20150921_1600jpg.jpg\" target=\"_blank\" rel=\"noopener\"><img loading=\"lazy\" decoding=\"async\" aria-describedby=\"caption-attachment-9183\" src=\"http:\/\/www.brige.ch\/images_15\/20150921_550e.jpg\" alt=\"Ausblick von der Terrasse (klicken zum Vergr\u00f6ssern)\" width=\"550\" height=\"309\" class=\"size-full wp-image-9183\" \/><\/a><p id=\"caption-attachment-9183\" class=\"wp-caption-text\">Etzel Kulm; Ausblick von der Terrasse (klicken zum Vergr\u00f6ssern)<\/p><\/div>\n<p>Weil wir so z\u00fcgig unterwegs hochgestiegen sind, gab es nur etwas zu Trinken und f\u00fcr Brige einen Zuckerschub in Form eines Nussgipfels und f\u00fcr mich ein <a href=\"http:\/\/www.conditorei.ch\/shop\/produkte_detail.asp?seiid=4&#038;Path=14;62&#038;said=374\" target=\"_blank\" rel=\"noopener\">Muotathaler H\u00f6lloch-Chr\u00e4pfli<\/a> der Conditorei Schelbert. Das l\u00e4uft unter \u00abTischwaren\u00bb und kostet Fr. 2.60. Gest\u00e4rkt nahmen wir den Abstieg unter die F\u00fcsse, wo wir etwa eine Stunde sp\u00e4ter das Restaurant B\u00fcel erreichten. Dessen Tafel \u00abWildspezialit\u00e4ten aus Schwyzer Jagd\u00bb konnten wir nicht widerstehen.<\/p>\n<div id=\"attachment_9187\" style=\"width: 560px\" class=\"wp-caption alignnone\"><a href=\"http:\/\/www.brige.ch\/images_15\/20150921_essen.jpg\"><img loading=\"lazy\" decoding=\"async\" aria-describedby=\"caption-attachment-9187\" src=\"http:\/\/www.brige.ch\/images_15\/20150921_essen.jpg\" alt=\"Links: Tischwaren = Chr\u00e4pfli; rechts: das Mittagessen\" width=\"550\" height=\"620\" class=\"size-full wp-image-9187\" \/><\/a><p id=\"caption-attachment-9187\" class=\"wp-caption-text\">Links: Tischwaren = Chr\u00e4pfli; rechts: das Mittagessen<\/p><\/div>\n<p>Also bestellten wir die in der Karte extra aufgef\u00fchrte kleine Portion Gams-Schnitzel und f\u00fcr mich einen kleinen Teller Wild-Geschnetzeltes. Brige erhielt f\u00fcnf Schnitzeli und ich diesen Teller:<\/p>\n<div id=\"attachment_9188\" style=\"width: 560px\" class=\"wp-caption alignnone\"><a href=\"http:\/\/www.brige.ch\/images_15\/20150921_550.jpg\"><img loading=\"lazy\" decoding=\"async\" aria-describedby=\"caption-attachment-9188\" src=\"http:\/\/www.brige.ch\/images_15\/20150921_550.jpg\" alt=\"S\u00fcttig heiss und fein!\" width=\"550\" height=\"484\" class=\"size-full wp-image-9188\" \/><\/a><p id=\"caption-attachment-9188\" class=\"wp-caption-text\">S\u00fcttig heiss und fein! Links oben ein \u00d6pfelch\u00fcechli.<\/p><\/div>\n<p>Das war also alles ganz ausgezeichnet.<\/p>\n","protected":false},"excerpt":{"rendered":"<p>Nachdem wir in unserem Leben bis heute sicher gef\u00fchlte 1000 Mal an ihm vorbeigefahren sind auf dem Weg ins oder vom B\u00fcndnerland, wollten wir ihn endlich erklimmen, den Etzel! Mit der S25 ging&#8217;s nach Pf\u00e4ffikon SZ, wo uns der Wegweiser 2 Stunden 15 Minuten Aufstieg androhte. Pf\u00e4ffikon liessen wir schnell hinter uns, wir \u00fcberquerten die [&hellip;]<\/p>\n","protected":false},"author":4,"featured_media":0,"comment_status":"open","ping_status":"open","sticky":false,"template":"","format":"standard","meta":{"footnotes":""},"categories":[18],"tags":[],"class_list":{"0":"post-9182","1":"post","2":"type-post","3":"status-publish","4":"format-standard","6":"category-wanderlust"},"_links":{"self":[{"href":"https:\/\/www.brige.ch\/index.php?rest_route=\/wp\/v2\/posts\/9182","targetHints":{"allow":["GET"]}}],"collection":[{"href":"https:\/\/www.brige.ch\/index.php?rest_route=\/wp\/v2\/posts"}],"about":[{"href":"https:\/\/www.brige.ch\/index.php?rest_route=\/wp\/v2\/types\/post"}],"author":[{"embeddable":true,"href":"https:\/\/www.brige.ch\/index.php?rest_route=\/wp\/v2\/users\/4"}],"replies":[{"embeddable":true,"href":"https:\/\/www.brige.ch\/index.php?rest_route=%2Fwp%2Fv2%2Fcomments&post=9182"}],"version-history":[{"count":7,"href":"https:\/\/www.brige.ch\/index.php?rest_route=\/wp\/v2\/posts\/9182\/revisions"}],"predecessor-version":[{"id":11793,"href":"https:\/\/www.brige.ch\/index.php?rest_route=\/wp\/v2\/posts\/9182\/revisions\/11793"}],"wp:attachment":[{"href":"https:\/\/www.brige.ch\/index.php?rest_route=%2Fwp%2Fv2%2Fmedia&parent=9182"}],"wp:term":[{"taxonomy":"category","embeddable":true,"href":"https:\/\/www.brige.ch\/index.php?rest_route=%2Fwp%2Fv2%2Fcategories&post=9182"},{"taxonomy":"post_tag","embeddable":true,"href":"https:\/\/www.brige.ch\/index.php?rest_route=%2Fwp%2Fv2%2Ftags&post=9182"}],"curies":[{"name":"wp","href":"https:\/\/api.w.org\/{rel}","templated":true}]}}