{"id":9355,"date":"2016-10-21T17:36:06","date_gmt":"2016-10-21T15:36:06","guid":{"rendered":"http:\/\/www.brige.cyon.site\/?p=9355"},"modified":"2024-10-26T09:45:45","modified_gmt":"2024-10-26T07:45:45","slug":"packung-und-verpflegung","status":"publish","type":"post","link":"https:\/\/www.brige.ch\/?p=9355","title":{"rendered":"Packung und Verpflegung"},"content":{"rendered":"<p>Was in meinem Rucksack alles drin ist? Bitte sehr, hier meine Packung:<\/p>\n<div id=\"attachment_9356\" style=\"width: 550px\" class=\"wp-caption alignnone\"><a href=\"http:\/\/www.brige.ch\/images_15\/packung1200.jpg\" target=\"_blank\" rel=\"noopener\"><img loading=\"lazy\" decoding=\"async\" aria-describedby=\"caption-attachment-9356\" src=\"http:\/\/www.brige.ch\/images_15\/packung540.jpg\" alt=\"Das ist alles drin (auf das Bild klicken zum Vergr\u00f6ssern).\" width=\"540\" height=\"441\" class=\"size-full wp-image-9356\" \/><\/a><p id=\"caption-attachment-9356\" class=\"wp-caption-text\">Das ist alles drin (auf das Bild klicken zum Vergr\u00f6ssern).<\/p><\/div>\n<p>Von links oben nach rechts unten:<\/p>\n<ul>\n<li>Karte 1:20&#8217;000 (die trage ich zwar fast immer in der Kartentasche am rechten Hosenbein).<\/li>\n<li>Handy<\/li>\n<li>Sitzkissen, zusammengerollt, in gelber H\u00fclle. F\u00fcllt sich selber mit Luft, isoliert super, und man sitzt im Trockenen.<\/li>\n<li>Feldstecher<\/li>\n<li>Neoprenh\u00fclle f\u00fcr Digitalkamera<\/li>\n<li>Reservewasser, 0.5 Liter<\/li>\n<li>Tourb\u00fcchlein zum Neckarsteig<\/li>\n<li>Sackmesser <a href=\"https:\/\/www.victorinox.com\/global\/en\/Products\/Swiss-Army-Knives\/Large-Pocket-Knives\/Outrider\/p\/0.9023\" target=\"_blank\" rel=\"noopener\">Victorinox Outrider<\/a><\/li>\n<li>Papiertaschent\u00fccher<\/li>\n<li>Portemonnaie<\/li>\n<li>Regenhose<\/li>\n<li>ZipLock-Beutel f\u00fcr die Sandwiches<\/li>\n<li>Taschenschirm<\/li>\n<li>Trinkflasche <a href=\"http:\/\/www.camelbak.com\/de\/Canada\/Sports-Recreation\/Bottles\/eddy-75L.aspx\" target=\"_blank\" rel=\"noopener\">Camelbak Eddy<\/a>, 0.75 Liter<\/li>\n<\/ul>\n<p>Das alles und die Verpflegung kommen in den Rucksack rechts aussen. Ah ja, die typische Tagesverpflegung:<\/p>\n<div id=\"attachment_9369\" style=\"width: 550px\" class=\"wp-caption alignnone\"><a href=\"http:\/\/www.brige.ch\/images_15\/lunch1200.jpg\" target=\"_blank\" rel=\"noopener\"><img loading=\"lazy\" decoding=\"async\" aria-describedby=\"caption-attachment-9369\" src=\"http:\/\/www.brige.ch\/images_15\/lunch540.jpg\" alt=\"Die Tagesration (auf das Bild klicken zum Vergr\u00f6ssern).\" width=\"540\" height=\"380\" class=\"size-full wp-image-9369\" \/><\/a><p id=\"caption-attachment-9369\" class=\"wp-caption-text\">Die Tagesration (auf das Bild klicken zum Vergr\u00f6ssern).<\/p><\/div>\n<ul>\n<li>Sandwich (im ZipLock-Beutel) f\u00fcr die erste Pause<\/li>\n<li>Sandwich (im ZipLock-Beutel) f\u00fcr die zweite Pause<\/li>\n<li>Wasser f\u00fcr die erste Pause<\/li>\n<li>Wasser f\u00fcr die zweite Pause<\/li>\n<li>Apfel (manchmal grausam sauer)<\/li>\n<li>Ein Packung Wesergold (0,2 Liter Apfelsaft; damit das Wasser oben auch nach etwas schmeckt)<\/li>\n<li>Leibniz <a href=\"http:\/\/www.pickup.de\/\" target=\"_blank\" rel=\"noopener\">PickUp<\/a> Schoko-Riegel<\/li>\n<\/ul>\n<p>So, das w\u00e4rs&#8217;s.<\/p>\n","protected":false},"excerpt":{"rendered":"<p>Was in meinem Rucksack alles drin ist? Bitte sehr, hier meine Packung: Von links oben nach rechts unten: Karte 1:20&#8217;000 (die trage ich zwar fast immer in der Kartentasche am rechten Hosenbein). Handy Sitzkissen, zusammengerollt, in gelber H\u00fclle. F\u00fcllt sich selber mit Luft, isoliert super, und man sitzt im Trockenen. Feldstecher Neoprenh\u00fclle f\u00fcr Digitalkamera Reservewasser, [&hellip;]<\/p>\n","protected":false},"author":4,"featured_media":0,"comment_status":"open","ping_status":"open","sticky":false,"template":"","format":"standard","meta":{"footnotes":""},"categories":[18],"tags":[51],"class_list":{"0":"post-9355","1":"post","2":"type-post","3":"status-publish","4":"format-standard","6":"category-wanderlust","7":"tag-neckarsteig"},"_links":{"self":[{"href":"https:\/\/www.brige.ch\/index.php?rest_route=\/wp\/v2\/posts\/9355","targetHints":{"allow":["GET"]}}],"collection":[{"href":"https:\/\/www.brige.ch\/index.php?rest_route=\/wp\/v2\/posts"}],"about":[{"href":"https:\/\/www.brige.ch\/index.php?rest_route=\/wp\/v2\/types\/post"}],"author":[{"embeddable":true,"href":"https:\/\/www.brige.ch\/index.php?rest_route=\/wp\/v2\/users\/4"}],"replies":[{"embeddable":true,"href":"https:\/\/www.brige.ch\/index.php?rest_route=%2Fwp%2Fv2%2Fcomments&post=9355"}],"version-history":[{"count":10,"href":"https:\/\/www.brige.ch\/index.php?rest_route=\/wp\/v2\/posts\/9355\/revisions"}],"predecessor-version":[{"id":11779,"href":"https:\/\/www.brige.ch\/index.php?rest_route=\/wp\/v2\/posts\/9355\/revisions\/11779"}],"wp:attachment":[{"href":"https:\/\/www.brige.ch\/index.php?rest_route=%2Fwp%2Fv2%2Fmedia&parent=9355"}],"wp:term":[{"taxonomy":"category","embeddable":true,"href":"https:\/\/www.brige.ch\/index.php?rest_route=%2Fwp%2Fv2%2Fcategories&post=9355"},{"taxonomy":"post_tag","embeddable":true,"href":"https:\/\/www.brige.ch\/index.php?rest_route=%2Fwp%2Fv2%2Ftags&post=9355"}],"curies":[{"name":"wp","href":"https:\/\/api.w.org\/{rel}","templated":true}]}}